{"id":35498,"date":"2023-01-18T17:17:30","date_gmt":"2023-01-18T20:17:30","guid":{"rendered":"https:\/\/www.coopatrigo.com.br\/novo\/?p=35498"},"modified":"2023-01-18T17:17:30","modified_gmt":"2023-01-18T20:17:30","slug":"segundo-ano-de-estiagem-preocupa-cooperativas-agropecuarias-gauchas","status":"publish","type":"post","link":"https:\/\/www.coopatrigo.com.br\/novo\/2023\/01\/18\/segundo-ano-de-estiagem-preocupa-cooperativas-agropecuarias-gauchas\/","title":{"rendered":"Segundo ano de estiagem preocupa cooperativas agropecu\u00e1rias ga\u00fachas"},"content":{"rendered":"<div id=\"dslc-main\">\n\t\t<div  class=\"dslc-modules-section \" style=\"padding-bottom:30px;padding-top:30px;background-color:#16452c;background-image:url(https:\/\/www.coopatrigo.com.br\/novo\/wp-content\/uploads\/2021\/02\/bg.png);background-position:center center;\" data-section-id=\"74a23622ed4\">\n\t\t\t\t\n\t\t\t\t\n\t\t\t\t<div class=\"dslc-modules-section-wrapper dslc-clearfix\"><div class=\"dslc-modules-area dslc-col dslc-12-col dslc-last-col dslc-valign- \" data-size=\"12\" data-valign=\"\">\n\t\t<div id=\"dslc-module-24\" class=\"dslc-module-front dslc-module-DSLC_TP_Title dslc-in-viewport-check dslc-in-viewport-anim-none  dslc-col dslc-12-col dslc-last-col  dslc-module-handle-like-regular \" data-module-id=\"24\" data-module=\"DSLC_TP_Title\" data-dslc-module-size=\"12\" data-dslc-anim=\"none\" data-dslc-anim-delay=\"\" data-dslc-anim-duration=\"650\"  data-dslc-anim-easing=\"ease\" data-dslc-preset=\"none\" >\n\n\t\t\t\n\t\t\t\n\t\t\r\n\t\t\t\t<div class=\"dslc-tp-title\"><h1>Segundo ano de estiagem preocupa cooperativas agropecu\u00e1rias ga\u00fachas<\/h1><\/div>\r\n\r\n\t\t\t\n\t\t\t\t<\/div><!-- .dslc-module -->\n\t\t\n\t\t<div id=\"dslc-module-25\" class=\"dslc-module-front dslc-module-DSLC_TP_Meta dslc-in-viewport-check dslc-in-viewport-anim-none  dslc-col dslc-12-col dslc-last-col  dslc-module-handle-like-regular \" data-module-id=\"25\" data-module=\"DSLC_TP_Meta\" data-dslc-module-size=\"12\" data-dslc-anim=\"none\" data-dslc-anim-delay=\"\" data-dslc-anim-duration=\"650\"  data-dslc-anim-easing=\"ease\" data-dslc-preset=\"none\" >\n\n\t\t\t\n\t\t\t\n\t\t\r\n\t\t\t\t<div class=\"dslc-tp-meta dslc-tp-meta-horizontal\">\r\n\t\t\t\t\t<ul class=\"dslc-clearfix\">\r\n\r\n\t\t\t\t\t\t\t\t\t\t\t\t\t<li>18 de janeiro de 2023<\/li>\r\n\t\t\t\t\t\t\r\n\t\t\t\t\t\t\r\n\t\t\t\t\t\t\r\n\t\t\t\t\t\t\r\n\t\t\t\t\t\t\r\n\t\t\t\t\t<\/ul>\r\n\t\t\t\t<\/div>\r\n\r\n\t\t\t\n\t\t\t\t<\/div><!-- .dslc-module -->\n\t\t<\/div><\/div><\/div>\n\t\t<div  class=\"dslc-modules-section \" style=\"padding-bottom:30px;padding-top:30px;background-color:rgba(230, 230, 230, 0);border-color:rgb(230, 230, 230);border-top-style: hidden; border-right-style: hidden; border-bottom-style: hidden; border-left-style: hidden; \" data-section-id=\"2b557989cda\">\n\t\t\t\t\n\t\t\t\t\n\t\t\t\t<div class=\"dslc-modules-section-wrapper dslc-clearfix\"><div class=\"dslc-modules-area dslc-col dslc-1-col dslc-first-col dslc-valign-undefined \" data-size=\"1\" data-valign=\"undefined\"><\/div><div class=\"dslc-modules-area dslc-col dslc-10-col  dslc-valign- \" data-size=\"10\" data-valign=\"\">\n\t\t<div id=\"dslc-module-a7d04abcf7f\" class=\"dslc-module-front dslc-module-DSLC_TP_Thumbnail dslc-in-viewport-check dslc-in-viewport-anim-none  dslc-col dslc-12-col dslc-last-col  dslc-module-handle-like-regular \" data-module-id=\"a7d04abcf7f\" data-module=\"DSLC_TP_Thumbnail\" data-dslc-module-size=\"12\" data-dslc-anim=\"none\" data-dslc-anim-delay=\"\" data-dslc-anim-duration=\"650\"  data-dslc-anim-easing=\"ease\" data-dslc-preset=\"none\" >\n\n\t\t\t\n\t\t\t\n\t\t\r\n\t\t\t<div class=\"dslc-tp-thumbnail\">\r\n\t\t\t\t\t\t\t\t\t\t\t\t\t\t\t<img width=\"2500\" height=\"1700\" src=\"https:\/\/www.coopatrigo.com.br\/novo\/wp-content\/uploads\/2023\/01\/Milho-Seco-Estiagem-Credito-Divulgacao.jpg\" class=\"attachment-full size-full wp-post-image\" alt=\"\" title=\"Milho Seco Estiagem &#8211; Cr\u00e9dito Divulga\u00e7\u00e3o\" srcset=\"https:\/\/www.coopatrigo.com.br\/novo\/wp-content\/uploads\/2023\/01\/Milho-Seco-Estiagem-Credito-Divulgacao.jpg 2500w, https:\/\/www.coopatrigo.com.br\/novo\/wp-content\/uploads\/2023\/01\/Milho-Seco-Estiagem-Credito-Divulgacao-300x204.jpg 300w, https:\/\/www.coopatrigo.com.br\/novo\/wp-content\/uploads\/2023\/01\/Milho-Seco-Estiagem-Credito-Divulgacao-1024x696.jpg 1024w, https:\/\/www.coopatrigo.com.br\/novo\/wp-content\/uploads\/2023\/01\/Milho-Seco-Estiagem-Credito-Divulgacao-768x522.jpg 768w, https:\/\/www.coopatrigo.com.br\/novo\/wp-content\/uploads\/2023\/01\/Milho-Seco-Estiagem-Credito-Divulgacao-1536x1044.jpg 1536w, https:\/\/www.coopatrigo.com.br\/novo\/wp-content\/uploads\/2023\/01\/Milho-Seco-Estiagem-Credito-Divulgacao-2048x1393.jpg 2048w\" sizes=\"(max-width: 2500px) 100vw, 2500px\" \/>\t\t\t\t\t\t\t\t\t\t\t\t<\/div>\r\n\r\n\t\t\r\n\t\t\n\t\t\t\t<\/div><!-- .dslc-module -->\n\t\t\n\t\t<div id=\"dslc-module-26\" class=\"dslc-module-front dslc-module-DSLC_TP_Content dslc-in-viewport-check dslc-in-viewport-anim-none  dslc-col dslc-12-col dslc-last-col  dslc-module-handle-like-regular \" data-module-id=\"26\" data-module=\"DSLC_TP_Content\" data-dslc-module-size=\"12\" data-dslc-anim=\"none\" data-dslc-anim-delay=\"\" data-dslc-anim-duration=\"650\"  data-dslc-anim-easing=\"ease\" data-dslc-preset=\"none\" >\n\n\t\t\t\n\t\t\t\n\t\t<div class=\"dslc-tp-content\"><div id=\"dslc-theme-content\"><div id=\"dslc-theme-content-inner\"><div>\n<div>Pelo segundo ano consecutivo o Rio Grande do Sul \u00e9 assolado por uma estiagem que preocupa os produtores. No milho, segundo a Federa\u00e7\u00e3o das Cooperativas Agropecu\u00e1rias do Estado do Rio Grande do Sul (FecoAgro\/RS), j\u00e1 s\u00e3o registradas perdas irrevers\u00edveis. A preocupa\u00e7\u00e3o agora \u00e9 com a cultura da soja se n\u00e3o houver chuvas nas pr\u00f3ximas semanas.<br aria-hidden=\"true\" \/><br aria-hidden=\"true\" \/>Segundo o presidente da entidade, Paulo Pires, em regi\u00f5es como as Miss\u00f5es j\u00e1 se tem de 75% a 80% de perdas no milho, escapando s\u00f3 aquele milho plantado em julho que \u00e9 de alto risco porque o produtor perde potencial produtivo e arrisca a perder com o frio e a geada. \u201cNo milho temos perdas expressivas. Sabemos que no milho tem uma quest\u00e3o vari\u00e1vel, pois uma parte do Estado planta mais tarde e em alguma parte pode ter chovido. Infelizmente \u00e9 algo muito ruim para a economia do Rio Grande do Sul que s\u00e3o duas estiagens, uma atr\u00e1s da outra\u201d, destaca.<br aria-hidden=\"true\" \/><br aria-hidden=\"true\" \/>J\u00e1 na soja, o dirigente ressalta que ainda \u00e9 dif\u00edcil falar em perdas, pois elas t\u00eam diferentes propor\u00e7\u00f5es. \u201cEm alguns lugares at\u00e9 choveu um pouco, tem lugar que plantou mais tarde, ent\u00e3o \u00e9 dif\u00edcil falar neste momento de perdas na soja. O que nos preocupa muito \u00e9 que n\u00e3o temos uma perspectiva de normaliza\u00e7\u00e3o de chuvas\u201d, observa.<br aria-hidden=\"true\" \/><br aria-hidden=\"true\" \/>Pires salienta ainda sobre a quest\u00e3o dos produtos do milho e da soja irrigados, informando que acabou a \u00e1gua praticamente na maioria dos reservat\u00f3rios e n\u00e3o se tem como repor essa \u00e1gua porque n\u00e3o existem chuvas. \u201cAs chuvas infelizmente s\u00e3o muito pequenas e a pior not\u00edcia \u00e9 que n\u00e3o existem perspectivas de grandes chuvas at\u00e9 o final de janeiro\u201d, ressalta.<br aria-hidden=\"true\" \/><br aria-hidden=\"true\" \/>Para confortar, de acordo com o presidente da FecoAgro\/RS, \u00e9 que existem lugares no Rio Grande do Sul onde andou chovendo e se ter\u00e1 alguma recupera\u00e7\u00e3o de perdas. \u201cMas falando em geral, temos um momento dif\u00edcil para a agropecu\u00e1ria do Rio Grande do Sul e consequentemente para sua economia. Teremos mais uma vez uma frustra\u00e7\u00e3o de safra, resta saber o tamanho\u201d, completa.<\/div>\n<div><\/div>\n<\/div>\n<div>\n<div><i>Foto: Divulga\u00e7\u00e3o<br aria-hidden=\"true\" \/><\/i><\/div>\n<div><i>Texto: Nestor Tipa J\u00fanior\/AgroEffective<\/i><\/div>\n<\/div>\n<\/div><\/div><\/div>\n\t\t\t\t<\/div><!-- .dslc-module -->\n\t\t<\/div><\/div><\/div><\/div><input type=\"hidden\" id=\"dslca-post-data-thumb\" value=\"https:\/\/www.coopatrigo.com.br\/novo\/wp-content\/uploads\/2023\/01\/Milho-Seco-Estiagem-Credito-Divulgacao.jpg\" \/>","protected":false},"excerpt":{"rendered":"<p>Segundo ano de estiagem preocupa cooperativas agropecu\u00e1rias ga\u00fachas 18 de janeiro de 2023 Pelo segundo ano consecutivo o Rio Grande do Sul \u00e9 assolado por uma estiagem que preocupa os produtores. No milho, segundo a Federa\u00e7\u00e3o das Cooperativas Agropecu\u00e1rias do Estado do Rio Grande do Sul (FecoAgro\/RS), j\u00e1 s\u00e3o registradas perdas irrevers\u00edveis. A preocupa\u00e7\u00e3o agora [&hellip;]<\/p>\n","protected":false},"author":5,"featured_media":35499,"comment_status":"open","ping_status":"open","sticky":false,"template":"","format":"standard","meta":{"_acf_changed":false,"footnotes":""},"categories":[1],"tags":[],"class_list":["post-35498","post","type-post","status-publish","format-standard","has-post-thumbnail","hentry","category-noticias"],"acf":[],"_links":{"self":[{"href":"https:\/\/www.coopatrigo.com.br\/novo\/wp-json\/wp\/v2\/posts\/35498","targetHints":{"allow":["GET"]}}],"collection":[{"href":"https:\/\/www.coopatrigo.com.br\/novo\/wp-json\/wp\/v2\/posts"}],"about":[{"href":"https:\/\/www.coopatrigo.com.br\/novo\/wp-json\/wp\/v2\/types\/post"}],"author":[{"embeddable":true,"href":"https:\/\/www.coopatrigo.com.br\/novo\/wp-json\/wp\/v2\/users\/5"}],"replies":[{"embeddable":true,"href":"https:\/\/www.coopatrigo.com.br\/novo\/wp-json\/wp\/v2\/comments?post=35498"}],"version-history":[{"count":0,"href":"https:\/\/www.coopatrigo.com.br\/novo\/wp-json\/wp\/v2\/posts\/35498\/revisions"}],"wp:featuredmedia":[{"embeddable":true,"href":"https:\/\/www.coopatrigo.com.br\/novo\/wp-json\/wp\/v2\/media\/35499"}],"wp:attachment":[{"href":"https:\/\/www.coopatrigo.com.br\/novo\/wp-json\/wp\/v2\/media?parent=35498"}],"wp:term":[{"taxonomy":"category","embeddable":true,"href":"https:\/\/www.coopatrigo.com.br\/novo\/wp-json\/wp\/v2\/categories?post=35498"},{"taxonomy":"post_tag","embeddable":true,"href":"https:\/\/www.coopatrigo.com.br\/novo\/wp-json\/wp\/v2\/tags?post=35498"}],"curies":[{"name":"wp","href":"https:\/\/api.w.org\/{rel}","templated":true}]}}