{"id":35561,"date":"2023-01-23T09:59:06","date_gmt":"2023-01-23T12:59:06","guid":{"rendered":"https:\/\/www.coopatrigo.com.br\/novo\/?p=35561"},"modified":"2023-01-23T09:59:06","modified_gmt":"2023-01-23T12:59:06","slug":"rtc-ccgl-eleva-estimativa-de-quebra-na-safra-de-verao-do-rs","status":"publish","type":"post","link":"https:\/\/www.coopatrigo.com.br\/novo\/2023\/01\/23\/rtc-ccgl-eleva-estimativa-de-quebra-na-safra-de-verao-do-rs\/","title":{"rendered":"RTC\/CCGL eleva estimativa de quebra na safra de ver\u00e3o do RS"},"content":{"rendered":"<div id=\"dslc-main\">\n\t\t<div  class=\"dslc-modules-section \" style=\"padding-bottom:30px;padding-top:30px;background-color:#16452c;background-image:url(https:\/\/www.coopatrigo.com.br\/novo\/wp-content\/uploads\/2021\/02\/bg.png);background-position:center center;\" data-section-id=\"74a23622ed4\">\n\t\t\t\t\n\t\t\t\t\n\t\t\t\t<div class=\"dslc-modules-section-wrapper dslc-clearfix\"><div class=\"dslc-modules-area dslc-col dslc-12-col dslc-last-col dslc-valign- \" data-size=\"12\" data-valign=\"\">\n\t\t<div id=\"dslc-module-24\" class=\"dslc-module-front dslc-module-DSLC_TP_Title dslc-in-viewport-check dslc-in-viewport-anim-none  dslc-col dslc-12-col dslc-last-col  dslc-module-handle-like-regular \" data-module-id=\"24\" data-module=\"DSLC_TP_Title\" data-dslc-module-size=\"12\" data-dslc-anim=\"none\" data-dslc-anim-delay=\"\" data-dslc-anim-duration=\"650\"  data-dslc-anim-easing=\"ease\" data-dslc-preset=\"none\" >\n\n\t\t\t\n\t\t\t\n\t\t\r\n\t\t\t\t<div class=\"dslc-tp-title\"><h1>RTC\/CCGL eleva estimativa de quebra na safra de ver\u00e3o do RS<\/h1><\/div>\r\n\r\n\t\t\t\n\t\t\t\t<\/div><!-- .dslc-module -->\n\t\t\n\t\t<div id=\"dslc-module-25\" class=\"dslc-module-front dslc-module-DSLC_TP_Meta dslc-in-viewport-check dslc-in-viewport-anim-none  dslc-col dslc-12-col dslc-last-col  dslc-module-handle-like-regular \" data-module-id=\"25\" data-module=\"DSLC_TP_Meta\" data-dslc-module-size=\"12\" data-dslc-anim=\"none\" data-dslc-anim-delay=\"\" data-dslc-anim-duration=\"650\"  data-dslc-anim-easing=\"ease\" data-dslc-preset=\"none\" >\n\n\t\t\t\n\t\t\t\n\t\t\r\n\t\t\t\t<div class=\"dslc-tp-meta dslc-tp-meta-horizontal\">\r\n\t\t\t\t\t<ul class=\"dslc-clearfix\">\r\n\r\n\t\t\t\t\t\t\t\t\t\t\t\t\t<li>23 de janeiro de 2023<\/li>\r\n\t\t\t\t\t\t\r\n\t\t\t\t\t\t\r\n\t\t\t\t\t\t\r\n\t\t\t\t\t\t\r\n\t\t\t\t\t\t\r\n\t\t\t\t\t<\/ul>\r\n\t\t\t\t<\/div>\r\n\r\n\t\t\t\n\t\t\t\t<\/div><!-- .dslc-module -->\n\t\t<\/div><\/div><\/div>\n\t\t<div  class=\"dslc-modules-section \" style=\"padding-bottom:30px;padding-top:30px;background-color:rgba(230, 230, 230, 0);border-color:rgb(230, 230, 230);border-top-style: hidden; border-right-style: hidden; border-bottom-style: hidden; border-left-style: hidden; \" data-section-id=\"2b557989cda\">\n\t\t\t\t\n\t\t\t\t\n\t\t\t\t<div class=\"dslc-modules-section-wrapper dslc-clearfix\"><div class=\"dslc-modules-area dslc-col dslc-1-col dslc-first-col dslc-valign-undefined \" data-size=\"1\" data-valign=\"undefined\"><\/div><div class=\"dslc-modules-area dslc-col dslc-10-col  dslc-valign- \" data-size=\"10\" data-valign=\"\">\n\t\t<div id=\"dslc-module-a7d04abcf7f\" class=\"dslc-module-front dslc-module-DSLC_TP_Thumbnail dslc-in-viewport-check dslc-in-viewport-anim-none  dslc-col dslc-12-col dslc-last-col  dslc-module-handle-like-regular \" data-module-id=\"a7d04abcf7f\" data-module=\"DSLC_TP_Thumbnail\" data-dslc-module-size=\"12\" data-dslc-anim=\"none\" data-dslc-anim-delay=\"\" data-dslc-anim-duration=\"650\"  data-dslc-anim-easing=\"ease\" data-dslc-preset=\"none\" >\n\n\t\t\t\n\t\t\t\n\t\t\r\n\t\t\t<div class=\"dslc-tp-thumbnail\">\r\n\t\t\t\t\t\t\t\t\t\t\t\t\t\t\t<img width=\"575\" height=\"575\" src=\"https:\/\/www.coopatrigo.com.br\/novo\/wp-content\/uploads\/2023\/01\/thumbnail_Imagem-Tiago-Horbe-Pesquisador-CCGL-2.jpg\" class=\"attachment-full size-full wp-post-image\" alt=\"\" title=\"thumbnail_Imagem &#8211; Tiago H\u00f6rbe (Pesquisador CCGL) 2\" srcset=\"https:\/\/www.coopatrigo.com.br\/novo\/wp-content\/uploads\/2023\/01\/thumbnail_Imagem-Tiago-Horbe-Pesquisador-CCGL-2.jpg 575w, https:\/\/www.coopatrigo.com.br\/novo\/wp-content\/uploads\/2023\/01\/thumbnail_Imagem-Tiago-Horbe-Pesquisador-CCGL-2-300x300.jpg 300w, https:\/\/www.coopatrigo.com.br\/novo\/wp-content\/uploads\/2023\/01\/thumbnail_Imagem-Tiago-Horbe-Pesquisador-CCGL-2-150x150.jpg 150w\" sizes=\"(max-width: 575px) 100vw, 575px\" \/>\t\t\t\t\t\t\t\t\t\t\t\t<\/div>\r\n\r\n\t\t\r\n\t\t\n\t\t\t\t<\/div><!-- .dslc-module -->\n\t\t\n\t\t<div id=\"dslc-module-26\" class=\"dslc-module-front dslc-module-DSLC_TP_Content dslc-in-viewport-check dslc-in-viewport-anim-none  dslc-col dslc-12-col dslc-last-col  dslc-module-handle-like-regular \" data-module-id=\"26\" data-module=\"DSLC_TP_Content\" data-dslc-module-size=\"12\" data-dslc-anim=\"none\" data-dslc-anim-delay=\"\" data-dslc-anim-duration=\"650\"  data-dslc-anim-easing=\"ease\" data-dslc-preset=\"none\" >\n\n\t\t\t\n\t\t\t\n\t\t<div class=\"dslc-tp-content\"><div id=\"dslc-theme-content\"><div id=\"dslc-theme-content-inner\"><p>As culturas de milho e soja est\u00e3o sendo acometidas, novamente, por uma estiagem no RS nesta safra 2022\/2023. Uma estimativa realizada pela Rede T\u00e9cnica Cooperativa (RTC\/CCGL), e divulgada nesta sexta-feira (20\/01), estima que em \u00e1reas de milho sequeiro (sem uso de irriga\u00e7\u00e3o), em m\u00e9dia, os preju\u00edzos relacionados \u00e0 quebra de safra j\u00e1 alcan\u00e7am 53 % em rela\u00e7\u00e3o \u00e0 expectativa de produ\u00e7\u00e3o inicialmente tra\u00e7ada pelas cooperativas. Em dezembro, os preju\u00edzos alcan\u00e7avam 42 %.<\/p>\n<p>A estiagem tamb\u00e9m interfere na cultura da soja. At\u00e9 o momento, na \u00e1rea de atua\u00e7\u00e3o das cooperativas, 98,4 % da \u00e1rea destinada \u00e0 soja foi semeada, enquanto que 1,5 % da \u00e1rea semeada ainda n\u00e3o emergiu. A produtividade m\u00e9dia projetada agora \u00e9 de 2940 kg\/ha. Em dezembro, a expectativa era de 3490 kg\/ha, uma quebra estimada de 16 % na produ\u00e7\u00e3o da principal cultura de ver\u00e3o do Estado.<\/p>\n<p>Devido \u00e0s chuvas abaixo da m\u00e9dia durante os meses de novembro, dezembro e janeiro, v\u00e1rias regi\u00f5es j\u00e1 contabilizam perdas superiores a 80 % na cultura do milho sequeiro e de at\u00e9 40 % na cultura soja. Os dados foram coletados em 21 cooperativas ligadas \u00e0 RTC\/CCGL.<\/p>\n<p><img decoding=\"async\" src=\"https:\/\/attachments.office.net\/owa\/comunicacao%40coopatrigo.com.br\/service.svc\/s\/GetAttachmentThumbnail?id=AAMkADhkMjJiMDE1LWJhYjMtNDU4OC05NGRlLWQ4ZTRhN2RlYzM0MQBGAAAAAADyZhIJW4WHRYyxgyF3JVpDBwBcZnrzSrWMSLWwG1zHUP4GAAAAAAEMAABcZnrzSrWMSLWwG1zHUP4GAAZgypThAAABEgAQAMLtHtjVIRtHoXFxJdGTovg%3D&amp;thumbnailType=2&amp;token=eyJhbGciOiJSUzI1NiIsImtpZCI6IkQ4OThGN0RDMjk2ODQ1MDk1RUUwREZGQ0MzODBBOTM5NjUwNDNFNjQiLCJ0eXAiOiJKV1QiLCJ4NXQiOiIySmozM0Nsb1JRbGU0Tl84dzRDcE9XVUVQbVEifQ.eyJvcmlnaW4iOiJodHRwczovL291dGxvb2sub2ZmaWNlLmNvbSIsInVjIjoiMmI5OGQ4NzFkODkwNDM0N2IzYWZhNTc2OTU1ZmYwZTYiLCJzaWduaW5fc3RhdGUiOiJbXCJrbXNpXCJdIiwidmVyIjoiRXhjaGFuZ2UuQ2FsbGJhY2suVjEiLCJhcHBjdHhzZW5kZXIiOiJPd2FEb3dubG9hZEBmODczM2NkOC1mYjJiLTRlYzktODViMi1lZTNjMDZiMWJlNTkiLCJpc3NyaW5nIjoiV1ciLCJhcHBjdHgiOiJ7XCJtc2V4Y2hwcm90XCI6XCJvd2FcIixcInB1aWRcIjpcIjExNTM5MDY2NjA5NDY1NTcwOTRcIixcInNjb3BlXCI6XCJPd2FEb3dubG9hZFwiLFwib2lkXCI6XCI2N2UyNjk1Zi1iZDI0LTQ3MGYtYTFkYy1lN2VkNDdlMmUzOTRcIixcInByaW1hcnlzaWRcIjpcIlMtMS01LTIxLTMyNjAxMDE3NDMtMTM0OTU2ODc3OS05NzU1OTQ1MzktMTcxOTIwMDJcIn0iLCJuYmYiOjE2NzQ0NzgzODMsImV4cCI6MTY3NDQ3ODk4MywiaXNzIjoiMDAwMDAwMDItMDAwMC0wZmYxLWNlMDAtMDAwMDAwMDAwMDAwQGY4NzMzY2Q4LWZiMmItNGVjOS04NWIyLWVlM2MwNmIxYmU1OSIsImF1ZCI6IjAwMDAwMDAyLTAwMDAtMGZmMS1jZTAwLTAwMDAwMDAwMDAwMC9hdHRhY2htZW50cy5vZmZpY2UubmV0QGY4NzMzY2Q4LWZiMmItNGVjOS04NWIyLWVlM2MwNmIxYmU1OSIsImhhcHAiOiJvd2EifQ.EfKgXc0t3Pi5Ne37TQKY8h_HzBfHpyOUANTY4kIY5YrIEM7HlX6nT2Q_7ZKyQIwU8RsCEl3I1iFJ6pme3NZ0foyFWdUKUE5CAJrbQ0kEWv8nxtuX-3mW3UIwN4WI2y1I9kGD4kaQmbU7o0ZaaDl6zxy6jH2oCkyKwurs-zsYkwB8-PPJSSOqKAqGJpemh5nhZ7gkqH3crWpLObBHvPIJhLrvFPXS5LxALzjjoK5IfpvtjPbyxEmVrmrOyjXsUaNooZoUeYcK_nnnd1QbC_Nk4YisS25-cGUnEJVgu0vQ5aJG9PnYVcTPTjhWxGhUbZQBTSqT1ywCWRvYm1a_aK1uNw&amp;X-OWA-CANARY=xYsMeuvSZEm8pszhKYPlruBO9TNB_doYbe9yeG8piqRvq4HI9yDIjasOboQ9xC7SQfzKlux-CAw.&amp;owa=outlook.office.com&amp;scriptVer=20230113006.10&amp;animation=true\" alt=\"Visualiza\u00e7\u00e3o da imagem\" \/><\/p>\n<\/div><\/div><\/div>\n\t\t\t\t<\/div><!-- .dslc-module -->\n\t\t<\/div><\/div><\/div><\/div><input type=\"hidden\" id=\"dslca-post-data-thumb\" value=\"https:\/\/www.coopatrigo.com.br\/novo\/wp-content\/uploads\/2023\/01\/thumbnail_Imagem-Tiago-Horbe-Pesquisador-CCGL-2.jpg\" \/>","protected":false},"excerpt":{"rendered":"<p>RTC\/CCGL eleva estimativa de quebra na safra de ver\u00e3o do RS 23 de janeiro de 2023 As culturas de milho e soja est\u00e3o sendo acometidas, novamente, por uma estiagem no RS nesta safra 2022\/2023. Uma estimativa realizada pela Rede T\u00e9cnica Cooperativa (RTC\/CCGL), e divulgada nesta sexta-feira (20\/01), estima que em \u00e1reas de milho sequeiro (sem [&hellip;]<\/p>\n","protected":false},"author":5,"featured_media":35562,"comment_status":"open","ping_status":"open","sticky":false,"template":"","format":"standard","meta":{"_acf_changed":false,"footnotes":""},"categories":[1],"tags":[],"class_list":["post-35561","post","type-post","status-publish","format-standard","has-post-thumbnail","hentry","category-noticias"],"acf":[],"_links":{"self":[{"href":"https:\/\/www.coopatrigo.com.br\/novo\/wp-json\/wp\/v2\/posts\/35561","targetHints":{"allow":["GET"]}}],"collection":[{"href":"https:\/\/www.coopatrigo.com.br\/novo\/wp-json\/wp\/v2\/posts"}],"about":[{"href":"https:\/\/www.coopatrigo.com.br\/novo\/wp-json\/wp\/v2\/types\/post"}],"author":[{"embeddable":true,"href":"https:\/\/www.coopatrigo.com.br\/novo\/wp-json\/wp\/v2\/users\/5"}],"replies":[{"embeddable":true,"href":"https:\/\/www.coopatrigo.com.br\/novo\/wp-json\/wp\/v2\/comments?post=35561"}],"version-history":[{"count":0,"href":"https:\/\/www.coopatrigo.com.br\/novo\/wp-json\/wp\/v2\/posts\/35561\/revisions"}],"wp:featuredmedia":[{"embeddable":true,"href":"https:\/\/www.coopatrigo.com.br\/novo\/wp-json\/wp\/v2\/media\/35562"}],"wp:attachment":[{"href":"https:\/\/www.coopatrigo.com.br\/novo\/wp-json\/wp\/v2\/media?parent=35561"}],"wp:term":[{"taxonomy":"category","embeddable":true,"href":"https:\/\/www.coopatrigo.com.br\/novo\/wp-json\/wp\/v2\/categories?post=35561"},{"taxonomy":"post_tag","embeddable":true,"href":"https:\/\/www.coopatrigo.com.br\/novo\/wp-json\/wp\/v2\/tags?post=35561"}],"curies":[{"name":"wp","href":"https:\/\/api.w.org\/{rel}","templated":true}]}}