{"id":35617,"date":"2023-01-25T17:48:47","date_gmt":"2023-01-25T20:48:47","guid":{"rendered":"https:\/\/www.coopatrigo.com.br\/novo\/?p=35617"},"modified":"2023-01-25T17:48:47","modified_gmt":"2023-01-25T20:48:47","slug":"cooperativas-agropecuarias-gauchas-estao-preocupadas-com-efeitos-da-estiagem","status":"publish","type":"post","link":"https:\/\/www.coopatrigo.com.br\/novo\/2023\/01\/25\/cooperativas-agropecuarias-gauchas-estao-preocupadas-com-efeitos-da-estiagem\/","title":{"rendered":"Cooperativas agropecu\u00e1rias ga\u00fachas est\u00e3o preocupadas com efeitos da estiagem"},"content":{"rendered":"<div id=\"dslc-main\">\n\t\t<div  class=\"dslc-modules-section \" style=\"padding-bottom:30px;padding-top:30px;background-color:#16452c;background-image:url(https:\/\/www.coopatrigo.com.br\/novo\/wp-content\/uploads\/2021\/02\/bg.png);background-position:center center;\" data-section-id=\"74a23622ed4\">\n\t\t\t\t\n\t\t\t\t\n\t\t\t\t<div class=\"dslc-modules-section-wrapper dslc-clearfix\"><div class=\"dslc-modules-area dslc-col dslc-12-col dslc-last-col dslc-valign- \" data-size=\"12\" data-valign=\"\">\n\t\t<div id=\"dslc-module-24\" class=\"dslc-module-front dslc-module-DSLC_TP_Title dslc-in-viewport-check dslc-in-viewport-anim-none  dslc-col dslc-12-col dslc-last-col  dslc-module-handle-like-regular \" data-module-id=\"24\" data-module=\"DSLC_TP_Title\" data-dslc-module-size=\"12\" data-dslc-anim=\"none\" data-dslc-anim-delay=\"\" data-dslc-anim-duration=\"650\"  data-dslc-anim-easing=\"ease\" data-dslc-preset=\"none\" >\n\n\t\t\t\n\t\t\t\n\t\t\r\n\t\t\t\t<div class=\"dslc-tp-title\"><h1>Cooperativas agropecu\u00e1rias ga\u00fachas est\u00e3o preocupadas com efeitos da estiagem<\/h1><\/div>\r\n\r\n\t\t\t\n\t\t\t\t<\/div><!-- .dslc-module -->\n\t\t\n\t\t<div id=\"dslc-module-25\" class=\"dslc-module-front dslc-module-DSLC_TP_Meta dslc-in-viewport-check dslc-in-viewport-anim-none  dslc-col dslc-12-col dslc-last-col  dslc-module-handle-like-regular \" data-module-id=\"25\" data-module=\"DSLC_TP_Meta\" data-dslc-module-size=\"12\" data-dslc-anim=\"none\" data-dslc-anim-delay=\"\" data-dslc-anim-duration=\"650\"  data-dslc-anim-easing=\"ease\" data-dslc-preset=\"none\" >\n\n\t\t\t\n\t\t\t\n\t\t\r\n\t\t\t\t<div class=\"dslc-tp-meta dslc-tp-meta-horizontal\">\r\n\t\t\t\t\t<ul class=\"dslc-clearfix\">\r\n\r\n\t\t\t\t\t\t\t\t\t\t\t\t\t<li>25 de janeiro de 2023<\/li>\r\n\t\t\t\t\t\t\r\n\t\t\t\t\t\t\r\n\t\t\t\t\t\t\r\n\t\t\t\t\t\t\r\n\t\t\t\t\t\t\r\n\t\t\t\t\t<\/ul>\r\n\t\t\t\t<\/div>\r\n\r\n\t\t\t\n\t\t\t\t<\/div><!-- .dslc-module -->\n\t\t<\/div><\/div><\/div>\n\t\t<div  class=\"dslc-modules-section \" style=\"padding-bottom:30px;padding-top:30px;background-color:rgba(230, 230, 230, 0);border-color:rgb(230, 230, 230);border-top-style: hidden; border-right-style: hidden; border-bottom-style: hidden; border-left-style: hidden; \" data-section-id=\"2b557989cda\">\n\t\t\t\t\n\t\t\t\t\n\t\t\t\t<div class=\"dslc-modules-section-wrapper dslc-clearfix\"><div class=\"dslc-modules-area dslc-col dslc-1-col dslc-first-col dslc-valign-undefined \" data-size=\"1\" data-valign=\"undefined\"><\/div><div class=\"dslc-modules-area dslc-col dslc-10-col  dslc-valign- \" data-size=\"10\" data-valign=\"\">\n\t\t<div id=\"dslc-module-a7d04abcf7f\" class=\"dslc-module-front dslc-module-DSLC_TP_Thumbnail dslc-in-viewport-check dslc-in-viewport-anim-none  dslc-col dslc-12-col dslc-last-col  dslc-module-handle-like-regular \" data-module-id=\"a7d04abcf7f\" data-module=\"DSLC_TP_Thumbnail\" data-dslc-module-size=\"12\" data-dslc-anim=\"none\" data-dslc-anim-delay=\"\" data-dslc-anim-duration=\"650\"  data-dslc-anim-easing=\"ease\" data-dslc-preset=\"none\" >\n\n\t\t\t\n\t\t\t\n\t\t\r\n\t\t\t<div class=\"dslc-tp-thumbnail\">\r\n\t\t\t\t\t\t\t\t\t\t\t\t\t\t\t<img width=\"2500\" height=\"1700\" src=\"https:\/\/www.coopatrigo.com.br\/novo\/wp-content\/uploads\/2023\/01\/Soja-Estiagem-Credito-Divulgacao-2.jpg\" class=\"attachment-full size-full wp-post-image\" alt=\"\" title=\"Soja Estiagem &#8211; Cr\u00e9dito Divulga\u00e7\u00e3o (2)\" srcset=\"https:\/\/www.coopatrigo.com.br\/novo\/wp-content\/uploads\/2023\/01\/Soja-Estiagem-Credito-Divulgacao-2.jpg 2500w, https:\/\/www.coopatrigo.com.br\/novo\/wp-content\/uploads\/2023\/01\/Soja-Estiagem-Credito-Divulgacao-2-300x204.jpg 300w, https:\/\/www.coopatrigo.com.br\/novo\/wp-content\/uploads\/2023\/01\/Soja-Estiagem-Credito-Divulgacao-2-1024x696.jpg 1024w, https:\/\/www.coopatrigo.com.br\/novo\/wp-content\/uploads\/2023\/01\/Soja-Estiagem-Credito-Divulgacao-2-768x522.jpg 768w, https:\/\/www.coopatrigo.com.br\/novo\/wp-content\/uploads\/2023\/01\/Soja-Estiagem-Credito-Divulgacao-2-1536x1044.jpg 1536w, https:\/\/www.coopatrigo.com.br\/novo\/wp-content\/uploads\/2023\/01\/Soja-Estiagem-Credito-Divulgacao-2-2048x1393.jpg 2048w\" sizes=\"(max-width: 2500px) 100vw, 2500px\" \/>\t\t\t\t\t\t\t\t\t\t\t\t<\/div>\r\n\r\n\t\t\r\n\t\t\n\t\t\t\t<\/div><!-- .dslc-module -->\n\t\t\n\t\t<div id=\"dslc-module-26\" class=\"dslc-module-front dslc-module-DSLC_TP_Content dslc-in-viewport-check dslc-in-viewport-anim-none  dslc-col dslc-12-col dslc-last-col  dslc-module-handle-like-regular \" data-module-id=\"26\" data-module=\"DSLC_TP_Content\" data-dslc-module-size=\"12\" data-dslc-anim=\"none\" data-dslc-anim-delay=\"\" data-dslc-anim-duration=\"650\"  data-dslc-anim-easing=\"ease\" data-dslc-preset=\"none\" >\n\n\t\t\t\n\t\t\t\n\t\t<div class=\"dslc-tp-content\"><div id=\"dslc-theme-content\"><div id=\"dslc-theme-content-inner\"><div>Os n\u00fameros das perdas na agropecu\u00e1ria ga\u00facha com mais um ano de estiagem que castiga o produtor rural come\u00e7am a aparecer. Na \u00faltima semana, a Rede T\u00e9cnica Cooperativa (RTC\/CCGL) divulgou um trabalho na \u00e1rea t\u00e9cnica de 21 cooperativas do Rio Grande do Sul com uma m\u00e9dia ponderada de perdas nestas cooperativas. No milho sequeiro, cultura at\u00e9 o momento mais afetada, j\u00e1 se tem uma quebra contabilizada de 53%. J\u00e1 na soja, onde o desenvolvimento da cultura n\u00e3o est\u00e1 mais tardio, chega a 16%.<br aria-hidden=\"true\" \/><br aria-hidden=\"true\" \/>Segundo o presidente da Federa\u00e7\u00e3o das Cooperativas Agropecu\u00e1rias do Estado do Rio Grande do Sul (FecoAgro\/RS), Paulo Pires, h\u00e1 uma caracter\u00edstica este ano que o Rio Grande do Sul tem locais no Estado, e isso a pesquisa demonstrou claramente, onde as perdas na soja s\u00e3o de 0% e em outras regi\u00f5es s\u00e3o de mais de 40%. &#8220;Isso \u00e9 uma quest\u00e3o muito s\u00e9ria e traz \u00e0 tona outro ponto que \u00e9 o das chuvas mal distribu\u00eddas, e essa situa\u00e7\u00e3o agrava as nossas lavouras&#8221;, observa.<br aria-hidden=\"true\" \/><br aria-hidden=\"true\" \/>Pires destaca tamb\u00e9m que existem perdas no arroz irrigado, onde as \u00e1guas nunca estiveram t\u00e3o baixas, consequ\u00eancia de tr\u00eas anos de estiagem, com o Rio Grande do Sul no terceiro ano com a quest\u00e3o da La Ni\u00f1a e com falta de chuvas abaixo do normal. &#8220;Com o arroz a irriga\u00e7\u00e3o por inunda\u00e7\u00e3o vem sofrendo com isto. E no milho, em muitas regi\u00f5es o gr\u00e3o irrigado por aspers\u00e3o tem problemas de \u00e1gua tamb\u00e9m. Ainda bem que estamos no final do ciclo e esta quebra n\u00e3o ser\u00e1 t\u00e3o representativa&#8221;, salienta.<br aria-hidden=\"true\" \/><br aria-hidden=\"true\" \/>O dirigente refor\u00e7a ainda que a pecu\u00e1ria de leite sofre muito com a alimenta\u00e7\u00e3o dos animais. &#8220;Onde n\u00e3o choveu existe uma escassez muito grande de forragem para os animais. A pecu\u00e1ria de corte tamb\u00e9m sofre, esta que \u00e9 uma atividade t\u00e3o expressiva no Rio Grande do Sul em \u00e1rea. Inclusive est\u00e1 sofrendo porque existem campos na regi\u00e3o sul que n\u00e3o t\u00eam mais \u00e1gua. As sangas, os pequenos a\u00e7udes secaram&#8221;, frisa.<br aria-hidden=\"true\" \/><br aria-hidden=\"true\" \/>A FecoAgro\/RS j\u00e1 participou de duas reuni\u00f5es com o governo do Estado, uma delas com a comiss\u00e3o da seca, mostrando todo um panorama e com uma afirma\u00e7\u00e3o muito boa por parte do governo, com um comunicado do governador Eduardo Leite de que a irriga\u00e7\u00e3o ser\u00e1 prioridade. &#8220;Esta \u00e9 uma briga t\u00e3o forte nossa e t\u00e3o antiga, ela vai ser prioridade do governo do Estado. E \u00e9 muito bom ter essa lideran\u00e7a do governador Eduardo Leite nesta quest\u00e3o da irriga\u00e7\u00e3o, que n\u00e3o vai resolver o problema da estiagem do Rio Grande do Sul, mas vai mitigar as perdas dos nossos produtores&#8221;, avalia.<br aria-hidden=\"true\" \/><br aria-hidden=\"true\" \/>Pires tamb\u00e9m ressalta que a entidade est\u00e1 alinhada com os pleitos da Fetag\/RS na quest\u00e3o da prorroga\u00e7\u00e3o do programa Troca Troca de Sementes, na perfura\u00e7\u00e3o de po\u00e7os, constru\u00e7\u00e3o de a\u00e7udes, uma verba emergencial para os produtores passarem esse per\u00edodo de dificuldade. &#8220;Em todas estas quest\u00f5es estamos juntos com os pleitos da Fetag\/RS, o que n\u00e3o poderia ser diferente, pois o cooperativismo essencialmente \u00e9 formado por pequenos produtores&#8221;, salienta.<br aria-hidden=\"true\" \/><br aria-hidden=\"true\" \/>A expectativa \u00e9 que logo possam vir as chuvas para recupera\u00e7\u00e3o da pecu\u00e1ria e das aguadas mas, conforme o presidente da FecoAgro\/RS, j\u00e1 come\u00e7am a se consolidar perdas no Rio Grande do Sul, com o milho consolidado e a soja com uma perda que pode aumentar. &#8220;Novamente a m\u00e1 distribui\u00e7\u00e3o de chuvas castiga as lavouras de ver\u00e3o e as cria\u00e7\u00f5es no Rio Grande do Sul&#8221;, finaliza.<\/div>\n<div><\/div>\n<div>\n<div>\n<div><i>Foto: Divulga\u00e7\u00e3o<br aria-hidden=\"true\" \/><\/i><\/div>\n<div><i>Texto: Nestor Tipa J\u00fanior\/AgroEffective<\/i><\/div>\n<\/div>\n<\/div>\n<\/div><\/div><\/div>\n\t\t\t\t<\/div><!-- .dslc-module -->\n\t\t<\/div><\/div><\/div><\/div><input type=\"hidden\" id=\"dslca-post-data-thumb\" value=\"https:\/\/www.coopatrigo.com.br\/novo\/wp-content\/uploads\/2023\/01\/Soja-Estiagem-Credito-Divulgacao-2.jpg\" \/>","protected":false},"excerpt":{"rendered":"<p>Cooperativas agropecu\u00e1rias ga\u00fachas est\u00e3o preocupadas com efeitos da estiagem 25 de janeiro de 2023 Os n\u00fameros das perdas na agropecu\u00e1ria ga\u00facha com mais um ano de estiagem que castiga o produtor rural come\u00e7am a aparecer. Na \u00faltima semana, a Rede T\u00e9cnica Cooperativa (RTC\/CCGL) divulgou um trabalho na \u00e1rea t\u00e9cnica de 21 cooperativas do Rio Grande [&hellip;]<\/p>\n","protected":false},"author":5,"featured_media":35618,"comment_status":"open","ping_status":"open","sticky":false,"template":"","format":"standard","meta":{"_acf_changed":false,"footnotes":""},"categories":[1],"tags":[],"class_list":["post-35617","post","type-post","status-publish","format-standard","has-post-thumbnail","hentry","category-noticias"],"acf":[],"_links":{"self":[{"href":"https:\/\/www.coopatrigo.com.br\/novo\/wp-json\/wp\/v2\/posts\/35617","targetHints":{"allow":["GET"]}}],"collection":[{"href":"https:\/\/www.coopatrigo.com.br\/novo\/wp-json\/wp\/v2\/posts"}],"about":[{"href":"https:\/\/www.coopatrigo.com.br\/novo\/wp-json\/wp\/v2\/types\/post"}],"author":[{"embeddable":true,"href":"https:\/\/www.coopatrigo.com.br\/novo\/wp-json\/wp\/v2\/users\/5"}],"replies":[{"embeddable":true,"href":"https:\/\/www.coopatrigo.com.br\/novo\/wp-json\/wp\/v2\/comments?post=35617"}],"version-history":[{"count":0,"href":"https:\/\/www.coopatrigo.com.br\/novo\/wp-json\/wp\/v2\/posts\/35617\/revisions"}],"wp:featuredmedia":[{"embeddable":true,"href":"https:\/\/www.coopatrigo.com.br\/novo\/wp-json\/wp\/v2\/media\/35618"}],"wp:attachment":[{"href":"https:\/\/www.coopatrigo.com.br\/novo\/wp-json\/wp\/v2\/media?parent=35617"}],"wp:term":[{"taxonomy":"category","embeddable":true,"href":"https:\/\/www.coopatrigo.com.br\/novo\/wp-json\/wp\/v2\/categories?post=35617"},{"taxonomy":"post_tag","embeddable":true,"href":"https:\/\/www.coopatrigo.com.br\/novo\/wp-json\/wp\/v2\/tags?post=35617"}],"curies":[{"name":"wp","href":"https:\/\/api.w.org\/{rel}","templated":true}]}}