{"id":35625,"date":"2023-01-27T08:33:35","date_gmt":"2023-01-27T11:33:35","guid":{"rendered":"https:\/\/www.coopatrigo.com.br\/novo\/?p=35625"},"modified":"2023-01-27T08:33:35","modified_gmt":"2023-01-27T11:33:35","slug":"canola-produzida-pelos-associados-da-coopatrigo-esta-sendo-exportada-para-dubai","status":"publish","type":"post","link":"https:\/\/www.coopatrigo.com.br\/novo\/2023\/01\/27\/canola-produzida-pelos-associados-da-coopatrigo-esta-sendo-exportada-para-dubai\/","title":{"rendered":"Canola produzida pelos associados da Coopatrigo est\u00e1 sendo exportada para Dubai"},"content":{"rendered":"<div id=\"dslc-theme-content\"><div id=\"dslc-theme-content-inner\"><p>O Projeto Canola desenvolvido pela Coopatrigo como uma alternativa de produ\u00e7\u00e3o no inverno em nossa regi\u00e3o atrav\u00e9s de uma parceria com a Celena Alimentos e que teve uma boa safra no \u00faltimo cultivo est\u00e1 tendo novas alternativas de comercializa\u00e7\u00e3o e esse ano o gr\u00e3o de canola produzido pelos associados da Coopatrigo est\u00e1 sendo exportado para Dubai nos Emirados \u00c1rabes.<\/p>\n<p>O carregamento da Canola est\u00e1 ocorrendo nesse in\u00edcio de 2023 nos dois locais de recebimento deste produto que foi na Agroind\u00fastria em S\u00e3o Luiz Gonzaga e na Unidade de Bossoroca e a classifica\u00e7\u00e3o do produto est\u00e1 a cargo da Ascar Emater e a comercializa\u00e7\u00e3o foi efetivada pela Celena Alimentos.<\/p>\n<p>O Projeto Canola da Coopatrigo vem tendo uma ades\u00e3o crescente dos associados com o planejamento do cultiva ocorrendo sempre no m\u00eas de dezembro atrav\u00e9s da inscri\u00e7\u00e3o dos associados que v\u00e3o plantar essa cultura para a aquisi\u00e7\u00e3o da semente que \u00e9 todo importada. Nas proje\u00e7\u00f5es para o cultivo da canola em 2023 \u00e9 de que em torno de 13 mil hectares dever\u00e3o ser plantadas dentro do Projeto Canola Coopatrigo que prev\u00ea o fornecimento de todos os insumos, assist\u00eancia t\u00e9cnica e a garantia de recebimento e comercializa\u00e7\u00e3o da safra.<\/p>\n<p>&nbsp;<\/p>\n<p>Roberto Marques\/Filipe Reichert<\/p>\n<p>Assessoria de Comunica\u00e7\u00e3o Coopatrigo<\/p>\n<\/div><\/div>","protected":false},"excerpt":{"rendered":"<p>O Projeto Canola desenvolvido pela Coopatrigo como uma alternativa de produ\u00e7\u00e3o no inverno em nossa regi\u00e3o atrav\u00e9s de uma parceria com a Celena Alimentos e que teve uma boa safra no \u00faltimo cultivo est\u00e1 tendo novas alternativas de comercializa\u00e7\u00e3o e esse ano o gr\u00e3o de canola produzido pelos associados da Coopatrigo est\u00e1 sendo exportado para [&hellip;]<\/p>\n","protected":false},"author":5,"featured_media":35628,"comment_status":"open","ping_status":"open","sticky":false,"template":"","format":"standard","meta":{"_acf_changed":false,"footnotes":""},"categories":[1],"tags":[],"class_list":["post-35625","post","type-post","status-publish","format-standard","has-post-thumbnail","hentry","category-noticias"],"acf":[],"_links":{"self":[{"href":"https:\/\/www.coopatrigo.com.br\/novo\/wp-json\/wp\/v2\/posts\/35625","targetHints":{"allow":["GET"]}}],"collection":[{"href":"https:\/\/www.coopatrigo.com.br\/novo\/wp-json\/wp\/v2\/posts"}],"about":[{"href":"https:\/\/www.coopatrigo.com.br\/novo\/wp-json\/wp\/v2\/types\/post"}],"author":[{"embeddable":true,"href":"https:\/\/www.coopatrigo.com.br\/novo\/wp-json\/wp\/v2\/users\/5"}],"replies":[{"embeddable":true,"href":"https:\/\/www.coopatrigo.com.br\/novo\/wp-json\/wp\/v2\/comments?post=35625"}],"version-history":[{"count":0,"href":"https:\/\/www.coopatrigo.com.br\/novo\/wp-json\/wp\/v2\/posts\/35625\/revisions"}],"wp:featuredmedia":[{"embeddable":true,"href":"https:\/\/www.coopatrigo.com.br\/novo\/wp-json\/wp\/v2\/media\/35628"}],"wp:attachment":[{"href":"https:\/\/www.coopatrigo.com.br\/novo\/wp-json\/wp\/v2\/media?parent=35625"}],"wp:term":[{"taxonomy":"category","embeddable":true,"href":"https:\/\/www.coopatrigo.com.br\/novo\/wp-json\/wp\/v2\/categories?post=35625"},{"taxonomy":"post_tag","embeddable":true,"href":"https:\/\/www.coopatrigo.com.br\/novo\/wp-json\/wp\/v2\/tags?post=35625"}],"curies":[{"name":"wp","href":"https:\/\/api.w.org\/{rel}","templated":true}]}}