{"id":35698,"date":"2023-02-07T16:46:55","date_gmt":"2023-02-07T19:46:55","guid":{"rendered":"https:\/\/www.coopatrigo.com.br\/novo\/?p=35698"},"modified":"2023-02-07T16:46:55","modified_gmt":"2023-02-07T19:46:55","slug":"coopatrigo-inicia-roteiro-de-reunioes-regionais-de-prestacao-de-contas-2","status":"publish","type":"post","link":"https:\/\/www.coopatrigo.com.br\/novo\/2023\/02\/07\/coopatrigo-inicia-roteiro-de-reunioes-regionais-de-prestacao-de-contas-2\/","title":{"rendered":"Coopatrigo inicia roteiro de Reuni\u00f5es Regionais de Presta\u00e7\u00e3o de Contas"},"content":{"rendered":"<div id=\"dslc-main\">\n\t\t<div  class=\"dslc-modules-section \" style=\"padding-bottom:30px;padding-top:30px;background-color:#16452c;background-image:url(https:\/\/www.coopatrigo.com.br\/novo\/wp-content\/uploads\/2021\/02\/bg.png);background-position:center center;\" data-section-id=\"74a23622ed4\">\n\t\t\t\t\n\t\t\t\t\n\t\t\t\t<div class=\"dslc-modules-section-wrapper dslc-clearfix\"><div class=\"dslc-modules-area dslc-col dslc-12-col dslc-last-col dslc-valign- \" data-size=\"12\" data-valign=\"\">\n\t\t<div id=\"dslc-module-24\" class=\"dslc-module-front dslc-module-DSLC_TP_Title dslc-in-viewport-check dslc-in-viewport-anim-none  dslc-col dslc-12-col dslc-last-col  dslc-module-handle-like-regular \" data-module-id=\"24\" data-module=\"DSLC_TP_Title\" data-dslc-module-size=\"12\" data-dslc-anim=\"none\" data-dslc-anim-delay=\"\" data-dslc-anim-duration=\"650\"  data-dslc-anim-easing=\"ease\" data-dslc-preset=\"none\" >\n\n\t\t\t\n\t\t\t\n\t\t\r\n\t\t\t\t<div class=\"dslc-tp-title\"><h1>Coopatrigo inicia roteiro de Reuni\u00f5es Regionais de Presta\u00e7\u00e3o de Contas<\/h1><\/div>\r\n\r\n\t\t\t\n\t\t\t\t<\/div><!-- .dslc-module -->\n\t\t\n\t\t<div id=\"dslc-module-25\" class=\"dslc-module-front dslc-module-DSLC_TP_Meta dslc-in-viewport-check dslc-in-viewport-anim-none  dslc-col dslc-12-col dslc-last-col  dslc-module-handle-like-regular \" data-module-id=\"25\" data-module=\"DSLC_TP_Meta\" data-dslc-module-size=\"12\" data-dslc-anim=\"none\" data-dslc-anim-delay=\"\" data-dslc-anim-duration=\"650\"  data-dslc-anim-easing=\"ease\" data-dslc-preset=\"none\" >\n\n\t\t\t\n\t\t\t\n\t\t\r\n\t\t\t\t<div class=\"dslc-tp-meta dslc-tp-meta-horizontal\">\r\n\t\t\t\t\t<ul class=\"dslc-clearfix\">\r\n\r\n\t\t\t\t\t\t\t\t\t\t\t\t\t<li>7 de fevereiro de 2023<\/li>\r\n\t\t\t\t\t\t\r\n\t\t\t\t\t\t\r\n\t\t\t\t\t\t\r\n\t\t\t\t\t\t\r\n\t\t\t\t\t\t\r\n\t\t\t\t\t<\/ul>\r\n\t\t\t\t<\/div>\r\n\r\n\t\t\t\n\t\t\t\t<\/div><!-- .dslc-module -->\n\t\t<\/div><\/div><\/div>\n\t\t<div  class=\"dslc-modules-section \" style=\"padding-bottom:30px;padding-top:30px;background-color:rgba(230, 230, 230, 0);border-color:rgb(230, 230, 230);border-top-style: hidden; border-right-style: hidden; border-bottom-style: hidden; border-left-style: hidden; \" data-section-id=\"2b557989cda\">\n\t\t\t\t\n\t\t\t\t\n\t\t\t\t<div class=\"dslc-modules-section-wrapper dslc-clearfix\"><div class=\"dslc-modules-area dslc-col dslc-1-col dslc-first-col dslc-valign-undefined \" data-size=\"1\" data-valign=\"undefined\"><\/div><div class=\"dslc-modules-area dslc-col dslc-10-col  dslc-valign- \" data-size=\"10\" data-valign=\"\">\n\t\t<div id=\"dslc-module-a7d04abcf7f\" class=\"dslc-module-front dslc-module-DSLC_TP_Thumbnail dslc-in-viewport-check dslc-in-viewport-anim-none  dslc-col dslc-12-col dslc-last-col  dslc-module-handle-like-regular \" data-module-id=\"a7d04abcf7f\" data-module=\"DSLC_TP_Thumbnail\" data-dslc-module-size=\"12\" data-dslc-anim=\"none\" data-dslc-anim-delay=\"\" data-dslc-anim-duration=\"650\"  data-dslc-anim-easing=\"ease\" data-dslc-preset=\"none\" >\n\n\t\t\t\n\t\t\t\n\t\t\r\n\t\t\t<div class=\"dslc-tp-thumbnail\">\r\n\t\t\t\t\t\t\t\t\t\t\t\t\t\t\t<img width=\"2560\" height=\"1564\" src=\"https:\/\/www.coopatrigo.com.br\/novo\/wp-content\/uploads\/2023\/02\/Diretores-scaled.jpg\" class=\"attachment-full size-full wp-post-image\" alt=\"\" title=\"Diretores\" srcset=\"https:\/\/www.coopatrigo.com.br\/novo\/wp-content\/uploads\/2023\/02\/Diretores-scaled.jpg 2560w, https:\/\/www.coopatrigo.com.br\/novo\/wp-content\/uploads\/2023\/02\/Diretores-300x183.jpg 300w, https:\/\/www.coopatrigo.com.br\/novo\/wp-content\/uploads\/2023\/02\/Diretores-1024x626.jpg 1024w, https:\/\/www.coopatrigo.com.br\/novo\/wp-content\/uploads\/2023\/02\/Diretores-768x469.jpg 768w, https:\/\/www.coopatrigo.com.br\/novo\/wp-content\/uploads\/2023\/02\/Diretores-1536x939.jpg 1536w, https:\/\/www.coopatrigo.com.br\/novo\/wp-content\/uploads\/2023\/02\/Diretores-2048x1251.jpg 2048w\" sizes=\"(max-width: 2560px) 100vw, 2560px\" \/>\t\t\t\t\t\t\t\t\t\t\t\t<\/div>\r\n\r\n\t\t\r\n\t\t\n\t\t\t\t<\/div><!-- .dslc-module -->\n\t\t\n\t\t<div id=\"dslc-module-26\" class=\"dslc-module-front dslc-module-DSLC_TP_Content dslc-in-viewport-check dslc-in-viewport-anim-none  dslc-col dslc-12-col dslc-last-col  dslc-module-handle-like-regular \" data-module-id=\"26\" data-module=\"DSLC_TP_Content\" data-dslc-module-size=\"12\" data-dslc-anim=\"none\" data-dslc-anim-delay=\"\" data-dslc-anim-duration=\"650\"  data-dslc-anim-easing=\"ease\" data-dslc-preset=\"none\" >\n\n\t\t\t\n\t\t\t\n\t\t<div class=\"dslc-tp-content\"><div id=\"dslc-theme-content\"><div id=\"dslc-theme-content-inner\"><p>A Coopatrigo dar\u00e1 in\u00edcio no pr\u00f3ximo dia 14 de fevereiro ao seu tradicional processo de presta\u00e7\u00e3o de contas aos seus associados com a realiza\u00e7\u00e3o das Reuni\u00f5es Regionais que antecedem a Assembleia Geral Ordin\u00e1ria.<\/p>\n<p>Nos encontros ser\u00e3o apresentados os n\u00fameros cont\u00e1beis da Coopatrigo referente ao exerc\u00edcio de 2022, onde conforme j\u00e1 foi divulgado a Cooperativa superou as dificuldades da frustra\u00e7\u00e3o na safra de soja e conseguiu fechar o ano com um faturamento bruto de R$2 bilh\u00f5es, oportunizando um bom resultado e destina\u00e7\u00e3o de \u201cRetorno\u201d aos associados e Participa\u00e7\u00e3o nos Resultados aos colaboradores.<\/p>\n<p>Tamb\u00e9m nos encontros a Diretoria vai apresentar as principais a\u00e7\u00f5es desenvolvidas pela Coopatrigo e os investimentos realizados e j\u00e1 apresenta o or\u00e7amento de 2023 para os associados.<\/p>\n<p>Na parte organizacional a Lideran\u00e7a da Coopatrigo forma a sua chapa ao Conselho Fiscal que ser\u00e1 apresentada na AGO, que ainda n\u00e3o foi marcada. Este ser\u00e1 o roteiro das Reuni\u00f5es Regionais da Coopatrigo:<\/p>\n<p>14\/02 \u2013 (ter\u00e7a-feira):<\/p>\n<p>15h \u2013 Cap\u00e3o do Cip\u00f3 \u2013 Local: Pavilh\u00e3o Parque de Exposi\u00e7\u00f5es<\/p>\n<p>19h \u2013 Santiago \u2013 Local: CTG Os Tropeiros<\/p>\n<p>15\/02 \u2013 (quarta-feira):<\/p>\n<p>10h30min &#8211; Pirap\u00f3 \u2013 Local: Sal\u00e3o Paroquial<\/p>\n<p>19h \u2013 Santo Ant\u00f4nio (S\u00e3o Greg\u00f3rio e S\u00e3o Jos\u00e9) \u2013 Local: Sindicato dos Trabalhadores Rurais<\/p>\n<p>16\/02 \u2013 (quinta-feira):<\/p>\n<p>10h30min \u2013 S\u00e3o Nicolau \u2013 Local: Clube da Terceira Idade<\/p>\n<p>19h \u2013 Roque + Dezesseis de novembro \u2013 Local: Clube da Terceira Idade de Roque Gonzales<\/p>\n<p>17\/02 \u2013 (sexta-feira):<\/p>\n<p>10h30min \u2013 Bossoroca \u2013 Local: Sal\u00e3o Paroquial<\/p>\n<p>19h \u2013 Sede + S\u00e3o Louren\u00e7o \u2013 Local: Associa\u00e7\u00e3o do Funcion\u00e1rios da Coopatrigo<\/p>\n<p>22\/02 \u2013 (quarta-feira):<\/p>\n<p>10h30min \u2013 Caibat\u00e9, Mato Queimado e Vista alegre &#8211; Local: Sal\u00e3o Paroquial de Mato Queimado<\/p>\n<p>23\/02 \u2013 (quinta-feira):<\/p>\n<p>10h30min \u2013 Garruchos \u2013 Local: Sal\u00e3o Paroquial S\u00e3o Jos\u00e9 Velho<\/p>\n<p>24\/02 (sexta-feira):<\/p>\n<p>10h30min \u2013 Rolador \u2013 Local: Sal\u00e3o Paroquial<\/p>\n<p>&nbsp;<\/p>\n<p>Roberto Marques<\/p>\n<p>Assessoria de Comunica\u00e7\u00e3o Coopatrigo<\/p>\n<p>&nbsp;<\/p>\n<\/div><\/div><\/div>\n\t\t\t\t<\/div><!-- .dslc-module -->\n\t\t<\/div><\/div><\/div><\/div><input type=\"hidden\" id=\"dslca-post-data-thumb\" value=\"https:\/\/www.coopatrigo.com.br\/novo\/wp-content\/uploads\/2023\/02\/Diretores-scaled.jpg\" \/>","protected":false},"excerpt":{"rendered":"<p>Coopatrigo inicia roteiro de Reuni\u00f5es Regionais de Presta\u00e7\u00e3o de Contas 7 de fevereiro de 2023 A Coopatrigo dar\u00e1 in\u00edcio no pr\u00f3ximo dia 14 de fevereiro ao seu tradicional processo de presta\u00e7\u00e3o de contas aos seus associados com a realiza\u00e7\u00e3o das Reuni\u00f5es Regionais que antecedem a Assembleia Geral Ordin\u00e1ria. Nos encontros ser\u00e3o apresentados os n\u00fameros cont\u00e1beis [&hellip;]<\/p>\n","protected":false},"author":5,"featured_media":35699,"comment_status":"open","ping_status":"open","sticky":false,"template":"","format":"standard","meta":{"_acf_changed":false,"footnotes":""},"categories":[1],"tags":[],"class_list":["post-35698","post","type-post","status-publish","format-standard","has-post-thumbnail","hentry","category-noticias"],"acf":[],"_links":{"self":[{"href":"https:\/\/www.coopatrigo.com.br\/novo\/wp-json\/wp\/v2\/posts\/35698","targetHints":{"allow":["GET"]}}],"collection":[{"href":"https:\/\/www.coopatrigo.com.br\/novo\/wp-json\/wp\/v2\/posts"}],"about":[{"href":"https:\/\/www.coopatrigo.com.br\/novo\/wp-json\/wp\/v2\/types\/post"}],"author":[{"embeddable":true,"href":"https:\/\/www.coopatrigo.com.br\/novo\/wp-json\/wp\/v2\/users\/5"}],"replies":[{"embeddable":true,"href":"https:\/\/www.coopatrigo.com.br\/novo\/wp-json\/wp\/v2\/comments?post=35698"}],"version-history":[{"count":0,"href":"https:\/\/www.coopatrigo.com.br\/novo\/wp-json\/wp\/v2\/posts\/35698\/revisions"}],"wp:featuredmedia":[{"embeddable":true,"href":"https:\/\/www.coopatrigo.com.br\/novo\/wp-json\/wp\/v2\/media\/35699"}],"wp:attachment":[{"href":"https:\/\/www.coopatrigo.com.br\/novo\/wp-json\/wp\/v2\/media?parent=35698"}],"wp:term":[{"taxonomy":"category","embeddable":true,"href":"https:\/\/www.coopatrigo.com.br\/novo\/wp-json\/wp\/v2\/categories?post=35698"},{"taxonomy":"post_tag","embeddable":true,"href":"https:\/\/www.coopatrigo.com.br\/novo\/wp-json\/wp\/v2\/tags?post=35698"}],"curies":[{"name":"wp","href":"https:\/\/api.w.org\/{rel}","templated":true}]}}