{"id":35705,"date":"2023-02-08T16:05:05","date_gmt":"2023-02-08T19:05:05","guid":{"rendered":"https:\/\/www.coopatrigo.com.br\/novo\/?p=35705"},"modified":"2023-02-08T16:05:05","modified_gmt":"2023-02-08T19:05:05","slug":"cooperativas-agropecuarias-gauchas-debatem-cenario-para-o-trigo","status":"publish","type":"post","link":"https:\/\/www.coopatrigo.com.br\/novo\/2023\/02\/08\/cooperativas-agropecuarias-gauchas-debatem-cenario-para-o-trigo\/","title":{"rendered":"Cooperativas agropecu\u00e1rias ga\u00fachas debatem cen\u00e1rio para o trigo"},"content":{"rendered":"<div id=\"dslc-theme-content\"><div id=\"dslc-theme-content-inner\"><div>Depois de uma safra recorde de trigo no Rio Grande do Sul, \u00e9 hora de olhar o mercado para a pr\u00f3xima temporada. A Federa\u00e7\u00e3o das Cooperativas Agropecu\u00e1rias do Estado do Rio Grande do Sul (FecoAgro\/RS) reuniu dirigentes de forma virtual para falar sobre os cen\u00e1rios para o cereal. O convidado para falar sobre o assunto foi o analista de Safras e Mercado, \u00c9lcio Bento.<br aria-hidden=\"true\" \/><br aria-hidden=\"true\" \/>Segundo o especialista, neste in\u00edcio de fevereiro o mercado de trigo est\u00e1 lento. Ele salientou que os moinhos est\u00e3o abastecidos e na defensiva. &#8220;Eles sabem que tem uma safra recorde no Rio Grande do Sul, que os pre\u00e7os para exporta\u00e7\u00e3o a partir do m\u00eas de janeiro, com a queda do d\u00f3lar, travou a exporta\u00e7\u00e3o e que o iminente ingresso da safra de ver\u00e3o pode trazer necessidade de venda para produtores que precisam abrir espa\u00e7os em seus armaz\u00e9ns&#8221;, destacou.<br aria-hidden=\"true\" \/><br aria-hidden=\"true\" \/>Na outra ponta, conforme o analista, os produtores est\u00e3o voltados para a safra de ver\u00e3o e n\u00e3o t\u00eam o interesse de vender o produto aos atuais patamares de pre\u00e7os neste momento. Bento refor\u00e7ou tamb\u00e9m que houve quebra de qualidade no trigo do Paran\u00e1, o que deve abrir as fronteiras interestaduais para as negocia\u00e7\u00f5es do cereal, al\u00e9m da baixa disponibilidade na Argentina, que tamb\u00e9m vem sofrendo com os efeitos clim\u00e1ticos. &#8220;Essa aus\u00eancia argentina em grande parte das compras aqui no Brasil \u00e9 que vai abrir espa\u00e7o para a comercializa\u00e7\u00e3o&#8221;, observou.<\/div>\n<div><\/div>\n<div>Sobre o cen\u00e1rio internacional, Bento refor\u00e7ou, citando dados de janeiro do Departamento de Agricultura dos Estados Unidos (USDA), que a oferta j\u00e1 est\u00e1 definida. &#8220;O que est\u00e1 se definindo e pode ter alguma altera\u00e7\u00e3o no relat\u00f3rio de fevereiro, \u00e9 que podemos ter mudan\u00e7a no Hemisf\u00e9rio Sul, pois o pessoal l\u00e1 para cima j\u00e1 terminou a colheita em setembro. E agora o pessoal que terminou em janeiro \u00e9 que ainda pode ter algum balanceamento, de ajuste fino nessa produ\u00e7\u00e3o. O que pode mudar \u00e9 a quest\u00e3o da demanda, como alguma coisa nas exporta\u00e7\u00f5es dos Estados Unidos que t\u00eam muito pouco trigo&#8221;, frisou, acrescentando que os norte-americanos vivem uma situa\u00e7\u00e3o complicada na safra de inverno devido ao excesso de frio e isso deve determinar as cota\u00e7\u00f5es do cereal daqui para frente.<br aria-hidden=\"true\" \/><br aria-hidden=\"true\" \/>Sobre a situa\u00e7\u00e3o da guerra entre R\u00fassia e Ucr\u00e2nia, o analista lembrou que o plantio da safra nos dois pa\u00edses j\u00e1 estava definido quando o conflito iniciou. \u201cTivemos tombos de produ\u00e7\u00e3o na Ucr\u00e2nia, na Argentina e na \u00cdndia. Na Ucr\u00e2nia sabemos os motivos de \u00a0uma quebra de 12 milh\u00f5es de toneladas. Foi a dificuldade de manejo que fez com que tivesse essa quebra e agora a safra est\u00e1 sendo plantada com o pa\u00eds invadido\u201d, avaliou, acrescentando que o mercado j\u00e1 precificou o fator guerra.<br aria-hidden=\"true\" \/><br aria-hidden=\"true\" \/>Em compensa\u00e7\u00e3o, na outra ponta, a R\u00fassia aumentou em 16 milh\u00f5es de toneladas e vindo para o mercado com pre\u00e7os competitivos. \u201cO pre\u00e7o na R\u00fassia no FOB Mar Negro estava despencando. Toda essa incerteza que se tinha sobre o abastecimento da R\u00fassia no p\u00f3s-guerra estamos vendo que n\u00e3o se consolidou. N\u00e3o se tem san\u00e7\u00f5es em cima do trigo, um alimento b\u00e1sico para a popula\u00e7\u00e3o\u201d, avaliou.<br aria-hidden=\"true\" \/><br aria-hidden=\"true\" \/>Sobre a Argentina, Bento explicou que a perspectiva era de uma colheita de 20 milh\u00f5es de toneladas, mas o pa\u00eds vizinho colher\u00e1 apenas 11 milh\u00f5es de toneladas do cereal. \u201cNo ano passado a Argentina vendeu 90% de todo o trigo que o Brasil comprou. Essa fraqueza da Argentina no mercado de exporta\u00e7\u00e3o vai trazer a necessidade de o Brasil buscar mais trigo em outras origens, em especial da R\u00fassia que neste ano comercial j\u00e1 \u00e9 o segundo maior vendedor de trigo\u201d, afirmou.<br aria-hidden=\"true\" \/><br aria-hidden=\"true\" \/>No cen\u00e1rio brasileiro, o analista de Safras e Mercado destacou que o Rio Grande do Sul se salvou dos problemas clim\u00e1ticos que atingiram outros Estados do Sul. Com isso, o Estado pode se tornar fornecedor do cereal para mercados internos que n\u00e3o tiveram o mesmo potencial dos ga\u00fachos. \u201c\u00c9 um ano que temos bastante excedente e teremos que colocar no mercado internacional. S\u00f3 que boa parte deste excedente do trigo de boa qualidade foi prejudicado no Paran\u00e1, que vai precisar comprar muito de fora. Comprar da Argentina est\u00e1 caro, trazer da R\u00fassia \u00e9 longe. Ent\u00e3o esta fronteira do Rio Grande do Sul pode se abrir de forma interestadual. O que prejudica \u00e9 o frete que j\u00e1 est\u00e1 alto e com a colheita da safra de ver\u00e3o deve ficar mais caro, e a quest\u00e3o do ICMS alto que tamb\u00e9m trava\u201d, complementou.<\/div>\n<div><\/div>\n<div>\n<div id=\"x_gmail-:140\" class=\"x_gmail-ii x_gmail-gt\">\n<div id=\"x_gmail-:13z\" class=\"x_gmail-a3s x_gmail-aiL\">\n<div dir=\"ltr\">\n<div id=\"x_m_131317861621201934gmail-:ow\">\n<div id=\"x_m_131317861621201934gmail-:os\" role=\"textbox\" aria-label=\"Corpo da mensagem\">\n<div>\n<div>\n<div><i>Foto: Divulga\u00e7\u00e3o<br aria-hidden=\"true\" \/><\/i><\/div>\n<div><i>Texto: Nestor Tipa J\u00fanior\/AgroEffective<\/i><\/div>\n<\/div>\n<\/div>\n<\/div>\n<\/div>\n<\/div>\n<\/div>\n<\/div>\n<\/div>\n<\/div><\/div>","protected":false},"excerpt":{"rendered":"<p>Depois de uma safra recorde de trigo no Rio Grande do Sul, \u00e9 hora de olhar o mercado para a pr\u00f3xima temporada. A Federa\u00e7\u00e3o das Cooperativas Agropecu\u00e1rias do Estado do Rio Grande do Sul (FecoAgro\/RS) reuniu dirigentes de forma virtual para falar sobre os cen\u00e1rios para o cereal. O convidado para falar sobre o assunto [&hellip;]<\/p>\n","protected":false},"author":5,"featured_media":35706,"comment_status":"open","ping_status":"open","sticky":false,"template":"","format":"standard","meta":{"_acf_changed":false,"footnotes":""},"categories":[1],"tags":[],"class_list":["post-35705","post","type-post","status-publish","format-standard","has-post-thumbnail","hentry","category-noticias"],"acf":[],"_links":{"self":[{"href":"https:\/\/www.coopatrigo.com.br\/novo\/wp-json\/wp\/v2\/posts\/35705","targetHints":{"allow":["GET"]}}],"collection":[{"href":"https:\/\/www.coopatrigo.com.br\/novo\/wp-json\/wp\/v2\/posts"}],"about":[{"href":"https:\/\/www.coopatrigo.com.br\/novo\/wp-json\/wp\/v2\/types\/post"}],"author":[{"embeddable":true,"href":"https:\/\/www.coopatrigo.com.br\/novo\/wp-json\/wp\/v2\/users\/5"}],"replies":[{"embeddable":true,"href":"https:\/\/www.coopatrigo.com.br\/novo\/wp-json\/wp\/v2\/comments?post=35705"}],"version-history":[{"count":0,"href":"https:\/\/www.coopatrigo.com.br\/novo\/wp-json\/wp\/v2\/posts\/35705\/revisions"}],"wp:featuredmedia":[{"embeddable":true,"href":"https:\/\/www.coopatrigo.com.br\/novo\/wp-json\/wp\/v2\/media\/35706"}],"wp:attachment":[{"href":"https:\/\/www.coopatrigo.com.br\/novo\/wp-json\/wp\/v2\/media?parent=35705"}],"wp:term":[{"taxonomy":"category","embeddable":true,"href":"https:\/\/www.coopatrigo.com.br\/novo\/wp-json\/wp\/v2\/categories?post=35705"},{"taxonomy":"post_tag","embeddable":true,"href":"https:\/\/www.coopatrigo.com.br\/novo\/wp-json\/wp\/v2\/tags?post=35705"}],"curies":[{"name":"wp","href":"https:\/\/api.w.org\/{rel}","templated":true}]}}