{"id":35884,"date":"2023-02-24T08:19:57","date_gmt":"2023-02-24T11:19:57","guid":{"rendered":"https:\/\/www.coopatrigo.com.br\/novo\/?p=35884"},"modified":"2023-02-24T08:19:57","modified_gmt":"2023-02-24T11:19:57","slug":"forum-nacional-da-soja-vai-discutir-cenarios-para-a-cultura-e-o-setor","status":"publish","type":"post","link":"https:\/\/www.coopatrigo.com.br\/novo\/2023\/02\/24\/forum-nacional-da-soja-vai-discutir-cenarios-para-a-cultura-e-o-setor\/","title":{"rendered":"F\u00f3rum Nacional da Soja vai discutir cen\u00e1rios para a cultura e o setor"},"content":{"rendered":"<div id=\"dslc-theme-content\"><div id=\"dslc-theme-content-inner\"><div>Tradicional evento dentro da Expodireto Cotrijal, o F\u00f3rum Nacional da Soja chega a sua 33\u00aa edi\u00e7\u00e3o trazendo importantes debates sobre o agroneg\u00f3cio brasileiro. Organizado pela Federa\u00e7\u00e3o das Cooperativas Agropecu\u00e1rias do Estado do Rio Grande do Sul (FecoAgro\/RS) e Cotrijal, com patroc\u00ednio da CCGL Termasa &#8211; Tergrasa, o evento trar\u00e1 na ter\u00e7a-feira, 7 de mar\u00e7o, a partir das 9h no Audit\u00f3rio Central do Parque da Expodireto, em N\u00e3o-Me-Toque (RS), tr\u00eas painelistas.<br aria-hidden=\"true\" \/><br aria-hidden=\"true\" \/>O primeiro assunto que ser\u00e1 abordado ser\u00e1 &#8220;Soja Baixo Carbono e Sustentabilidade Sistemas Produtivos&#8221;, com Alexandre Lima Nepomuceno, que \u00e9 membro do Comit\u00ea Gestor do Instituto Nacional de Ci\u00eancia e Tecnologia em Biologia Sint\u00e9tica (INCT-BioSyn). Al\u00e9m disso, \u00e9 membro Titular do Comit\u00ea Assessor do Centro Latino-Americano de Biotecnologia (Cabbio). Desde abril 2018 representa o Brasil, que participa como convidado, nas reuni\u00f5es da OECD nos grupos de discuss\u00e3o: Safety of Novel Foods and Feeds (WG-SNFF) e Harmonisation of Regulatory Oversight in Biotechnology (WG-HROB). Atualmente \u00e9 o Chefe-Geral do Centro Nacional de Pesquisa de Soja (Embrapa Soja).<br aria-hidden=\"true\" \/><br aria-hidden=\"true\" \/>Na sequ\u00eancia ser\u00e1 a vez do tema \u201cPanorama Commodities e Tend\u00eancias do Agroneg\u00f3cio\u201d, com Marcos Araujo, que come\u00e7ou como corretor de gr\u00e3os na Agrinvest Commodities em 2003, com passagem pela Daniels Trading na cidade de Chicago, atendendo clientes do agroneg\u00f3cio brasileiro nas opera\u00e7\u00f5es na Bolsa de Chicago &#8211; CBOT. Atuou tamb\u00e9m no mercado de derivativos na Bolsa de Mercadorias &amp; Futuros &#8211; B3 (Antiga BM&amp;F) e \u00e9 agente aut\u00f4nomo de Investimentos certificado pela Comiss\u00e3o de Valores Mobili\u00e1rios (CVM).<br aria-hidden=\"true\" \/><br aria-hidden=\"true\" \/>Finalizando a manh\u00e3, o assunto ser\u00e1 \u201cAn\u00e1lise Macroecon\u00f4mica e Pol\u00edtica e impactos ao Agroneg\u00f3cio\u201d, com o palestrante \u00c1lvaro Frasson. Economista graduado pela Udesc, Mestre em Economia Aplicada pela Ufrgs e P\u00f3s-Graduado em finan\u00e7as pelo Insper. Possui mais de dez anos de experi\u00eancia no mercado financeiro, com atua\u00e7\u00e3o focada em \u00e1reas de pesquisa, tanto em a\u00e7\u00f5es quanto macroecon\u00f4micas. Desde 2019 integra o time de macroeconomia do BTG Pactual.<br aria-hidden=\"true\" \/><br aria-hidden=\"true\" \/>O presidente da FecoAgro\/RS, Paulo Pires, salienta que o F\u00f3rum Nacional da Soja, que \u00e9 mais antigo que a pr\u00f3pria Expodireto Cotrijal, se consolidou como um grande momento de debates. \u201cOs debates que v\u00e3o ocorrer neste ano s\u00e3o pontuais e de extrema import\u00e2ncia para a produ\u00e7\u00e3o agropecu\u00e1ria que vai ganhando um outro enfoque no mundo todo. Sempre a viabilidade econ\u00f4mica e a capacidade de produzir era o que importava, mas agora temos a quest\u00e3o da inser\u00e7\u00e3o na quest\u00e3o do meio ambiente, na quest\u00e3o do sequestro de carbono e sustentabilidade, principalmente, pois se torna uma miss\u00e3o de todos a preserva\u00e7\u00e3o do meio ambiente. Com cada um fazendo a sua parte neste contexto da preserva\u00e7\u00e3o, principalmente n\u00f3s, que n\u00e3o temos a mesma condi\u00e7\u00e3o de desenvolvimento de que pa\u00edses da Europa, temos que ter condi\u00e7\u00f5es de preservar e de nesta preserva\u00e7\u00e3o conseguir fornecer tamb\u00e9m a quest\u00e3o social para as pessoas que preservam e que vivem neste entorno. E esta quest\u00e3o do sequestro de carbono e sustentabilidade pode ajudar muito nisso\u201d, destaca.<br aria-hidden=\"true\" \/><br aria-hidden=\"true\" \/>O F\u00f3rum Nacional da Soja se transformou em um importante encontro de lideran\u00e7as das cooperativas agropecu\u00e1rias, t\u00e9cnicos, produtores, especialistas em mercados, pesquisadores e agentes governamentais para debater diferentes aspectos da produ\u00e7\u00e3o, comercializa\u00e7\u00e3o, exporta\u00e7\u00e3o, beneficiamento, abastecimento interno e externo da soja e seus derivados, com foco nas tend\u00eancias do mercado. Tamb\u00e9m como prop\u00f3sito, o F\u00f3rum contribuiu na discuss\u00e3o de perspectivas estrat\u00e9gicas do agroneg\u00f3cio do Rio Grande do Sul.<br aria-hidden=\"true\" \/><br aria-hidden=\"true\" \/>O evento proporcionou em sua trajet\u00f3ria grandes debates sobre temas relevantes relacionados ao complexo produtivo da soja, tais como: globaliza\u00e7\u00e3o de mercado; biotecnologia, soja org\u00e2nica, mercado internacional, custos de produ\u00e7\u00e3o, financiamento do agroneg\u00f3cio, endividamento rural, securitiza\u00e7\u00e3o, pol\u00edtica cambial, seguro agr\u00edcola, biocombust\u00edvel, reforma e desonera\u00e7\u00e3o tribut\u00e1ria, log\u00edstica, custo Brasil, infraestrutura, competitividade da soja, agricultura de precis\u00e3o, sustentabilidade e cen\u00e1rios do agroneg\u00f3cio.<br aria-hidden=\"true\" \/><br aria-hidden=\"true\" \/>Informa\u00e7\u00f5es e inscri\u00e7\u00f5es podem ser obtidas no site\u00a0<a href=\"https:\/\/www.sympla.com.br\/evento\/33-forum-nacional-da-soja\/1879881?lang=PT\" target=\"_blank\" rel=\"noopener noreferrer\" data-auth=\"NotApplicable\" data-safelink=\"true\" data-linkindex=\"1\">https:\/\/www.sympla.com.br\/evento\/33-forum-nacional-da-soja\/1879881?lang=PT<\/a>.<\/div>\n<div><\/div>\n<div>\n<div id=\"x_gmail-:pc\" class=\"x_gmail-ii x_gmail-gt\">\n<div id=\"x_gmail-:283\" class=\"x_gmail-a3s x_gmail-aiL\">\n<div dir=\"ltr\">\n<div><i>Foto: Divulga\u00e7\u00e3o<br aria-hidden=\"true\" \/>Texto: Nestor Tipa J\u00fanior\/AgroEffective<\/i><\/div>\n<\/div>\n<\/div>\n<\/div>\n<\/div>\n<\/div><\/div>","protected":false},"excerpt":{"rendered":"<p>Tradicional evento dentro da Expodireto Cotrijal, o F\u00f3rum Nacional da Soja chega a sua 33\u00aa edi\u00e7\u00e3o trazendo importantes debates sobre o agroneg\u00f3cio brasileiro. Organizado pela Federa\u00e7\u00e3o das Cooperativas Agropecu\u00e1rias do Estado do Rio Grande do Sul (FecoAgro\/RS) e Cotrijal, com patroc\u00ednio da CCGL Termasa &#8211; Tergrasa, o evento trar\u00e1 na ter\u00e7a-feira, 7 de mar\u00e7o, a [&hellip;]<\/p>\n","protected":false},"author":5,"featured_media":35885,"comment_status":"open","ping_status":"open","sticky":false,"template":"","format":"standard","meta":{"_acf_changed":false,"footnotes":""},"categories":[1],"tags":[],"class_list":["post-35884","post","type-post","status-publish","format-standard","has-post-thumbnail","hentry","category-noticias"],"acf":[],"_links":{"self":[{"href":"https:\/\/www.coopatrigo.com.br\/novo\/wp-json\/wp\/v2\/posts\/35884","targetHints":{"allow":["GET"]}}],"collection":[{"href":"https:\/\/www.coopatrigo.com.br\/novo\/wp-json\/wp\/v2\/posts"}],"about":[{"href":"https:\/\/www.coopatrigo.com.br\/novo\/wp-json\/wp\/v2\/types\/post"}],"author":[{"embeddable":true,"href":"https:\/\/www.coopatrigo.com.br\/novo\/wp-json\/wp\/v2\/users\/5"}],"replies":[{"embeddable":true,"href":"https:\/\/www.coopatrigo.com.br\/novo\/wp-json\/wp\/v2\/comments?post=35884"}],"version-history":[{"count":0,"href":"https:\/\/www.coopatrigo.com.br\/novo\/wp-json\/wp\/v2\/posts\/35884\/revisions"}],"wp:featuredmedia":[{"embeddable":true,"href":"https:\/\/www.coopatrigo.com.br\/novo\/wp-json\/wp\/v2\/media\/35885"}],"wp:attachment":[{"href":"https:\/\/www.coopatrigo.com.br\/novo\/wp-json\/wp\/v2\/media?parent=35884"}],"wp:term":[{"taxonomy":"category","embeddable":true,"href":"https:\/\/www.coopatrigo.com.br\/novo\/wp-json\/wp\/v2\/categories?post=35884"},{"taxonomy":"post_tag","embeddable":true,"href":"https:\/\/www.coopatrigo.com.br\/novo\/wp-json\/wp\/v2\/tags?post=35884"}],"curies":[{"name":"wp","href":"https:\/\/api.w.org\/{rel}","templated":true}]}}