{"id":36086,"date":"2023-03-06T11:52:35","date_gmt":"2023-03-06T14:52:35","guid":{"rendered":"https:\/\/www.coopatrigo.com.br\/novo\/?p=36086"},"modified":"2023-03-06T12:00:09","modified_gmt":"2023-03-06T15:00:09","slug":"paulo-pires-e-agraciando-com-o-trofeu-personalidade-do-agro-gaucho","status":"publish","type":"post","link":"https:\/\/www.coopatrigo.com.br\/novo\/2023\/03\/06\/paulo-pires-e-agraciando-com-o-trofeu-personalidade-do-agro-gaucho\/","title":{"rendered":"Paulo Pires \u00e9 agraciado com o trof\u00e9u Personalidade do Agro Ga\u00facho"},"content":{"rendered":"<div id=\"dslc-theme-content\"><div id=\"dslc-theme-content-inner\"><p>Na noite deste domingo, j\u00e1 fazendo parte da programa\u00e7\u00e3o deste ano, a Expodireto Cotrijal e a Rede Pampa estiveram promovendo em Carazinho mais uma edi\u00e7\u00e3o do Trof\u00e9u Brasil Expodireto que tem por objetivo homenagear lideran\u00e7as, empresas e entidades ga\u00fachas e nacionais que se destacaram ao longo de 2022, contribuindo para a evolu\u00e7\u00e3o no campo e para a consolida\u00e7\u00e3o do Rio Grande do Sul e do Brasil como pot\u00eancias do agro perante o mundo.<\/p>\n<p>O Presidente da Coopatrigo Paulo Cezar Vieira Pires, que tamb\u00e9m preside a Fecoagro\/RS foi um dos agraciados recebendo o trof\u00e9u \u201cPersonalidade do Agro Ga\u00facho\u201d.<\/p>\n<p>Al\u00e9m de Paulo Pires foi destacada tamb\u00e9m a homenagem a Carlos F\u00e1varo, ministro da Agricultura, Pecu\u00e1ria e Abastecimento, vencedor na categoria \u201cPersonalidade do Agro Nacional\u201d, bem como o Destaque Internacional Abena Pokua Adompim Busia, embaixadora de Gana no Brasil, pa\u00eds africano que enviar\u00e1 a maior delega\u00e7\u00e3o para esta edi\u00e7\u00e3o da feira.<\/p>\n<p>Confira todos os premiados do Trof\u00e9u Brasil Expodireto 2023:<\/p>\n<p>Agroind\u00fastria Familiar \u2013 Giacomini Alimentos<\/p>\n<p>Jovem Produtor Rural \u2013 Rog\u00e9rio Edemundo Gehring<\/p>\n<p>Produtor Rural \u2013 Jo\u00e3o Nelson Barboza<\/p>\n<p>Nutri\u00e7\u00e3o de Plantas \u2013 Yara Fertilizantes<\/p>\n<p>Produ\u00e7\u00e3o Animal \u2013 Rehagro Educa\u00e7\u00e3o no Agroneg\u00f3cio<\/p>\n<p>Ind\u00fastria de M\u00e1quinas e Implementos Agr\u00edcolas \u2013 Masal S.A. Ind\u00fastria e Com\u00e9rcio<\/p>\n<p>Obtentores de Sementes \u2013 OR Gen\u00e9tica de Sementes<\/p>\n<p>Tecnologia e Pesquisa \u2013 Rede T\u00e9cnica Cooperativa \u2013 CCGL<\/p>\n<p>Inova\u00e7\u00e3o \u2013 BASF S. A.<\/p>\n<p>Parceiro Comercial \u2013 Cargill Agricola S. A.<\/p>\n<p>Reconhecimento Ga\u00facho \u2013 Luiz Eduardo Batalha<\/p>\n<p>Destaque Internacional \u2013 Abena Pokua Adompim Busia<\/p>\n<p>Personalidade Ga\u00facha \u2013 Fernando Lucchese<\/p>\n<p>Institui\u00e7\u00e3o Ga\u00facha \u2013 BRDE<\/p>\n<p>Operadores de Transpar\u00eancia \u2013 Marco Peixoto<\/p>\n<p>Personalidade do Agro Ga\u00facho \u2013 Paulo C\u00e9sar Vieira Pires<\/p>\n<p>Lideran\u00e7a Empresarial Nacional \u2013 Alceu Elias Feldmann<\/p>\n<p>Sustentabilidade \u2013 Marjorie Kauffmann<\/p>\n<p>Lideran\u00e7a Setorial \u2013 Luiz Carlos Bohn<\/p>\n<p>Relev\u00e2ncia \u2013 Artur Lemos J\u00fanior<\/p>\n<p>Destaque Especial \u2013 Fernando Soares<\/p>\n<p>Reconhecimento Especial \u2013 Giovani Feltes<\/p>\n<p>Lideran\u00e7a Parlamentar Ga\u00facha \u2013 Vilmar Zanchin<\/p>\n<p>Personalidade do Agro Nacional \u2013 Carlos F\u00e1varo<\/p>\n<p>&nbsp;<\/p>\n<p>Roberto Marques<\/p>\n<p>Assessoria de Comunica\u00e7\u00e3o Coopatrigo<\/p>\n<\/div><\/div>","protected":false},"excerpt":{"rendered":"<p>Na noite deste domingo, j\u00e1 fazendo parte da programa\u00e7\u00e3o deste ano, a Expodireto Cotrijal e a Rede Pampa estiveram promovendo em Carazinho mais uma edi\u00e7\u00e3o do Trof\u00e9u Brasil Expodireto que tem por objetivo homenagear lideran\u00e7as, empresas e entidades ga\u00fachas e nacionais que se destacaram ao longo de 2022, contribuindo para a evolu\u00e7\u00e3o no campo e [&hellip;]<\/p>\n","protected":false},"author":5,"featured_media":36087,"comment_status":"open","ping_status":"open","sticky":false,"template":"","format":"standard","meta":{"_acf_changed":false,"footnotes":""},"categories":[1],"tags":[],"class_list":["post-36086","post","type-post","status-publish","format-standard","has-post-thumbnail","hentry","category-noticias"],"acf":[],"_links":{"self":[{"href":"https:\/\/www.coopatrigo.com.br\/novo\/wp-json\/wp\/v2\/posts\/36086","targetHints":{"allow":["GET"]}}],"collection":[{"href":"https:\/\/www.coopatrigo.com.br\/novo\/wp-json\/wp\/v2\/posts"}],"about":[{"href":"https:\/\/www.coopatrigo.com.br\/novo\/wp-json\/wp\/v2\/types\/post"}],"author":[{"embeddable":true,"href":"https:\/\/www.coopatrigo.com.br\/novo\/wp-json\/wp\/v2\/users\/5"}],"replies":[{"embeddable":true,"href":"https:\/\/www.coopatrigo.com.br\/novo\/wp-json\/wp\/v2\/comments?post=36086"}],"version-history":[{"count":0,"href":"https:\/\/www.coopatrigo.com.br\/novo\/wp-json\/wp\/v2\/posts\/36086\/revisions"}],"wp:featuredmedia":[{"embeddable":true,"href":"https:\/\/www.coopatrigo.com.br\/novo\/wp-json\/wp\/v2\/media\/36087"}],"wp:attachment":[{"href":"https:\/\/www.coopatrigo.com.br\/novo\/wp-json\/wp\/v2\/media?parent=36086"}],"wp:term":[{"taxonomy":"category","embeddable":true,"href":"https:\/\/www.coopatrigo.com.br\/novo\/wp-json\/wp\/v2\/categories?post=36086"},{"taxonomy":"post_tag","embeddable":true,"href":"https:\/\/www.coopatrigo.com.br\/novo\/wp-json\/wp\/v2\/tags?post=36086"}],"curies":[{"name":"wp","href":"https:\/\/api.w.org\/{rel}","templated":true}]}}