{"id":36309,"date":"2023-03-21T17:48:33","date_gmt":"2023-03-21T20:48:33","guid":{"rendered":"https:\/\/www.coopatrigo.com.br\/novo\/?p=36309"},"modified":"2023-03-21T17:48:33","modified_gmt":"2023-03-21T20:48:33","slug":"fecoagro-rs-reivindica-acoes-imediatas-para-auxiliar-produtores-atingidos-pela-estiagem","status":"publish","type":"post","link":"https:\/\/www.coopatrigo.com.br\/novo\/2023\/03\/21\/fecoagro-rs-reivindica-acoes-imediatas-para-auxiliar-produtores-atingidos-pela-estiagem\/","title":{"rendered":"FecoAgro\/RS reivindica a\u00e7\u00f5es imediatas para auxiliar produtores atingidos pela estiagem"},"content":{"rendered":"<div id=\"dslc-main\">\n\t\t<div  class=\"dslc-modules-section \" style=\"padding-bottom:30px;padding-top:30px;background-color:#16452c;background-image:url(https:\/\/www.coopatrigo.com.br\/novo\/wp-content\/uploads\/2021\/02\/bg.png);background-position:center center;\" data-section-id=\"74a23622ed4\">\n\t\t\t\t\n\t\t\t\t\n\t\t\t\t<div class=\"dslc-modules-section-wrapper dslc-clearfix\"><div class=\"dslc-modules-area dslc-col dslc-12-col dslc-last-col dslc-valign- \" data-size=\"12\" data-valign=\"\">\n\t\t<div id=\"dslc-module-24\" class=\"dslc-module-front dslc-module-DSLC_TP_Title dslc-in-viewport-check dslc-in-viewport-anim-none  dslc-col dslc-12-col dslc-last-col  dslc-module-handle-like-regular \" data-module-id=\"24\" data-module=\"DSLC_TP_Title\" data-dslc-module-size=\"12\" data-dslc-anim=\"none\" data-dslc-anim-delay=\"\" data-dslc-anim-duration=\"650\"  data-dslc-anim-easing=\"ease\" data-dslc-preset=\"none\" >\n\n\t\t\t\n\t\t\t\n\t\t\r\n\t\t\t\t<div class=\"dslc-tp-title\"><h1>FecoAgro\/RS reivindica a\u00e7\u00f5es imediatas para auxiliar produtores atingidos pela estiagem<\/h1><\/div>\r\n\r\n\t\t\t\n\t\t\t\t<\/div><!-- .dslc-module -->\n\t\t\n\t\t<div id=\"dslc-module-25\" class=\"dslc-module-front dslc-module-DSLC_TP_Meta dslc-in-viewport-check dslc-in-viewport-anim-none  dslc-col dslc-12-col dslc-last-col  dslc-module-handle-like-regular \" data-module-id=\"25\" data-module=\"DSLC_TP_Meta\" data-dslc-module-size=\"12\" data-dslc-anim=\"none\" data-dslc-anim-delay=\"\" data-dslc-anim-duration=\"650\"  data-dslc-anim-easing=\"ease\" data-dslc-preset=\"none\" >\n\n\t\t\t\n\t\t\t\n\t\t\r\n\t\t\t\t<div class=\"dslc-tp-meta dslc-tp-meta-horizontal\">\r\n\t\t\t\t\t<ul class=\"dslc-clearfix\">\r\n\r\n\t\t\t\t\t\t\t\t\t\t\t\t\t<li>21 de mar\u00e7o de 2023<\/li>\r\n\t\t\t\t\t\t\r\n\t\t\t\t\t\t\r\n\t\t\t\t\t\t\r\n\t\t\t\t\t\t\r\n\t\t\t\t\t\t\r\n\t\t\t\t\t<\/ul>\r\n\t\t\t\t<\/div>\r\n\r\n\t\t\t\n\t\t\t\t<\/div><!-- .dslc-module -->\n\t\t<\/div><\/div><\/div>\n\t\t<div  class=\"dslc-modules-section \" style=\"padding-bottom:30px;padding-top:30px;background-color:rgba(230, 230, 230, 0);border-color:rgb(230, 230, 230);border-top-style: hidden; border-right-style: hidden; border-bottom-style: hidden; border-left-style: hidden; \" data-section-id=\"2b557989cda\">\n\t\t\t\t\n\t\t\t\t\n\t\t\t\t<div class=\"dslc-modules-section-wrapper dslc-clearfix\"><div class=\"dslc-modules-area dslc-col dslc-1-col dslc-first-col dslc-valign-undefined \" data-size=\"1\" data-valign=\"undefined\"><\/div><div class=\"dslc-modules-area dslc-col dslc-10-col  dslc-valign- \" data-size=\"10\" data-valign=\"\">\n\t\t<div id=\"dslc-module-a7d04abcf7f\" class=\"dslc-module-front dslc-module-DSLC_TP_Thumbnail dslc-in-viewport-check dslc-in-viewport-anim-none  dslc-col dslc-12-col dslc-last-col  dslc-module-handle-like-regular \" data-module-id=\"a7d04abcf7f\" data-module=\"DSLC_TP_Thumbnail\" data-dslc-module-size=\"12\" data-dslc-anim=\"none\" data-dslc-anim-delay=\"\" data-dslc-anim-duration=\"650\"  data-dslc-anim-easing=\"ease\" data-dslc-preset=\"none\" >\n\n\t\t\t\n\t\t\t\n\t\t\r\n\t\t\t<div class=\"dslc-tp-thumbnail\">\r\n\t\t\t\t\t\t\t\t\t\t\t\t\t\t\t<img width=\"1024\" height=\"696\" src=\"https:\/\/www.coopatrigo.com.br\/novo\/wp-content\/uploads\/2023\/03\/thumbnail_Soja-Estiagem-Credito-FecoAgro-RS-Divulgacao.jpg\" class=\"attachment-full size-full wp-post-image\" alt=\"\" title=\"thumbnail_Soja Estiagem &#8211; Cr\u00e9dito FecoAgro RS Divulga\u00e7\u00e3o\" srcset=\"https:\/\/www.coopatrigo.com.br\/novo\/wp-content\/uploads\/2023\/03\/thumbnail_Soja-Estiagem-Credito-FecoAgro-RS-Divulgacao.jpg 1024w, https:\/\/www.coopatrigo.com.br\/novo\/wp-content\/uploads\/2023\/03\/thumbnail_Soja-Estiagem-Credito-FecoAgro-RS-Divulgacao-300x204.jpg 300w, https:\/\/www.coopatrigo.com.br\/novo\/wp-content\/uploads\/2023\/03\/thumbnail_Soja-Estiagem-Credito-FecoAgro-RS-Divulgacao-768x522.jpg 768w\" sizes=\"(max-width: 1024px) 100vw, 1024px\" \/>\t\t\t\t\t\t\t\t\t\t\t\t<\/div>\r\n\r\n\t\t\r\n\t\t\n\t\t\t\t<\/div><!-- .dslc-module -->\n\t\t\n\t\t<div id=\"dslc-module-26\" class=\"dslc-module-front dslc-module-DSLC_TP_Content dslc-in-viewport-check dslc-in-viewport-anim-none  dslc-col dslc-12-col dslc-last-col  dslc-module-handle-like-regular \" data-module-id=\"26\" data-module=\"DSLC_TP_Content\" data-dslc-module-size=\"12\" data-dslc-anim=\"none\" data-dslc-anim-delay=\"\" data-dslc-anim-duration=\"650\"  data-dslc-anim-easing=\"ease\" data-dslc-preset=\"none\" >\n\n\t\t\t\n\t\t\t\n\t\t<div class=\"dslc-tp-content\"><div id=\"dslc-theme-content\"><div id=\"dslc-theme-content-inner\"><div>\n<div>O cen\u00e1rio de perdas severas em todas as culturas no Rio Grande Sul, entre elas milho, soja, cria\u00e7\u00e3o de gado de corte e produ\u00e7\u00e3o leiteira, motivou manifesta\u00e7\u00e3o p\u00fablica da Federa\u00e7\u00e3o das Cooperativas Agropecu\u00e1rias do Estado do Rio Grande do Sul (FecoAgro\/RS). A entidade, que congrega 42 cooperativas agropecu\u00e1rias ga\u00fachas, representando 173 mil produtores, na sua maioria formada por pequenos agricultores, pede medidas severas e urgentes para auxiliar o campo.<br aria-hidden=\"true\" \/><br aria-hidden=\"true\" \/>A nota traz o dado divulgado pela Rede T\u00e9cnica Cooperativa (RTC\/CCGL) de que as perdas na soja ser\u00e3o de 43%. O percentual foi calculado ap\u00f3s levantamento realizado no dia 6 de mar\u00e7o de 2023 em 21 cooperativas.<br aria-hidden=\"true\" \/><br aria-hidden=\"true\" \/>Entre as reivindica\u00e7\u00f5es, a FecoAgro\/RS pede repactua\u00e7\u00e3o de todos os compromissos de custeio e investimento das culturas de ver\u00e3o que tiveram perdas devido \u00e0 estiagem. \u201cO produtor n\u00e3o vai ter colheita para pagar seus compromissos. Essa repactua\u00e7\u00e3o deve ser feita e estimulada pelo governo, Banco Central e Conselho Monet\u00e1rio Nacional. O problema este ano \u00e9 no Rio Grande do Sul, mas \u00e9 muito grave\u201d, afirma Paulo Pires, presidente da Federa\u00e7\u00e3o. Al\u00e9m disso, a entidade quer recursos para custeio das culturas de inverno, para irriga\u00e7\u00e3o e condi\u00e7\u00f5es legais de reserva\u00e7\u00e3o de \u00e1gua.<br aria-hidden=\"true\" \/><br aria-hidden=\"true\" \/>A nota tamb\u00e9m pede recursos emergenciais para as cooperativas repactuarem com os associados compromissos financeiros e que seja dada uma aten\u00e7\u00e3o especial para a quest\u00e3o da subven\u00e7\u00e3o do seguro rural para a pr\u00f3xima safra. Conforme o presidente da FecoAgro\/RS a cooperativa \u201ctem que alcan\u00e7ar uma condi\u00e7\u00e3o para o produtor continuar sua atividade, por\u00e9m n\u00e3o pode comprometer seu capital de giro para suas atividades que s\u00e3o importantes geradoras de emprego e renda na sociedade ga\u00facha\u201d.<br aria-hidden=\"true\" \/><br aria-hidden=\"true\" \/>Leia, abaixo, a nota na \u00edntegra:<br aria-hidden=\"true\" \/><br aria-hidden=\"true\" \/><i>A Federa\u00e7\u00e3o das Cooperativas Agropecu\u00e1rias do Estado do Rio Grande do Sul (FecoAgro\/RS), que congrega 42 cooperativas agropecu\u00e1rias ga\u00fachas, representando 173 mil produtores, na sua maioria formada por pequenos agricultores, traz a seguinte manifesta\u00e7\u00e3o:<br aria-hidden=\"true\" \/><br aria-hidden=\"true\" \/>Conforme divulga\u00e7\u00e3o da Rede T\u00e9cnica Cooperativa (RTC\/CCGL) em levantamento realizado no dia 6 de mar\u00e7o de 2023 em 21 cooperativas prev\u00ea o que segue: na soja, as perdas ser\u00e3o de 43%. Baseando-se nas perdas da soja, milho, produ\u00e7\u00e3o leiteira, gado de corte e outras culturas, reivindicamos com urg\u00eancia:<br aria-hidden=\"true\" \/><br aria-hidden=\"true\" \/>&#8211; Repactua\u00e7\u00e3o de todos os compromissos de custeio e investimento das culturas de ver\u00e3o que tiveram perdas devido \u00e0 estiagem;<br aria-hidden=\"true\" \/><br aria-hidden=\"true\" \/>&#8211; Recursos emergenciais para as cooperativas agropecu\u00e1rias do Rio Grande do Sul para repactuarem com seus associados compromissos fora do sistema financeiro;<br aria-hidden=\"true\" \/><br aria-hidden=\"true\" \/>&#8211; Recursos para custeio das culturas de inverno, pois o produtor deve j\u00e1 olhar para a pr\u00f3xima safra;<br aria-hidden=\"true\" \/><br aria-hidden=\"true\" \/>&#8211; Recursos para investimentos em irriga\u00e7\u00e3o e condi\u00e7\u00f5es legais de reserva\u00e7\u00e3o de \u00e1gua, j\u00e1 que esta \u00e9 uma sa\u00edda estritamente efetiva para mitigar os efeitos da seca no Rio Grande do Sul;<br aria-hidden=\"true\" \/><br aria-hidden=\"true\" \/>&#8211; Dar uma aten\u00e7\u00e3o especial para a quest\u00e3o da subven\u00e7\u00e3o do seguro rural para os produtores ga\u00fachos para a pr\u00f3xima safra;<br aria-hidden=\"true\" \/><br aria-hidden=\"true\" \/>Atenciosamente,<br aria-hidden=\"true\" \/><br aria-hidden=\"true\" \/>Paulo Pires, presidente da FecoAgro\/RS<\/i><\/div>\n<\/div>\n<div><i>\u00a0<\/i><\/div>\n<div>\n<div><i>Foto: Divulga\u00e7\u00e3o<br aria-hidden=\"true\" \/>Texto: Ieda Risco\/AgroEffective<\/i><\/div>\n<\/div>\n<\/div><\/div><\/div>\n\t\t\t\t<\/div><!-- .dslc-module -->\n\t\t<\/div><\/div><\/div><\/div><input type=\"hidden\" id=\"dslca-post-data-thumb\" value=\"https:\/\/www.coopatrigo.com.br\/novo\/wp-content\/uploads\/2023\/03\/thumbnail_Soja-Estiagem-Credito-FecoAgro-RS-Divulgacao.jpg\" \/>","protected":false},"excerpt":{"rendered":"<p>FecoAgro\/RS reivindica a\u00e7\u00f5es imediatas para auxiliar produtores atingidos pela estiagem 21 de mar\u00e7o de 2023 O cen\u00e1rio de perdas severas em todas as culturas no Rio Grande Sul, entre elas milho, soja, cria\u00e7\u00e3o de gado de corte e produ\u00e7\u00e3o leiteira, motivou manifesta\u00e7\u00e3o p\u00fablica da Federa\u00e7\u00e3o das Cooperativas Agropecu\u00e1rias do Estado do Rio Grande do Sul [&hellip;]<\/p>\n","protected":false},"author":5,"featured_media":36310,"comment_status":"open","ping_status":"open","sticky":false,"template":"","format":"standard","meta":{"_acf_changed":false,"footnotes":""},"categories":[1],"tags":[],"class_list":["post-36309","post","type-post","status-publish","format-standard","has-post-thumbnail","hentry","category-noticias"],"acf":[],"_links":{"self":[{"href":"https:\/\/www.coopatrigo.com.br\/novo\/wp-json\/wp\/v2\/posts\/36309","targetHints":{"allow":["GET"]}}],"collection":[{"href":"https:\/\/www.coopatrigo.com.br\/novo\/wp-json\/wp\/v2\/posts"}],"about":[{"href":"https:\/\/www.coopatrigo.com.br\/novo\/wp-json\/wp\/v2\/types\/post"}],"author":[{"embeddable":true,"href":"https:\/\/www.coopatrigo.com.br\/novo\/wp-json\/wp\/v2\/users\/5"}],"replies":[{"embeddable":true,"href":"https:\/\/www.coopatrigo.com.br\/novo\/wp-json\/wp\/v2\/comments?post=36309"}],"version-history":[{"count":0,"href":"https:\/\/www.coopatrigo.com.br\/novo\/wp-json\/wp\/v2\/posts\/36309\/revisions"}],"wp:featuredmedia":[{"embeddable":true,"href":"https:\/\/www.coopatrigo.com.br\/novo\/wp-json\/wp\/v2\/media\/36310"}],"wp:attachment":[{"href":"https:\/\/www.coopatrigo.com.br\/novo\/wp-json\/wp\/v2\/media?parent=36309"}],"wp:term":[{"taxonomy":"category","embeddable":true,"href":"https:\/\/www.coopatrigo.com.br\/novo\/wp-json\/wp\/v2\/categories?post=36309"},{"taxonomy":"post_tag","embeddable":true,"href":"https:\/\/www.coopatrigo.com.br\/novo\/wp-json\/wp\/v2\/tags?post=36309"}],"curies":[{"name":"wp","href":"https:\/\/api.w.org\/{rel}","templated":true}]}}