{"id":36742,"date":"2023-04-19T16:44:21","date_gmt":"2023-04-19T19:44:21","guid":{"rendered":"https:\/\/www.coopatrigo.com.br\/novo\/?p=36742"},"modified":"2023-04-19T16:48:18","modified_gmt":"2023-04-19T19:48:18","slug":"coopatrigo-apoiou-mobilizacao-da-fetag-realizada-atraves-dos-sindicatos-dos-trabalhadores-rurais-da-regiao","status":"publish","type":"post","link":"https:\/\/www.coopatrigo.com.br\/novo\/2023\/04\/19\/coopatrigo-apoiou-mobilizacao-da-fetag-realizada-atraves-dos-sindicatos-dos-trabalhadores-rurais-da-regiao\/","title":{"rendered":"Coopatrigo apoiou mobiliza\u00e7\u00e3o da Fetag por medidas contra os efeitos da estiagem"},"content":{"rendered":"<div id=\"dslc-main\">\n\t\t<div  class=\"dslc-modules-section \" style=\"padding-bottom:30px;padding-top:30px;background-color:#16452c;background-image:url(https:\/\/www.coopatrigo.com.br\/novo\/wp-content\/uploads\/2021\/02\/bg.png);background-position:center center;\" data-section-id=\"74a23622ed4\">\n\t\t\t\t\n\t\t\t\t\n\t\t\t\t<div class=\"dslc-modules-section-wrapper dslc-clearfix\"><div class=\"dslc-modules-area dslc-col dslc-12-col dslc-last-col dslc-valign- \" data-size=\"12\" data-valign=\"\">\n\t\t<div id=\"dslc-module-24\" class=\"dslc-module-front dslc-module-DSLC_TP_Title dslc-in-viewport-check dslc-in-viewport-anim-none  dslc-col dslc-12-col dslc-last-col  dslc-module-handle-like-regular \" data-module-id=\"24\" data-module=\"DSLC_TP_Title\" data-dslc-module-size=\"12\" data-dslc-anim=\"none\" data-dslc-anim-delay=\"\" data-dslc-anim-duration=\"650\"  data-dslc-anim-easing=\"ease\" data-dslc-preset=\"none\" >\n\n\t\t\t\n\t\t\t\n\t\t\r\n\t\t\t\t<div class=\"dslc-tp-title\"><h1>Coopatrigo apoiou mobiliza\u00e7\u00e3o da Fetag por medidas contra os efeitos da estiagem<\/h1><\/div>\r\n\r\n\t\t\t\n\t\t\t\t<\/div><!-- .dslc-module -->\n\t\t\n\t\t<div id=\"dslc-module-25\" class=\"dslc-module-front dslc-module-DSLC_TP_Meta dslc-in-viewport-check dslc-in-viewport-anim-none  dslc-col dslc-12-col dslc-last-col  dslc-module-handle-like-regular \" data-module-id=\"25\" data-module=\"DSLC_TP_Meta\" data-dslc-module-size=\"12\" data-dslc-anim=\"none\" data-dslc-anim-delay=\"\" data-dslc-anim-duration=\"650\"  data-dslc-anim-easing=\"ease\" data-dslc-preset=\"none\" >\n\n\t\t\t\n\t\t\t\n\t\t\r\n\t\t\t\t<div class=\"dslc-tp-meta dslc-tp-meta-horizontal\">\r\n\t\t\t\t\t<ul class=\"dslc-clearfix\">\r\n\r\n\t\t\t\t\t\t\t\t\t\t\t\t\t<li>19 de abril de 2023<\/li>\r\n\t\t\t\t\t\t\r\n\t\t\t\t\t\t\r\n\t\t\t\t\t\t\r\n\t\t\t\t\t\t\r\n\t\t\t\t\t\t\r\n\t\t\t\t\t<\/ul>\r\n\t\t\t\t<\/div>\r\n\r\n\t\t\t\n\t\t\t\t<\/div><!-- .dslc-module -->\n\t\t<\/div><\/div><\/div>\n\t\t<div  class=\"dslc-modules-section \" style=\"padding-bottom:30px;padding-top:30px;background-color:rgba(230, 230, 230, 0);border-color:rgb(230, 230, 230);border-top-style: hidden; border-right-style: hidden; border-bottom-style: hidden; border-left-style: hidden; \" data-section-id=\"2b557989cda\">\n\t\t\t\t\n\t\t\t\t\n\t\t\t\t<div class=\"dslc-modules-section-wrapper dslc-clearfix\"><div class=\"dslc-modules-area dslc-col dslc-1-col dslc-first-col dslc-valign-undefined \" data-size=\"1\" data-valign=\"undefined\"><\/div><div class=\"dslc-modules-area dslc-col dslc-10-col  dslc-valign- \" data-size=\"10\" data-valign=\"\">\n\t\t<div id=\"dslc-module-a7d04abcf7f\" class=\"dslc-module-front dslc-module-DSLC_TP_Thumbnail dslc-in-viewport-check dslc-in-viewport-anim-none  dslc-col dslc-12-col dslc-last-col  dslc-module-handle-like-regular \" data-module-id=\"a7d04abcf7f\" data-module=\"DSLC_TP_Thumbnail\" data-dslc-module-size=\"12\" data-dslc-anim=\"none\" data-dslc-anim-delay=\"\" data-dslc-anim-duration=\"650\"  data-dslc-anim-easing=\"ease\" data-dslc-preset=\"none\" >\n\n\t\t\t\n\t\t\t\n\t\t\r\n\t\t\t<div class=\"dslc-tp-thumbnail\">\r\n\t\t\t\t\t\t\t\t\t\t\t\t\t\t\t<img width=\"1024\" height=\"472\" src=\"https:\/\/www.coopatrigo.com.br\/novo\/wp-content\/uploads\/2023\/04\/WhatsApp-Image-2023-04-19-at-15.10.08.jpeg\" class=\"attachment-full size-full wp-post-image\" alt=\"\" title=\"WhatsApp Image 2023-04-19 at 15.10.08\" srcset=\"https:\/\/www.coopatrigo.com.br\/novo\/wp-content\/uploads\/2023\/04\/WhatsApp-Image-2023-04-19-at-15.10.08.jpeg 1024w, https:\/\/www.coopatrigo.com.br\/novo\/wp-content\/uploads\/2023\/04\/WhatsApp-Image-2023-04-19-at-15.10.08-300x138.jpeg 300w, https:\/\/www.coopatrigo.com.br\/novo\/wp-content\/uploads\/2023\/04\/WhatsApp-Image-2023-04-19-at-15.10.08-768x354.jpeg 768w\" sizes=\"(max-width: 1024px) 100vw, 1024px\" \/>\t\t\t\t\t\t\t\t\t\t\t\t<\/div>\r\n\r\n\t\t\r\n\t\t\n\t\t\t\t<\/div><!-- .dslc-module -->\n\t\t\n\t\t<div id=\"dslc-module-26\" class=\"dslc-module-front dslc-module-DSLC_TP_Content dslc-in-viewport-check dslc-in-viewport-anim-none  dslc-col dslc-12-col dslc-last-col  dslc-module-handle-like-regular \" data-module-id=\"26\" data-module=\"DSLC_TP_Content\" data-dslc-module-size=\"12\" data-dslc-anim=\"none\" data-dslc-anim-delay=\"\" data-dslc-anim-duration=\"650\"  data-dslc-anim-easing=\"ease\" data-dslc-preset=\"none\" >\n\n\t\t\t\n\t\t\t\n\t\t<div class=\"dslc-tp-content\"><div id=\"dslc-theme-content\"><div id=\"dslc-theme-content-inner\"><p>A Fetag esteve promovendo nesta quarta-feira em todo o Rio Grande do Sul mobiliza\u00e7\u00f5es dos trabalhadores rurais atrav\u00e9s dos seus Sindicatos, cobrando a\u00e7\u00f5es do Governo Federal para auxiliar a Agricultura Familiar em mais um ano de estiagem no estado.<\/p>\n<p>A Regional Miss\u00f5es II que \u00e9 composta pela maioria dos Sindicatos de Trabalhadores Rurais da regi\u00e3o da Coopatrigo esteve fazendo a sua manifesta\u00e7\u00e3o em S\u00e3o Luiz Gonzaga reunindo centenas de manifestantes desde as primeiras horas da manh\u00e3, as quais realizaram uma peregrina\u00e7\u00e3o pelas principais ag\u00eancias banc\u00e1rias da cidade, acompanhados de carro de som para manifesta\u00e7\u00f5es e entrega de uma Carta de Reivindica\u00e7\u00f5es que a categoria est\u00e1 exigindo para amenizar a situa\u00e7\u00e3o ocasionada pela estiagem.<\/p>\n<p>A Coopatrigo sempre solid\u00e1ria aos movimentos desenvolvidos pelos Sindicatos de Trabalhadores Rurais esteve apoiando a mobiliza\u00e7\u00e3o de hoje com a presen\u00e7a do Presidente Paulo Pires, o qual na concentra\u00e7\u00e3o realizada em frente ao Banrisul na Avenida Senador Pinheiro fez uma manifesta\u00e7\u00e3o de apoio ao movimento destacando a liga\u00e7\u00e3o existente entre a Cooperativa e os Sindicatos na regi\u00e3o, j\u00e1 que a Coopatrigo possui a maioria do seu quadro social oriundo da Agricultura Familiar.<\/p>\n<p>Paulo Pires acompanhado do Prefeito de S\u00e3o Luiz Gonzaga Sidney Brondani recebeu da coordena\u00e7\u00e3o do movimento a Carta de reivindica\u00e7\u00f5es que est\u00e1 sendo entregue \u00e0 todas as institui\u00e7\u00f5es financeiras e \u00f3rg\u00e3o governamentais para que a Coopatrigo tome ci\u00eancia do que est\u00e1 sendo solicitado e contribua na press\u00e3o para que as medidas sejam adotadas.<\/p>\n<p>Essas s\u00e3o as demandas que est\u00e3o sendo consideradas essenciais para a Agricultura Familiar:<\/p>\n<p>&#8211; Prorrogar as opera\u00e7\u00f5es de Pronaf e Pronamp Custeio e Investimento vencidas e vincendas aos agricultores que tiveram perdas em sua produ\u00e7\u00e3o agr\u00edcola e pecu\u00e1ria.<\/p>\n<p>&#8211; Conceder o rebate de 35% nas opera\u00e7\u00f5es vencidas, vincendas e prorrogadas que n\u00e3o estiverem amparadas pelo Proagro Mais e Seguro Rural de 01 de janeiros a 31 de dezembro de 2023 para todos os agricultores que estiverem em munic\u00edpios com Decreta\u00e7\u00e3o de Situa\u00e7\u00e3o de Emerg\u00eancia reconhecidos pela Defesa Civil.<\/p>\n<p>&#8211; Flexibilizar a regra que impede a contrata\u00e7\u00e3o quando h\u00e1 tr\u00eas acionamentos do Proagro Mais nos \u00faltimos 60 meses para a mesma cultura. Pois \u00e9 necess\u00e1rio permitir que os agricultores oriundos de munic\u00edpios com situa\u00e7\u00e3o at\u00edpica de estiagem continuada nos \u00faltimos tr\u00eas anos possam contratar o custeio Pronaf sem preju\u00edzo a recupera\u00e7\u00e3o e a seguran\u00e7a da sua lavoura.<\/p>\n<p>&#8211; Fortalecimentos dos estoques de milho do Programa de Vendas a Balc\u00e3o (ProVB) e subs\u00eddio de 30% para o produtor adquirir o produto nos armaz\u00e9ns credenciados atrav\u00e9s da Conab.<\/p>\n<p>&#8211; Linha de Cr\u00e9dito Emergencial, com teto de financiamento de at\u00e9 R$50 mil por mutu\u00e1rio, prazo de reembolso de at\u00e9 10 anos e b\u00f4nus de adimpl\u00eancia de 30% para a reestrutura\u00e7\u00e3o produtiva das propriedades.<\/p>\n<p>&nbsp;<\/p>\n<p>Roberto Marques<\/p>\n<p>Assessoria de Comunica\u00e7\u00e3o Coopatrigo<\/p>\n<p>&nbsp;<\/p>\n<\/div><\/div><\/div>\n\t\t\t\t<\/div><!-- .dslc-module -->\n\t\t<\/div><\/div><\/div><\/div><input type=\"hidden\" id=\"dslca-post-data-thumb\" value=\"https:\/\/www.coopatrigo.com.br\/novo\/wp-content\/uploads\/2023\/04\/WhatsApp-Image-2023-04-19-at-15.10.08.jpeg\" \/>","protected":false},"excerpt":{"rendered":"<p>Coopatrigo apoiou mobiliza\u00e7\u00e3o da Fetag por medidas contra os efeitos da estiagem 19 de abril de 2023 A Fetag esteve promovendo nesta quarta-feira em todo o Rio Grande do Sul mobiliza\u00e7\u00f5es dos trabalhadores rurais atrav\u00e9s dos seus Sindicatos, cobrando a\u00e7\u00f5es do Governo Federal para auxiliar a Agricultura Familiar em mais um ano de estiagem no [&hellip;]<\/p>\n","protected":false},"author":5,"featured_media":36743,"comment_status":"open","ping_status":"open","sticky":false,"template":"","format":"standard","meta":{"_acf_changed":false,"footnotes":""},"categories":[1],"tags":[],"class_list":["post-36742","post","type-post","status-publish","format-standard","has-post-thumbnail","hentry","category-noticias"],"acf":[],"_links":{"self":[{"href":"https:\/\/www.coopatrigo.com.br\/novo\/wp-json\/wp\/v2\/posts\/36742","targetHints":{"allow":["GET"]}}],"collection":[{"href":"https:\/\/www.coopatrigo.com.br\/novo\/wp-json\/wp\/v2\/posts"}],"about":[{"href":"https:\/\/www.coopatrigo.com.br\/novo\/wp-json\/wp\/v2\/types\/post"}],"author":[{"embeddable":true,"href":"https:\/\/www.coopatrigo.com.br\/novo\/wp-json\/wp\/v2\/users\/5"}],"replies":[{"embeddable":true,"href":"https:\/\/www.coopatrigo.com.br\/novo\/wp-json\/wp\/v2\/comments?post=36742"}],"version-history":[{"count":0,"href":"https:\/\/www.coopatrigo.com.br\/novo\/wp-json\/wp\/v2\/posts\/36742\/revisions"}],"wp:featuredmedia":[{"embeddable":true,"href":"https:\/\/www.coopatrigo.com.br\/novo\/wp-json\/wp\/v2\/media\/36743"}],"wp:attachment":[{"href":"https:\/\/www.coopatrigo.com.br\/novo\/wp-json\/wp\/v2\/media?parent=36742"}],"wp:term":[{"taxonomy":"category","embeddable":true,"href":"https:\/\/www.coopatrigo.com.br\/novo\/wp-json\/wp\/v2\/categories?post=36742"},{"taxonomy":"post_tag","embeddable":true,"href":"https:\/\/www.coopatrigo.com.br\/novo\/wp-json\/wp\/v2\/tags?post=36742"}],"curies":[{"name":"wp","href":"https:\/\/api.w.org\/{rel}","templated":true}]}}