{"id":36758,"date":"2023-04-22T10:03:14","date_gmt":"2023-04-22T13:03:14","guid":{"rendered":"https:\/\/www.coopatrigo.com.br\/novo\/?p=36758"},"modified":"2023-04-22T10:03:14","modified_gmt":"2023-04-22T13:03:14","slug":"logistica-situacao-climatica-e-armazenagem-de-agua-foram-temas-debatidos-na-fenamilho-em-santo-angelo","status":"publish","type":"post","link":"https:\/\/www.coopatrigo.com.br\/novo\/2023\/04\/22\/logistica-situacao-climatica-e-armazenagem-de-agua-foram-temas-debatidos-na-fenamilho-em-santo-angelo\/","title":{"rendered":"Log\u00edstica, situa\u00e7\u00e3o clim\u00e1tica e armazenagem de \u00e1gua foram temas debatidos na Fenamilho em Santo Angelo"},"content":{"rendered":"<div id=\"dslc-main\">\n\t\t<div  class=\"dslc-modules-section \" style=\"padding-bottom:30px;padding-top:30px;background-color:#16452c;background-image:url(https:\/\/www.coopatrigo.com.br\/novo\/wp-content\/uploads\/2021\/02\/bg.png);background-position:center center;\" data-section-id=\"74a23622ed4\">\n\t\t\t\t\n\t\t\t\t\n\t\t\t\t<div class=\"dslc-modules-section-wrapper dslc-clearfix\"><div class=\"dslc-modules-area dslc-col dslc-12-col dslc-last-col dslc-valign- \" data-size=\"12\" data-valign=\"\">\n\t\t<div id=\"dslc-module-24\" class=\"dslc-module-front dslc-module-DSLC_TP_Title dslc-in-viewport-check dslc-in-viewport-anim-none  dslc-col dslc-12-col dslc-last-col  dslc-module-handle-like-regular \" data-module-id=\"24\" data-module=\"DSLC_TP_Title\" data-dslc-module-size=\"12\" data-dslc-anim=\"none\" data-dslc-anim-delay=\"\" data-dslc-anim-duration=\"650\"  data-dslc-anim-easing=\"ease\" data-dslc-preset=\"none\" >\n\n\t\t\t\n\t\t\t\n\t\t\r\n\t\t\t\t<div class=\"dslc-tp-title\"><h1>Log\u00edstica, situa\u00e7\u00e3o clim\u00e1tica e armazenagem de \u00e1gua foram temas debatidos na Fenamilho em Santo Angelo<\/h1><\/div>\r\n\r\n\t\t\t\n\t\t\t\t<\/div><!-- .dslc-module -->\n\t\t\n\t\t<div id=\"dslc-module-25\" class=\"dslc-module-front dslc-module-DSLC_TP_Meta dslc-in-viewport-check dslc-in-viewport-anim-none  dslc-col dslc-12-col dslc-last-col  dslc-module-handle-like-regular \" data-module-id=\"25\" data-module=\"DSLC_TP_Meta\" data-dslc-module-size=\"12\" data-dslc-anim=\"none\" data-dslc-anim-delay=\"\" data-dslc-anim-duration=\"650\"  data-dslc-anim-easing=\"ease\" data-dslc-preset=\"none\" >\n\n\t\t\t\n\t\t\t\n\t\t\r\n\t\t\t\t<div class=\"dslc-tp-meta dslc-tp-meta-horizontal\">\r\n\t\t\t\t\t<ul class=\"dslc-clearfix\">\r\n\r\n\t\t\t\t\t\t\t\t\t\t\t\t\t<li>22 de abril de 2023<\/li>\r\n\t\t\t\t\t\t\r\n\t\t\t\t\t\t\r\n\t\t\t\t\t\t\r\n\t\t\t\t\t\t\r\n\t\t\t\t\t\t\r\n\t\t\t\t\t<\/ul>\r\n\t\t\t\t<\/div>\r\n\r\n\t\t\t\n\t\t\t\t<\/div><!-- .dslc-module -->\n\t\t<\/div><\/div><\/div>\n\t\t<div  class=\"dslc-modules-section \" style=\"padding-bottom:30px;padding-top:30px;background-color:rgba(230, 230, 230, 0);border-color:rgb(230, 230, 230);border-top-style: hidden; border-right-style: hidden; border-bottom-style: hidden; border-left-style: hidden; \" data-section-id=\"2b557989cda\">\n\t\t\t\t\n\t\t\t\t\n\t\t\t\t<div class=\"dslc-modules-section-wrapper dslc-clearfix\"><div class=\"dslc-modules-area dslc-col dslc-1-col dslc-first-col dslc-valign-undefined \" data-size=\"1\" data-valign=\"undefined\"><\/div><div class=\"dslc-modules-area dslc-col dslc-10-col  dslc-valign- \" data-size=\"10\" data-valign=\"\">\n\t\t<div id=\"dslc-module-a7d04abcf7f\" class=\"dslc-module-front dslc-module-DSLC_TP_Thumbnail dslc-in-viewport-check dslc-in-viewport-anim-none  dslc-col dslc-12-col dslc-last-col  dslc-module-handle-like-regular \" data-module-id=\"a7d04abcf7f\" data-module=\"DSLC_TP_Thumbnail\" data-dslc-module-size=\"12\" data-dslc-anim=\"none\" data-dslc-anim-delay=\"\" data-dslc-anim-duration=\"650\"  data-dslc-anim-easing=\"ease\" data-dslc-preset=\"none\" >\n\n\t\t\t\n\t\t\t\n\t\t\r\n\t\t\t<div class=\"dslc-tp-thumbnail\">\r\n\t\t\t\t\t\t\t\t\t\t\t\t\t\t\t<img width=\"705\" height=\"581\" src=\"https:\/\/www.coopatrigo.com.br\/novo\/wp-content\/uploads\/2023\/04\/Foto-Fenamilho.jpg\" class=\"attachment-full size-full wp-post-image\" alt=\"\" title=\"Foto Fenamilho\" srcset=\"https:\/\/www.coopatrigo.com.br\/novo\/wp-content\/uploads\/2023\/04\/Foto-Fenamilho.jpg 705w, https:\/\/www.coopatrigo.com.br\/novo\/wp-content\/uploads\/2023\/04\/Foto-Fenamilho-300x247.jpg 300w\" sizes=\"(max-width: 705px) 100vw, 705px\" \/>\t\t\t\t\t\t\t\t\t\t\t\t<\/div>\r\n\r\n\t\t\r\n\t\t\n\t\t\t\t<\/div><!-- .dslc-module -->\n\t\t\n\t\t<div id=\"dslc-module-26\" class=\"dslc-module-front dslc-module-DSLC_TP_Content dslc-in-viewport-check dslc-in-viewport-anim-none  dslc-col dslc-12-col dslc-last-col  dslc-module-handle-like-regular \" data-module-id=\"26\" data-module=\"DSLC_TP_Content\" data-dslc-module-size=\"12\" data-dslc-anim=\"none\" data-dslc-anim-delay=\"\" data-dslc-anim-duration=\"650\"  data-dslc-anim-easing=\"ease\" data-dslc-preset=\"none\" >\n\n\t\t\t\n\t\t\t\n\t\t<div class=\"dslc-tp-content\"><div id=\"dslc-theme-content\"><div id=\"dslc-theme-content-inner\"><p>O Presidente da Coopatrigo Paulo Cezar Vieira Pires que tamb\u00e9m \u00e9 o Presidente da Fecoagro\/RS esteve participando da Fenamilho em Santo \u00c2ngelo nesta sexta-feira e participando de dois importante Pain\u00e9is com temas que envolvem diretamente o Agroneg\u00f3cio.<\/p>\n<p>O painel promovido pela RBS TV com intermedia\u00e7\u00e3o do Jornalista El\u00f3i Zorzeto teve com pauta \u201cA import\u00e2ncia da log\u00edstica para o desenvolvimento da regi\u00e3o das Miss\u00f5es\u201d, e reuniu al\u00e9m de Paulo Pires, o Prefeito de Santo \u00c2ngelo, Jacques Barbosa, o procurador da Rep\u00fablica em Santo \u00c2ngelo, Osmar Veronese; o superintendente no RS do Departamento Nacional de Infraestrutura em Transportes (DNIT), Hiratan Pinheiro; o diretor do Departamento Aut\u00f4nomo de Estradas e Rodagens (DAER\/RS), Luciano Faustino da Silva.<\/p>\n<p>Foram debatido assuntos que envolvem a log\u00edstica da regi\u00e3o como o in\u00edcio e a conclus\u00e3o das obras como a constru\u00e7\u00e3o da Ponte Internacional entre Porto Xavier e San Javier, j\u00e1 autorizada pelo Governo Federal, a constru\u00e7\u00e3o de terceiras faixas no trecho entre Panambi e Entre-Iju\u00eds, a extens\u00e3o da BR 392, entre Santo \u00c2ngelo e Santa Maria, investimentos na infraestrutura do Aeroporto Regional Sep\u00e9 Tiaraju, a duplica\u00e7\u00e3o de 28 quil\u00f4metros da ERS 344, entre Santo \u00c2ngelo e Santa Rosa e da luta regional pela extens\u00e3o da malha ferrovi\u00e1ria., impulsionando a economia regional, facilitando o escoamento da produ\u00e7\u00e3o de gr\u00e3os e o com\u00e9rcio nacional e internacional entre os pa\u00edses do MERCOSUL.<\/p>\n<p>J\u00e1 o outro Painel foi promovido pela Comiss\u00e3o de Agricultura e Reforma Agr\u00e1ria do Senado Federal, atrav\u00e9s do Senador Luiz Carlos Heinze e debateu os impactos da estiagem na agropecu\u00e1ria, a situa\u00e7\u00e3o das bacias hidrogr\u00e1ficas e das nascentes, o qual teve a participa\u00e7\u00e3o t\u00e9cnica do presidente do Instituto Espinha\u00e7o, Luiz Cl\u00e1udio de Oliveira, a Secret\u00e1ria de Meio Ambiente de Goi\u00e1s, Andr\u00e9a Vulcanis, e o ex-secret\u00e1rio de Irriga\u00e7\u00e3o do Rio Grande do Sul, ge\u00f3logo Rog\u00e9rio Porto.<\/p>\n<p>Paulo Pires destacou que os dois encontros foram de extrema import\u00e2ncia e que interferem diretamente em todas as atividades do setor prim\u00e1rio, prejudicando o desenvolvimento da regi\u00e3o das Miss\u00f5es.<\/p>\n<p>&nbsp;<\/p>\n<p>Roberto Marques<\/p>\n<p>Assessoria de Comunica\u00e7\u00e3o Coopatrigo<\/p>\n<\/div><\/div><\/div>\n\t\t\t\t<\/div><!-- .dslc-module -->\n\t\t<\/div><\/div><\/div><\/div><input type=\"hidden\" id=\"dslca-post-data-thumb\" value=\"https:\/\/www.coopatrigo.com.br\/novo\/wp-content\/uploads\/2023\/04\/Foto-Fenamilho.jpg\" \/>","protected":false},"excerpt":{"rendered":"<p>Log\u00edstica, situa\u00e7\u00e3o clim\u00e1tica e armazenagem de \u00e1gua foram temas debatidos na Fenamilho em Santo Angelo 22 de abril de 2023 O Presidente da Coopatrigo Paulo Cezar Vieira Pires que tamb\u00e9m \u00e9 o Presidente da Fecoagro\/RS esteve participando da Fenamilho em Santo \u00c2ngelo nesta sexta-feira e participando de dois importante Pain\u00e9is com temas que envolvem diretamente [&hellip;]<\/p>\n","protected":false},"author":5,"featured_media":36759,"comment_status":"open","ping_status":"open","sticky":false,"template":"","format":"standard","meta":{"_acf_changed":false,"footnotes":""},"categories":[1],"tags":[],"class_list":["post-36758","post","type-post","status-publish","format-standard","has-post-thumbnail","hentry","category-noticias"],"acf":[],"_links":{"self":[{"href":"https:\/\/www.coopatrigo.com.br\/novo\/wp-json\/wp\/v2\/posts\/36758","targetHints":{"allow":["GET"]}}],"collection":[{"href":"https:\/\/www.coopatrigo.com.br\/novo\/wp-json\/wp\/v2\/posts"}],"about":[{"href":"https:\/\/www.coopatrigo.com.br\/novo\/wp-json\/wp\/v2\/types\/post"}],"author":[{"embeddable":true,"href":"https:\/\/www.coopatrigo.com.br\/novo\/wp-json\/wp\/v2\/users\/5"}],"replies":[{"embeddable":true,"href":"https:\/\/www.coopatrigo.com.br\/novo\/wp-json\/wp\/v2\/comments?post=36758"}],"version-history":[{"count":0,"href":"https:\/\/www.coopatrigo.com.br\/novo\/wp-json\/wp\/v2\/posts\/36758\/revisions"}],"wp:featuredmedia":[{"embeddable":true,"href":"https:\/\/www.coopatrigo.com.br\/novo\/wp-json\/wp\/v2\/media\/36759"}],"wp:attachment":[{"href":"https:\/\/www.coopatrigo.com.br\/novo\/wp-json\/wp\/v2\/media?parent=36758"}],"wp:term":[{"taxonomy":"category","embeddable":true,"href":"https:\/\/www.coopatrigo.com.br\/novo\/wp-json\/wp\/v2\/categories?post=36758"},{"taxonomy":"post_tag","embeddable":true,"href":"https:\/\/www.coopatrigo.com.br\/novo\/wp-json\/wp\/v2\/tags?post=36758"}],"curies":[{"name":"wp","href":"https:\/\/api.w.org\/{rel}","templated":true}]}}