{"id":36862,"date":"2023-04-28T11:36:21","date_gmt":"2023-04-28T14:36:21","guid":{"rendered":"https:\/\/www.coopatrigo.com.br\/novo\/?p=36862"},"modified":"2023-04-28T11:36:21","modified_gmt":"2023-04-28T14:36:21","slug":"coopatrigo-e-ccgl-estiveram-reunidas-debatendo-a-atividade-leiteira-na-regiao","status":"publish","type":"post","link":"https:\/\/www.coopatrigo.com.br\/novo\/2023\/04\/28\/coopatrigo-e-ccgl-estiveram-reunidas-debatendo-a-atividade-leiteira-na-regiao\/","title":{"rendered":"Coopatrigo e CCGL estiveram reunidas debatendo a atividade leiteira na regi\u00e3o"},"content":{"rendered":"<div id=\"dslc-theme-content\"><div id=\"dslc-theme-content-inner\"><p>A Coopatrigo esteve recebendo nesta quinta-feira a visita de uma comitiva de CCGL sob a coordena\u00e7\u00e3o do Presidente Caio Viana a fim de debatem a atividade leiteira na regi\u00e3o da Coopatrigo.<\/p>\n<p>A visita fez parte de um roteiro que a CCGL vem realizando com todas as Cooperativas que fazem parte do grupo e efetuam o recolhimento da mat\u00e9ria prima para a sua ind\u00fastria em Cruz Alta, a fim de alinhar as estrat\u00e9gias para o setor na \u00e1rea de cada uma das singulares.<\/p>\n<p>A comitiva da CCGL foi recebida pelo Presidente da Coopatrigo Paulo Pires acompanhado do vice-presidente Luiz Fl\u00e1vio Oliveira, os Executivos Sadi Scaramussa e F\u00e1bio M\u00fcnchen, e o Coordenador do Setor Leite Roberto Mallmann.<\/p>\n<p>Representando a CCGL estavam o Presidente Caio Viana, o diretor-superintendente Guillermo Dawson Jr, o gerente de suprimentos da cooperativa Jair Melo e o Coordenador da RTC Geomar Corassa.<\/p>\n<p>O Presidente da Coopatrigo Paulo Pires classificou como muito importante essa visita e a inten\u00e7\u00e3o da CCGL de vir e ouvir as Cooperativas para o alinhamento das estrat\u00e9gias e registrando que a Coopatrigo por determina\u00e7\u00e3o da Dire\u00e7\u00e3o vem dando um novo enfoque na atividade leiteira, a qual \u00e9 important\u00edssima para a Agricultura Familiar que envolve a grande maioria dos associados da cooperativa.<\/p>\n<p>&nbsp;<\/p>\n<p>Roberto Marques<\/p>\n<p>Assessoria de Comunica\u00e7\u00e3o<\/p>\n<\/div><\/div>","protected":false},"excerpt":{"rendered":"<p>A Coopatrigo esteve recebendo nesta quinta-feira a visita de uma comitiva de CCGL sob a coordena\u00e7\u00e3o do Presidente Caio Viana a fim de debatem a atividade leiteira na regi\u00e3o da Coopatrigo. A visita fez parte de um roteiro que a CCGL vem realizando com todas as Cooperativas que fazem parte do grupo e efetuam o [&hellip;]<\/p>\n","protected":false},"author":5,"featured_media":36863,"comment_status":"open","ping_status":"open","sticky":false,"template":"","format":"standard","meta":{"_acf_changed":false,"footnotes":""},"categories":[1],"tags":[],"class_list":["post-36862","post","type-post","status-publish","format-standard","has-post-thumbnail","hentry","category-noticias"],"acf":[],"_links":{"self":[{"href":"https:\/\/www.coopatrigo.com.br\/novo\/wp-json\/wp\/v2\/posts\/36862","targetHints":{"allow":["GET"]}}],"collection":[{"href":"https:\/\/www.coopatrigo.com.br\/novo\/wp-json\/wp\/v2\/posts"}],"about":[{"href":"https:\/\/www.coopatrigo.com.br\/novo\/wp-json\/wp\/v2\/types\/post"}],"author":[{"embeddable":true,"href":"https:\/\/www.coopatrigo.com.br\/novo\/wp-json\/wp\/v2\/users\/5"}],"replies":[{"embeddable":true,"href":"https:\/\/www.coopatrigo.com.br\/novo\/wp-json\/wp\/v2\/comments?post=36862"}],"version-history":[{"count":0,"href":"https:\/\/www.coopatrigo.com.br\/novo\/wp-json\/wp\/v2\/posts\/36862\/revisions"}],"wp:featuredmedia":[{"embeddable":true,"href":"https:\/\/www.coopatrigo.com.br\/novo\/wp-json\/wp\/v2\/media\/36863"}],"wp:attachment":[{"href":"https:\/\/www.coopatrigo.com.br\/novo\/wp-json\/wp\/v2\/media?parent=36862"}],"wp:term":[{"taxonomy":"category","embeddable":true,"href":"https:\/\/www.coopatrigo.com.br\/novo\/wp-json\/wp\/v2\/categories?post=36862"},{"taxonomy":"post_tag","embeddable":true,"href":"https:\/\/www.coopatrigo.com.br\/novo\/wp-json\/wp\/v2\/tags?post=36862"}],"curies":[{"name":"wp","href":"https:\/\/api.w.org\/{rel}","templated":true}]}}