{"id":37100,"date":"2023-05-11T10:06:57","date_gmt":"2023-05-11T13:06:57","guid":{"rendered":"https:\/\/www.coopatrigo.com.br\/novo\/?p=37100"},"modified":"2023-05-11T10:06:57","modified_gmt":"2023-05-11T13:06:57","slug":"coopatrigo-acerta-detalhes-da-sua-participacao-na-expo-sao-luiz-2023","status":"publish","type":"post","link":"https:\/\/www.coopatrigo.com.br\/novo\/2023\/05\/11\/coopatrigo-acerta-detalhes-da-sua-participacao-na-expo-sao-luiz-2023\/","title":{"rendered":"Coopatrigo acerta detalhes da sua participa\u00e7\u00e3o na Expo S\u00e3o Luiz 2023"},"content":{"rendered":"<div id=\"dslc-main\">\n\t\t<div  class=\"dslc-modules-section \" style=\"padding-bottom:30px;padding-top:30px;background-color:#16452c;background-image:url(https:\/\/www.coopatrigo.com.br\/novo\/wp-content\/uploads\/2021\/02\/bg.png);background-position:center center;\" data-section-id=\"74a23622ed4\">\n\t\t\t\t\n\t\t\t\t\n\t\t\t\t<div class=\"dslc-modules-section-wrapper dslc-clearfix\"><div class=\"dslc-modules-area dslc-col dslc-12-col dslc-last-col dslc-valign- \" data-size=\"12\" data-valign=\"\">\n\t\t<div id=\"dslc-module-24\" class=\"dslc-module-front dslc-module-DSLC_TP_Title dslc-in-viewport-check dslc-in-viewport-anim-none  dslc-col dslc-12-col dslc-last-col  dslc-module-handle-like-regular \" data-module-id=\"24\" data-module=\"DSLC_TP_Title\" data-dslc-module-size=\"12\" data-dslc-anim=\"none\" data-dslc-anim-delay=\"\" data-dslc-anim-duration=\"650\"  data-dslc-anim-easing=\"ease\" data-dslc-preset=\"none\" >\n\n\t\t\t\n\t\t\t\n\t\t\r\n\t\t\t\t<div class=\"dslc-tp-title\"><h1>Coopatrigo acerta detalhes da sua participa\u00e7\u00e3o na Expo S\u00e3o Luiz 2023<\/h1><\/div>\r\n\r\n\t\t\t\n\t\t\t\t<\/div><!-- .dslc-module -->\n\t\t\n\t\t<div id=\"dslc-module-25\" class=\"dslc-module-front dslc-module-DSLC_TP_Meta dslc-in-viewport-check dslc-in-viewport-anim-none  dslc-col dslc-12-col dslc-last-col  dslc-module-handle-like-regular \" data-module-id=\"25\" data-module=\"DSLC_TP_Meta\" data-dslc-module-size=\"12\" data-dslc-anim=\"none\" data-dslc-anim-delay=\"\" data-dslc-anim-duration=\"650\"  data-dslc-anim-easing=\"ease\" data-dslc-preset=\"none\" >\n\n\t\t\t\n\t\t\t\n\t\t\r\n\t\t\t\t<div class=\"dslc-tp-meta dslc-tp-meta-horizontal\">\r\n\t\t\t\t\t<ul class=\"dslc-clearfix\">\r\n\r\n\t\t\t\t\t\t\t\t\t\t\t\t\t<li>11 de maio de 2023<\/li>\r\n\t\t\t\t\t\t\r\n\t\t\t\t\t\t\r\n\t\t\t\t\t\t\r\n\t\t\t\t\t\t\r\n\t\t\t\t\t\t\r\n\t\t\t\t\t<\/ul>\r\n\t\t\t\t<\/div>\r\n\r\n\t\t\t\n\t\t\t\t<\/div><!-- .dslc-module -->\n\t\t<\/div><\/div><\/div>\n\t\t<div  class=\"dslc-modules-section \" style=\"padding-bottom:30px;padding-top:30px;background-color:rgba(230, 230, 230, 0);border-color:rgb(230, 230, 230);border-top-style: hidden; border-right-style: hidden; border-bottom-style: hidden; border-left-style: hidden; \" data-section-id=\"2b557989cda\">\n\t\t\t\t\n\t\t\t\t\n\t\t\t\t<div class=\"dslc-modules-section-wrapper dslc-clearfix\"><div class=\"dslc-modules-area dslc-col dslc-1-col dslc-first-col dslc-valign-undefined \" data-size=\"1\" data-valign=\"undefined\"><\/div><div class=\"dslc-modules-area dslc-col dslc-10-col  dslc-valign- \" data-size=\"10\" data-valign=\"\">\n\t\t<div id=\"dslc-module-a7d04abcf7f\" class=\"dslc-module-front dslc-module-DSLC_TP_Thumbnail dslc-in-viewport-check dslc-in-viewport-anim-none  dslc-col dslc-12-col dslc-last-col  dslc-module-handle-like-regular \" data-module-id=\"a7d04abcf7f\" data-module=\"DSLC_TP_Thumbnail\" data-dslc-module-size=\"12\" data-dslc-anim=\"none\" data-dslc-anim-delay=\"\" data-dslc-anim-duration=\"650\"  data-dslc-anim-easing=\"ease\" data-dslc-preset=\"none\" >\n\n\t\t\t\n\t\t\t\n\t\t\r\n\t\t\t<div class=\"dslc-tp-thumbnail\">\r\n\t\t\t\t\t\t\t\t\t\t\t\t\t\t\t<img width=\"734\" height=\"356\" src=\"https:\/\/www.coopatrigo.com.br\/novo\/wp-content\/uploads\/2023\/05\/Reuniao-Expo-Sao-Luiz.jpg\" class=\"attachment-full size-full wp-post-image\" alt=\"\" title=\"Reuni\u00e3o Expo S\u00e3o Luiz\" srcset=\"https:\/\/www.coopatrigo.com.br\/novo\/wp-content\/uploads\/2023\/05\/Reuniao-Expo-Sao-Luiz.jpg 734w, https:\/\/www.coopatrigo.com.br\/novo\/wp-content\/uploads\/2023\/05\/Reuniao-Expo-Sao-Luiz-300x146.jpg 300w\" sizes=\"(max-width: 734px) 100vw, 734px\" \/>\t\t\t\t\t\t\t\t\t\t\t\t<\/div>\r\n\r\n\t\t\r\n\t\t\n\t\t\t\t<\/div><!-- .dslc-module -->\n\t\t\n\t\t<div id=\"dslc-module-26\" class=\"dslc-module-front dslc-module-DSLC_TP_Content dslc-in-viewport-check dslc-in-viewport-anim-none  dslc-col dslc-12-col dslc-last-col  dslc-module-handle-like-regular \" data-module-id=\"26\" data-module=\"DSLC_TP_Content\" data-dslc-module-size=\"12\" data-dslc-anim=\"none\" data-dslc-anim-delay=\"\" data-dslc-anim-duration=\"650\"  data-dslc-anim-easing=\"ease\" data-dslc-preset=\"none\" >\n\n\t\t\t\n\t\t\t\n\t\t<div class=\"dslc-tp-content\"><div id=\"dslc-theme-content\"><div id=\"dslc-theme-content-inner\"><p>A Diretoria da Coopatrigo esteve recebendo a Comiss\u00e3o Organizadora da Expo S\u00e3o Luiz 2023 para os \u00faltimos ajustes da participa\u00e7\u00e3o da Cooperativa neste grande evento que est\u00e1 sendo retomado neste ano.<\/p>\n<p>Na oportunidade o Presidente da Coopatrigo Paulo Pires reiterou o apoio da Cooperativa para o evento, sendo inclusive a Coopatrigo considerada um dos realizadores da Expo S\u00e3o Luiz. \u201cEstamos em um momento de grandes dificuldades impostas pelas estiagens, mas vamos fazer um esfor\u00e7o para marcar a nossa participa\u00e7\u00e3o na Expo S\u00e3o Luiz como uma das principais empresas de S\u00e3o Luiz Gonzaga e regi\u00e3o\u201d afirmou o Presidente da Coopatrigo.<\/p>\n<p>Paulo Pires informou \u00e0 Comiss\u00e3o da Expo S\u00e3o Luiz que j\u00e1 determinou a elabora\u00e7\u00e3o de uma programa\u00e7\u00e3o da Coopatrigo durante o evento, aproveitando a estrutura da Casa Coopatrigo instalada junto ao Parque de Exposi\u00e7\u00f5es do Sindicato Rural para marcar a participa\u00e7\u00e3o da cooperativa neste grande evento.<\/p>\n<p>O Presidente da Expo S\u00e3o Luiz Marcos Batista afirmou que a Comiss\u00e3o veio a este encontro com a certeza de que o resultado da reuni\u00e3o seria a confirma\u00e7\u00e3o do apoio da Coopatrigo. \u201cN\u00f3s da Comiss\u00e3o Organizadora da Expo S\u00e3o Luiz n\u00e3o imaginamos e nem visualizamos uma Expo S\u00e3o Luiz sem a participa\u00e7\u00e3o da Coopatrigo\u201d, afirmou o Presidente da Expo S\u00e3o Luiz.<\/p>\n<p>A comitiva da Expo S\u00e3o Luiz foi recepcionada pelo Presidente Paulo Pires, acompanhado do vice-presidente Luiz Fl\u00e1vio Oliveira e o Superintendente Marcos Pilecco, al\u00e9m do Gerente Administrativo Sadi Scamaramussa e os dois representantes da Coopatrigo dentro da Comiss\u00e3o da Expo S\u00e3o Luiz, Franciele Trindade e Roberto Marques.<\/p>\n<p>Representando a Expo S\u00e3o Luiz estavam al\u00e9m do Presidente Marcos Batista, o Prefeito Sidney Brondani, a Presidente da ACI Roberta Flores e os integrantes da Comiss\u00e3o Executiva Cirino Rebelo, Alberto Botezzeli e Taciana Foletto.<\/p>\n<p>&nbsp;<\/p>\n<p>Roberto Marques<\/p>\n<p>Assessoria de Comunica\u00e7\u00e3o Coopatrigo<\/p>\n<\/div><\/div><\/div>\n\t\t\t\t<\/div><!-- .dslc-module -->\n\t\t<\/div><\/div><\/div><\/div><input type=\"hidden\" id=\"dslca-post-data-thumb\" value=\"https:\/\/www.coopatrigo.com.br\/novo\/wp-content\/uploads\/2023\/05\/Reuniao-Expo-Sao-Luiz.jpg\" \/>","protected":false},"excerpt":{"rendered":"<p>Coopatrigo acerta detalhes da sua participa\u00e7\u00e3o na Expo S\u00e3o Luiz 2023 11 de maio de 2023 A Diretoria da Coopatrigo esteve recebendo a Comiss\u00e3o Organizadora da Expo S\u00e3o Luiz 2023 para os \u00faltimos ajustes da participa\u00e7\u00e3o da Cooperativa neste grande evento que est\u00e1 sendo retomado neste ano. Na oportunidade o Presidente da Coopatrigo Paulo Pires [&hellip;]<\/p>\n","protected":false},"author":5,"featured_media":37101,"comment_status":"open","ping_status":"open","sticky":false,"template":"","format":"standard","meta":{"_acf_changed":false,"footnotes":""},"categories":[1],"tags":[],"class_list":["post-37100","post","type-post","status-publish","format-standard","has-post-thumbnail","hentry","category-noticias"],"acf":[],"_links":{"self":[{"href":"https:\/\/www.coopatrigo.com.br\/novo\/wp-json\/wp\/v2\/posts\/37100","targetHints":{"allow":["GET"]}}],"collection":[{"href":"https:\/\/www.coopatrigo.com.br\/novo\/wp-json\/wp\/v2\/posts"}],"about":[{"href":"https:\/\/www.coopatrigo.com.br\/novo\/wp-json\/wp\/v2\/types\/post"}],"author":[{"embeddable":true,"href":"https:\/\/www.coopatrigo.com.br\/novo\/wp-json\/wp\/v2\/users\/5"}],"replies":[{"embeddable":true,"href":"https:\/\/www.coopatrigo.com.br\/novo\/wp-json\/wp\/v2\/comments?post=37100"}],"version-history":[{"count":0,"href":"https:\/\/www.coopatrigo.com.br\/novo\/wp-json\/wp\/v2\/posts\/37100\/revisions"}],"wp:featuredmedia":[{"embeddable":true,"href":"https:\/\/www.coopatrigo.com.br\/novo\/wp-json\/wp\/v2\/media\/37101"}],"wp:attachment":[{"href":"https:\/\/www.coopatrigo.com.br\/novo\/wp-json\/wp\/v2\/media?parent=37100"}],"wp:term":[{"taxonomy":"category","embeddable":true,"href":"https:\/\/www.coopatrigo.com.br\/novo\/wp-json\/wp\/v2\/categories?post=37100"},{"taxonomy":"post_tag","embeddable":true,"href":"https:\/\/www.coopatrigo.com.br\/novo\/wp-json\/wp\/v2\/tags?post=37100"}],"curies":[{"name":"wp","href":"https:\/\/api.w.org\/{rel}","templated":true}]}}