{"id":37125,"date":"2023-05-12T17:06:24","date_gmt":"2023-05-12T20:06:24","guid":{"rendered":"https:\/\/www.coopatrigo.com.br\/novo\/?p=37125"},"modified":"2023-05-12T17:06:24","modified_gmt":"2023-05-12T20:06:24","slug":"cooperativas-agropecuarias-gauchas-se-reunem-para-debater-safra-de-trigo","status":"publish","type":"post","link":"https:\/\/www.coopatrigo.com.br\/novo\/2023\/05\/12\/cooperativas-agropecuarias-gauchas-se-reunem-para-debater-safra-de-trigo\/","title":{"rendered":"Cooperativas agropecu\u00e1rias ga\u00fachas se re\u00fanem para debater safra de trigo"},"content":{"rendered":"<div id=\"dslc-theme-content\"><div id=\"dslc-theme-content-inner\"><div>Representantes de 28 cooperativas associadas \u00e0 Federa\u00e7\u00e3o das Cooperativas Agropecu\u00e1rias do Estado do Rio Grande do Sul (FecoAgro\/RS) participaram na quinta-feira, 11 de maio, e sexta-feira, 12 de maio, de um f\u00f3rum sobre a cultura do trigo. Com o objetivo de trocar informa\u00e7\u00f5es sobre a cultura e auxiliar no planejamento da safra, dirigentes, comerciais e t\u00e9cnicos ouviram especialistas que abordaram temas t\u00e9cnicos e de mercado no evento realizado no Recanto Maestro, em Restinga Seca (RS).<br aria-hidden=\"true\" \/><br aria-hidden=\"true\" \/>Na abertura do evento, o presidente da FecoAgro\/RS, Paulo Pires, informou que o planejamento do ano junto ao Conselho de Administra\u00e7\u00e3o foi o de realizar diversos encontros ao longo do ano para debater os desafios para as cooperativas agropecu\u00e1rias como forma de promover a integra\u00e7\u00e3o. &#8220;Outro prop\u00f3sito \u00e9 fazer essa converg\u00eancia do cooperativismo ga\u00facho para ter uma linguagem e ter um objetivo. Temos muitos desafios, por isso \u00e9 importante termos este momento de congrega\u00e7\u00e3o&#8221;, salientou.<br aria-hidden=\"true\" \/><br aria-hidden=\"true\" \/>Na sexta-feira, o primeiro debate foi sobre Sistema de Produ\u00e7\u00e3o, Posicionamento de Cultivares e Manejo, com a equipe t\u00e9cnica da Rede T\u00e9cnica Cooperativa (RTC\/CCGL) com o coordenador Geomar Corassa, o especialista em manejo de culturas Tiago Horbe e o especialista em fitopatologia Carlos Pizolotto. Ap\u00f3s abordar quest\u00f5es t\u00e9cnicas, os t\u00e9cnicos trouxeram as reflex\u00f5es para a safra 2023, como cuidar os per\u00edodos de geada observando cultivares e \u00e9poca de semeadura, densidade de plantas e nitrog\u00eanio, se atentar com as doen\u00e7as como, por exemplo, a Giberela, fazer o manejo fitossanit\u00e1rio personalizado e realizar o escalonamento da safra.<br aria-hidden=\"true\" \/><br aria-hidden=\"true\" \/>No segundo painel da sexta-feira, foi debatido o posicionamento do Cooperado x custos de produ\u00e7\u00e3o, com a representa\u00e7\u00e3o de tr\u00eas cooperativas de regi\u00f5es diferentes do Estado. Participaram Jo\u00e3o Gabriel, da Coopermil, de Santa Rosa (RS), Evandro Schmatz, da Cotriel, de Espumoso (RS) e Alexandre Doneda, da Cotrijal, de N\u00e3o-Me-Toque (RS). Cada um apresentou um hist\u00f3rico e as perspectivas para a safra de trigo em sua regi\u00e3o e como est\u00e3o os custos de produ\u00e7\u00e3o nas suas regi\u00f5es. O painel teve a participa\u00e7\u00e3o tamb\u00e9m do representante da Cotrisal, de Sarandi (RS), M\u00e1rcio Witter, que falou sobre a integra\u00e7\u00e3o das \u00e1reas t\u00e9cnicas com a gest\u00e3o para levar as demandas dos produtores associados \u00e0s cooperativas.<br aria-hidden=\"true\" \/><br aria-hidden=\"true\" \/>Fechando os pain\u00e9is da sexta-feira, o tema foi mercados e canais de comercializa\u00e7\u00e3o. O diretor industrial do Moinho Orqu\u00eddea, Dirceu Bertarello, abordou o tema &#8220;Mercado Dom\u00e9stico &#8211; Trigo Ga\u00facho e a Vis\u00e3o dos Moinhos&#8221;. J\u00e1 Javier Alvarez de Toledo Lutz, representante da Cargill, falou sobre &#8220;Mercado Externo \u2013 Exporta\u00e7\u00e3o Safra 2022\/2023 e Expectativa da Nova Safra&#8221;. E Jairo Faccio, da JF Agroneg\u00f3cios, explanou sobre &#8220;A Experi\u00eancia da Cabotagem, Oportunidade Log\u00edstica e Perspectivas&#8221;.<br aria-hidden=\"true\" \/><br aria-hidden=\"true\" \/>Anteriormente, na noite de quinta-feira, foi realizada palestra com Arnaldo Luiz Torres, do Instituto Creare, com o tema \u201cSe n\u00e3o houver mudan\u00e7a, voc\u00ea dan\u00e7a\u201d, onde abordou temas como a inova\u00e7\u00e3o e mudan\u00e7as nos modelos de neg\u00f3cios. Al\u00e9m disso, a noite tamb\u00e9m foi de premiar as cooperativas Cotriel e Cotrijal que alcan\u00e7aram o Selo Ouro da Smartcoop por terem alcan\u00e7ado os 750 usu\u00e1rios ativos da plataforma.<\/div>\n<div><\/div>\n<div>\n<div><i>Foto: AgroEffective\/Divulga\u00e7\u00e3o<br aria-hidden=\"true\" \/>Texto: Nestor Tipa J\u00fanior\/AgroEffective<\/i><\/div>\n<\/div>\n<\/div><\/div>","protected":false},"excerpt":{"rendered":"<p>Representantes de 28 cooperativas associadas \u00e0 Federa\u00e7\u00e3o das Cooperativas Agropecu\u00e1rias do Estado do Rio Grande do Sul (FecoAgro\/RS) participaram na quinta-feira, 11 de maio, e sexta-feira, 12 de maio, de um f\u00f3rum sobre a cultura do trigo. Com o objetivo de trocar informa\u00e7\u00f5es sobre a cultura e auxiliar no planejamento da safra, dirigentes, comerciais e [&hellip;]<\/p>\n","protected":false},"author":5,"featured_media":37126,"comment_status":"open","ping_status":"open","sticky":false,"template":"","format":"standard","meta":{"_acf_changed":false,"footnotes":""},"categories":[1],"tags":[],"class_list":["post-37125","post","type-post","status-publish","format-standard","has-post-thumbnail","hentry","category-noticias"],"acf":[],"_links":{"self":[{"href":"https:\/\/www.coopatrigo.com.br\/novo\/wp-json\/wp\/v2\/posts\/37125","targetHints":{"allow":["GET"]}}],"collection":[{"href":"https:\/\/www.coopatrigo.com.br\/novo\/wp-json\/wp\/v2\/posts"}],"about":[{"href":"https:\/\/www.coopatrigo.com.br\/novo\/wp-json\/wp\/v2\/types\/post"}],"author":[{"embeddable":true,"href":"https:\/\/www.coopatrigo.com.br\/novo\/wp-json\/wp\/v2\/users\/5"}],"replies":[{"embeddable":true,"href":"https:\/\/www.coopatrigo.com.br\/novo\/wp-json\/wp\/v2\/comments?post=37125"}],"version-history":[{"count":0,"href":"https:\/\/www.coopatrigo.com.br\/novo\/wp-json\/wp\/v2\/posts\/37125\/revisions"}],"wp:featuredmedia":[{"embeddable":true,"href":"https:\/\/www.coopatrigo.com.br\/novo\/wp-json\/wp\/v2\/media\/37126"}],"wp:attachment":[{"href":"https:\/\/www.coopatrigo.com.br\/novo\/wp-json\/wp\/v2\/media?parent=37125"}],"wp:term":[{"taxonomy":"category","embeddable":true,"href":"https:\/\/www.coopatrigo.com.br\/novo\/wp-json\/wp\/v2\/categories?post=37125"},{"taxonomy":"post_tag","embeddable":true,"href":"https:\/\/www.coopatrigo.com.br\/novo\/wp-json\/wp\/v2\/tags?post=37125"}],"curies":[{"name":"wp","href":"https:\/\/api.w.org\/{rel}","templated":true}]}}