{"id":37173,"date":"2023-05-18T09:51:59","date_gmt":"2023-05-18T12:51:59","guid":{"rendered":"https:\/\/www.coopatrigo.com.br\/novo\/?p=37173"},"modified":"2023-05-18T09:51:59","modified_gmt":"2023-05-18T12:51:59","slug":"coopatrigo-reuniu-a-sua-lideranca","status":"publish","type":"post","link":"https:\/\/www.coopatrigo.com.br\/novo\/2023\/05\/18\/coopatrigo-reuniu-a-sua-lideranca\/","title":{"rendered":"Coopatrigo reuniu a sua Lideran\u00e7a"},"content":{"rendered":"<div id=\"dslc-main\">\n\t\t<div  class=\"dslc-modules-section \" style=\"padding-bottom:30px;padding-top:30px;background-color:#16452c;background-image:url(https:\/\/www.coopatrigo.com.br\/novo\/wp-content\/uploads\/2021\/02\/bg.png);background-position:center center;\" data-section-id=\"74a23622ed4\">\n\t\t\t\t\n\t\t\t\t\n\t\t\t\t<div class=\"dslc-modules-section-wrapper dslc-clearfix\"><div class=\"dslc-modules-area dslc-col dslc-12-col dslc-last-col dslc-valign- \" data-size=\"12\" data-valign=\"\">\n\t\t<div id=\"dslc-module-24\" class=\"dslc-module-front dslc-module-DSLC_TP_Title dslc-in-viewport-check dslc-in-viewport-anim-none  dslc-col dslc-12-col dslc-last-col  dslc-module-handle-like-regular \" data-module-id=\"24\" data-module=\"DSLC_TP_Title\" data-dslc-module-size=\"12\" data-dslc-anim=\"none\" data-dslc-anim-delay=\"\" data-dslc-anim-duration=\"650\"  data-dslc-anim-easing=\"ease\" data-dslc-preset=\"none\" >\n\n\t\t\t\n\t\t\t\n\t\t\r\n\t\t\t\t<div class=\"dslc-tp-title\"><h1>Coopatrigo reuniu a sua Lideran\u00e7a<\/h1><\/div>\r\n\r\n\t\t\t\n\t\t\t\t<\/div><!-- .dslc-module -->\n\t\t\n\t\t<div id=\"dslc-module-25\" class=\"dslc-module-front dslc-module-DSLC_TP_Meta dslc-in-viewport-check dslc-in-viewport-anim-none  dslc-col dslc-12-col dslc-last-col  dslc-module-handle-like-regular \" data-module-id=\"25\" data-module=\"DSLC_TP_Meta\" data-dslc-module-size=\"12\" data-dslc-anim=\"none\" data-dslc-anim-delay=\"\" data-dslc-anim-duration=\"650\"  data-dslc-anim-easing=\"ease\" data-dslc-preset=\"none\" >\n\n\t\t\t\n\t\t\t\n\t\t\r\n\t\t\t\t<div class=\"dslc-tp-meta dslc-tp-meta-horizontal\">\r\n\t\t\t\t\t<ul class=\"dslc-clearfix\">\r\n\r\n\t\t\t\t\t\t\t\t\t\t\t\t\t<li>18 de maio de 2023<\/li>\r\n\t\t\t\t\t\t\r\n\t\t\t\t\t\t\r\n\t\t\t\t\t\t\r\n\t\t\t\t\t\t\r\n\t\t\t\t\t\t\r\n\t\t\t\t\t<\/ul>\r\n\t\t\t\t<\/div>\r\n\r\n\t\t\t\n\t\t\t\t<\/div><!-- .dslc-module -->\n\t\t<\/div><\/div><\/div>\n\t\t<div  class=\"dslc-modules-section \" style=\"padding-bottom:30px;padding-top:30px;background-color:rgba(230, 230, 230, 0);border-color:rgb(230, 230, 230);border-top-style: hidden; border-right-style: hidden; border-bottom-style: hidden; border-left-style: hidden; \" data-section-id=\"2b557989cda\">\n\t\t\t\t\n\t\t\t\t\n\t\t\t\t<div class=\"dslc-modules-section-wrapper dslc-clearfix\"><div class=\"dslc-modules-area dslc-col dslc-1-col dslc-first-col dslc-valign-undefined \" data-size=\"1\" data-valign=\"undefined\"><\/div><div class=\"dslc-modules-area dslc-col dslc-10-col  dslc-valign- \" data-size=\"10\" data-valign=\"\">\n\t\t<div id=\"dslc-module-a7d04abcf7f\" class=\"dslc-module-front dslc-module-DSLC_TP_Thumbnail dslc-in-viewport-check dslc-in-viewport-anim-none  dslc-col dslc-12-col dslc-last-col  dslc-module-handle-like-regular \" data-module-id=\"a7d04abcf7f\" data-module=\"DSLC_TP_Thumbnail\" data-dslc-module-size=\"12\" data-dslc-anim=\"none\" data-dslc-anim-delay=\"\" data-dslc-anim-duration=\"650\"  data-dslc-anim-easing=\"ease\" data-dslc-preset=\"none\" >\n\n\t\t\t\n\t\t\t\n\t\t\r\n\t\t\t<div class=\"dslc-tp-thumbnail\">\r\n\t\t\t\t\t\t\t\t\t\t\t\t\t\t\t<img width=\"1024\" height=\"683\" src=\"https:\/\/www.coopatrigo.com.br\/novo\/wp-content\/uploads\/2023\/05\/Reuniao-lideranca.jpg\" class=\"attachment-full size-full wp-post-image\" alt=\"\" title=\"Reuni\u00e3o lideran\u00e7a\" srcset=\"https:\/\/www.coopatrigo.com.br\/novo\/wp-content\/uploads\/2023\/05\/Reuniao-lideranca.jpg 1024w, https:\/\/www.coopatrigo.com.br\/novo\/wp-content\/uploads\/2023\/05\/Reuniao-lideranca-300x200.jpg 300w, https:\/\/www.coopatrigo.com.br\/novo\/wp-content\/uploads\/2023\/05\/Reuniao-lideranca-768x512.jpg 768w\" sizes=\"(max-width: 1024px) 100vw, 1024px\" \/>\t\t\t\t\t\t\t\t\t\t\t\t<\/div>\r\n\r\n\t\t\r\n\t\t\n\t\t\t\t<\/div><!-- .dslc-module -->\n\t\t\n\t\t<div id=\"dslc-module-26\" class=\"dslc-module-front dslc-module-DSLC_TP_Content dslc-in-viewport-check dslc-in-viewport-anim-none  dslc-col dslc-12-col dslc-last-col  dslc-module-handle-like-regular \" data-module-id=\"26\" data-module=\"DSLC_TP_Content\" data-dslc-module-size=\"12\" data-dslc-anim=\"none\" data-dslc-anim-delay=\"\" data-dslc-anim-duration=\"650\"  data-dslc-anim-easing=\"ease\" data-dslc-preset=\"none\" >\n\n\t\t\t\n\t\t\t\n\t\t<div class=\"dslc-tp-content\"><div id=\"dslc-theme-content\"><div id=\"dslc-theme-content-inner\"><p>A Coopatrigo esteve realizando um importante encontro nesta quarta-feira com o seu Conselho de L\u00edderes que envolve os Delegados representativos de todas as Regionais da cooperativa.<\/p>\n<p>A Reuni\u00e3o foi convocado pela Diretoria da Coopatrigo e teve como objetivo a explana\u00e7\u00e3o do momento atual da cooperativa e as dificuldades impostas pela segunda estiagem consecutiva, trazendo muitos desafios na gest\u00e3o.<\/p>\n<p>O Presidente da Coopatrigo Paulo Pires que conduziu a reuni\u00e3o disse que a Lideran\u00e7a precisa estar ciente do quadro extremamente dif\u00edcil, mas que a Diretoria e Conselho de Administra\u00e7\u00e3o vem conduzindo a gest\u00e3o com responsabilidade para que a sa\u00fade financeira da Coopatrigo n\u00e3o seja comprometida. \u201cA lideran\u00e7a para cumprir com o seu papel junto ao quadro social tem que estar alinhada com a Gest\u00e3o da Coopatrigo e quando houver algum questionamento estarem prontos para fazerem a defesa da cooperativa\u201d afirmou o Presidente.<\/p>\n<p>Os l\u00edderes receberam as informa\u00e7\u00f5es da movimenta\u00e7\u00e3o financeira da Coopatrigo no primeiro quadrimestre do ano, tomaram conhecimento sobre a situa\u00e7\u00e3o da Conta Corrente dos associados e principalmente os crit\u00e9rios de prorroga\u00e7\u00e3o das d\u00edvidas para os que n\u00e3o conseguiram honrar com os seus compromissos diante da frustra\u00e7\u00e3o de safra.<\/p>\n<p>Ao encerrar o encontro o Presidente Paulo Pires juntamente com o Presidente do Conselho Central de Representantes, Sidnei Ant\u00f4nio de Jesus agradeceram aos Delegados presentes, ressaltando a todos sobre a import\u00e2ncia de todos estarem alinhados com a Coopatrigo e que juntos ser\u00e1 poss\u00edvel atravessar esse per\u00edodo de dificuldades impostas pelas estiagens.<\/p>\n<p>&nbsp;<\/p>\n<p>Roberto Marques<\/p>\n<p>Assessoria de Comunica\u00e7\u00e3o Coopatrigo<\/p>\n<\/div><\/div><\/div>\n\t\t\t\t<\/div><!-- .dslc-module -->\n\t\t<\/div><\/div><\/div><\/div><input type=\"hidden\" id=\"dslca-post-data-thumb\" value=\"https:\/\/www.coopatrigo.com.br\/novo\/wp-content\/uploads\/2023\/05\/Reuniao-lideranca.jpg\" \/>","protected":false},"excerpt":{"rendered":"<p>Coopatrigo reuniu a sua Lideran\u00e7a 18 de maio de 2023 A Coopatrigo esteve realizando um importante encontro nesta quarta-feira com o seu Conselho de L\u00edderes que envolve os Delegados representativos de todas as Regionais da cooperativa. A Reuni\u00e3o foi convocado pela Diretoria da Coopatrigo e teve como objetivo a explana\u00e7\u00e3o do momento atual da cooperativa [&hellip;]<\/p>\n","protected":false},"author":5,"featured_media":37174,"comment_status":"open","ping_status":"open","sticky":false,"template":"","format":"standard","meta":{"_acf_changed":false,"footnotes":""},"categories":[1],"tags":[],"class_list":["post-37173","post","type-post","status-publish","format-standard","has-post-thumbnail","hentry","category-noticias"],"acf":[],"_links":{"self":[{"href":"https:\/\/www.coopatrigo.com.br\/novo\/wp-json\/wp\/v2\/posts\/37173","targetHints":{"allow":["GET"]}}],"collection":[{"href":"https:\/\/www.coopatrigo.com.br\/novo\/wp-json\/wp\/v2\/posts"}],"about":[{"href":"https:\/\/www.coopatrigo.com.br\/novo\/wp-json\/wp\/v2\/types\/post"}],"author":[{"embeddable":true,"href":"https:\/\/www.coopatrigo.com.br\/novo\/wp-json\/wp\/v2\/users\/5"}],"replies":[{"embeddable":true,"href":"https:\/\/www.coopatrigo.com.br\/novo\/wp-json\/wp\/v2\/comments?post=37173"}],"version-history":[{"count":0,"href":"https:\/\/www.coopatrigo.com.br\/novo\/wp-json\/wp\/v2\/posts\/37173\/revisions"}],"wp:featuredmedia":[{"embeddable":true,"href":"https:\/\/www.coopatrigo.com.br\/novo\/wp-json\/wp\/v2\/media\/37174"}],"wp:attachment":[{"href":"https:\/\/www.coopatrigo.com.br\/novo\/wp-json\/wp\/v2\/media?parent=37173"}],"wp:term":[{"taxonomy":"category","embeddable":true,"href":"https:\/\/www.coopatrigo.com.br\/novo\/wp-json\/wp\/v2\/categories?post=37173"},{"taxonomy":"post_tag","embeddable":true,"href":"https:\/\/www.coopatrigo.com.br\/novo\/wp-json\/wp\/v2\/tags?post=37173"}],"curies":[{"name":"wp","href":"https:\/\/api.w.org\/{rel}","templated":true}]}}