{"id":37409,"date":"2023-06-05T10:14:31","date_gmt":"2023-06-05T13:14:31","guid":{"rendered":"https:\/\/www.coopatrigo.com.br\/novo\/?p=37409"},"modified":"2023-06-07T11:37:23","modified_gmt":"2023-06-07T14:37:23","slug":"coopatrigo-celebra-a-semana-mundial-do-meio-ambiente","status":"publish","type":"post","link":"https:\/\/www.coopatrigo.com.br\/novo\/2023\/06\/05\/coopatrigo-celebra-a-semana-mundial-do-meio-ambiente\/","title":{"rendered":"Coopatrigo celebra a Semana Mundial do Meio Ambiente"},"content":{"rendered":"<div id=\"dslc-main\">\n\t\t<div  class=\"dslc-modules-section \" style=\"padding-bottom:30px;padding-top:30px;background-color:#16452c;background-image:url(https:\/\/www.coopatrigo.com.br\/novo\/wp-content\/uploads\/2021\/02\/bg.png);background-position:center center;\" data-section-id=\"74a23622ed4\">\n\t\t\t\t\n\t\t\t\t\n\t\t\t\t<div class=\"dslc-modules-section-wrapper dslc-clearfix\"><div class=\"dslc-modules-area dslc-col dslc-12-col dslc-last-col dslc-valign- \" data-size=\"12\" data-valign=\"\">\n\t\t<div id=\"dslc-module-24\" class=\"dslc-module-front dslc-module-DSLC_TP_Title dslc-in-viewport-check dslc-in-viewport-anim-none  dslc-col dslc-12-col dslc-last-col  dslc-module-handle-like-regular \" data-module-id=\"24\" data-module=\"DSLC_TP_Title\" data-dslc-module-size=\"12\" data-dslc-anim=\"none\" data-dslc-anim-delay=\"\" data-dslc-anim-duration=\"650\"  data-dslc-anim-easing=\"ease\" data-dslc-preset=\"none\" >\n\n\t\t\t\n\t\t\t\n\t\t\r\n\t\t\t\t<div class=\"dslc-tp-title\"><h1>Coopatrigo celebra a Semana Mundial do Meio Ambiente<\/h1><\/div>\r\n\r\n\t\t\t\n\t\t\t\t<\/div><!-- .dslc-module -->\n\t\t\n\t\t<div id=\"dslc-module-25\" class=\"dslc-module-front dslc-module-DSLC_TP_Meta dslc-in-viewport-check dslc-in-viewport-anim-none  dslc-col dslc-12-col dslc-last-col  dslc-module-handle-like-regular \" data-module-id=\"25\" data-module=\"DSLC_TP_Meta\" data-dslc-module-size=\"12\" data-dslc-anim=\"none\" data-dslc-anim-delay=\"\" data-dslc-anim-duration=\"650\"  data-dslc-anim-easing=\"ease\" data-dslc-preset=\"none\" >\n\n\t\t\t\n\t\t\t\n\t\t\r\n\t\t\t\t<div class=\"dslc-tp-meta dslc-tp-meta-horizontal\">\r\n\t\t\t\t\t<ul class=\"dslc-clearfix\">\r\n\r\n\t\t\t\t\t\t\t\t\t\t\t\t\t<li>5 de junho de 2023<\/li>\r\n\t\t\t\t\t\t\r\n\t\t\t\t\t\t\r\n\t\t\t\t\t\t\r\n\t\t\t\t\t\t\r\n\t\t\t\t\t\t\r\n\t\t\t\t\t<\/ul>\r\n\t\t\t\t<\/div>\r\n\r\n\t\t\t\n\t\t\t\t<\/div><!-- .dslc-module -->\n\t\t<\/div><\/div><\/div>\n\t\t<div  class=\"dslc-modules-section \" style=\"padding-bottom:30px;padding-top:30px;background-color:rgba(230, 230, 230, 0);border-color:rgb(230, 230, 230);border-top-style: hidden; border-right-style: hidden; border-bottom-style: hidden; border-left-style: hidden; \" data-section-id=\"2b557989cda\">\n\t\t\t\t\n\t\t\t\t\n\t\t\t\t<div class=\"dslc-modules-section-wrapper dslc-clearfix\"><div class=\"dslc-modules-area dslc-col dslc-1-col dslc-first-col dslc-valign-undefined \" data-size=\"1\" data-valign=\"undefined\"><\/div><div class=\"dslc-modules-area dslc-col dslc-10-col  dslc-valign- \" data-size=\"10\" data-valign=\"\">\n\t\t<div id=\"dslc-module-a7d04abcf7f\" class=\"dslc-module-front dslc-module-DSLC_TP_Thumbnail dslc-in-viewport-check dslc-in-viewport-anim-none  dslc-col dslc-12-col dslc-last-col  dslc-module-handle-like-regular \" data-module-id=\"a7d04abcf7f\" data-module=\"DSLC_TP_Thumbnail\" data-dslc-module-size=\"12\" data-dslc-anim=\"none\" data-dslc-anim-delay=\"\" data-dslc-anim-duration=\"650\"  data-dslc-anim-easing=\"ease\" data-dslc-preset=\"none\" >\n\n\t\t\t\n\t\t\t\n\t\t\r\n\t\t\t<div class=\"dslc-tp-thumbnail\">\r\n\t\t\t\t\t\t\t\t\t\t\t\t\t\t\t<img width=\"1024\" height=\"1024\" src=\"https:\/\/www.coopatrigo.com.br\/novo\/wp-content\/uploads\/2023\/06\/WhatsApp-Image-2023-06-05-at-10.11.50.jpeg\" class=\"attachment-full size-full wp-post-image\" alt=\"\" title=\"WhatsApp Image 2023-06-05 at 10.11.50\" srcset=\"https:\/\/www.coopatrigo.com.br\/novo\/wp-content\/uploads\/2023\/06\/WhatsApp-Image-2023-06-05-at-10.11.50.jpeg 1024w, https:\/\/www.coopatrigo.com.br\/novo\/wp-content\/uploads\/2023\/06\/WhatsApp-Image-2023-06-05-at-10.11.50-300x300.jpeg 300w, https:\/\/www.coopatrigo.com.br\/novo\/wp-content\/uploads\/2023\/06\/WhatsApp-Image-2023-06-05-at-10.11.50-150x150.jpeg 150w, https:\/\/www.coopatrigo.com.br\/novo\/wp-content\/uploads\/2023\/06\/WhatsApp-Image-2023-06-05-at-10.11.50-768x768.jpeg 768w\" sizes=\"(max-width: 1024px) 100vw, 1024px\" \/>\t\t\t\t\t\t\t\t\t\t\t\t<\/div>\r\n\r\n\t\t\r\n\t\t\n\t\t\t\t<\/div><!-- .dslc-module -->\n\t\t\n\t\t<div id=\"dslc-module-26\" class=\"dslc-module-front dslc-module-DSLC_TP_Content dslc-in-viewport-check dslc-in-viewport-anim-none  dslc-col dslc-12-col dslc-last-col  dslc-module-handle-like-regular \" data-module-id=\"26\" data-module=\"DSLC_TP_Content\" data-dslc-module-size=\"12\" data-dslc-anim=\"none\" data-dslc-anim-delay=\"\" data-dslc-anim-duration=\"650\"  data-dslc-anim-easing=\"ease\" data-dslc-preset=\"none\" >\n\n\t\t\t\n\t\t\t\n\t\t<div class=\"dslc-tp-content\"><div id=\"dslc-theme-content\"><div id=\"dslc-theme-content-inner\"><p>A Semana Mundial do Meio Ambiente \u00e9 comemorada na primeira semana do m\u00eas de junho, sendo uma extens\u00e3o do Dia Mundial do Meio Ambiente, que por sua vez \u00e9 oficialmente celebrado no dia 5 de junho, conforme determinado pelas Na\u00e7\u00f5es Unidas em confer\u00eancia realizada em 1972.<\/p>\n<p>A semana \u00e9 dedicada \u00e0 conscientiza\u00e7\u00e3o sobre a import\u00e2ncia da preserva\u00e7\u00e3o do meio ambiente e, com destaque no ano de 2023, a celebra\u00e7\u00e3o se concentrar\u00e1 em solu\u00e7\u00f5es para o combate da polui\u00e7\u00e3o pl\u00e1stica.<\/p>\n<p>Dentro deste contexto, a Coopatrigo possui diversas a\u00e7\u00f5es, buscando a preserva\u00e7\u00e3o do meio ambiente, e de destina\u00e7\u00e3o correta de res\u00edduos para reciclagem, a\u00e7\u00f5es essas que fazem parte da doutrina e princ\u00edpios do Cooperativismo.<\/p>\n<p>No que diz respeito \u00e0 reciclagem, a Coopatrigo realiza o recolhimento de embalagens vazias de defensivos agr\u00edcolas, onde duas vezes por ano s\u00e3o realizadas as coletas itinerantes em todas as Unidades da Cooperativa e transportadas para a Central do INPEV em S\u00e3o Luiz Gonzaga; desenvolve o projeto \u201cLacres e Tampinhas do Bem\u201d, em parceria com o Rotaract Club de S\u00e3o Luiz Gonzaga que prev\u00ea o recolhimento de lacres e tampas pl\u00e1sticas; possui o Programa \u201cDescarte Consciente de Pilhas\u201d e tamb\u00e9m o projeto \u201cSua L\u00e2mpada Usada tem Destino Certo\u201d, recebendo gratuitamente esses materiais.<\/p>\n<p>Al\u00e9m destas a\u00e7\u00f5es citadas, a Coopatrigo possui outras pr\u00e1ticas de preserva\u00e7\u00e3o do Meio Ambiente, como as orienta\u00e7\u00f5es t\u00e9cnicas atrav\u00e9s de receitu\u00e1rios repassadas para os seus associados para a utiliza\u00e7\u00e3o de defensivos e medicamentos veterin\u00e1rios; possui \u00e1reas permanentes de reflorestamento por utilizar mat\u00e9ria prima florestal em processo industrial; contribui com o desenvolvimento educacional atrav\u00e9s do projeto \u201cCrian\u00e7a Consciente\u201d; destaca a import\u00e2ncia e incentiva a prote\u00e7\u00e3o, preserva\u00e7\u00e3o e recupera\u00e7\u00e3o de nascentes atrav\u00e9s do projeto \u201cAdote uma Nascente\u201d; possui tamb\u00e9m o Projeto \u201c\u00d3leo Reciclado, Meio Ambiente Preservado\u201d para destina\u00e7\u00e3o correta de \u00f3leo de cozinha usado.<\/p>\n<p>A Coopatrigo orgulha-se de celebrar esta data t\u00e3o significativa e de participar ativamente da preserva\u00e7\u00e3o do meio ambiente atrav\u00e9s de seus projetos e de suas atitudes conscientes.<\/p>\n<p>&nbsp;<\/p>\n<p>Aline Schonarth \/ Filipe Reichert<\/p>\n<\/div><\/div><\/div>\n\t\t\t\t<\/div><!-- .dslc-module -->\n\t\t<\/div><\/div><\/div><\/div><input type=\"hidden\" id=\"dslca-post-data-thumb\" value=\"https:\/\/www.coopatrigo.com.br\/novo\/wp-content\/uploads\/2023\/06\/WhatsApp-Image-2023-06-05-at-10.11.50.jpeg\" \/>","protected":false},"excerpt":{"rendered":"<p>Coopatrigo celebra a Semana Mundial do Meio Ambiente 5 de junho de 2023 A Semana Mundial do Meio Ambiente \u00e9 comemorada na primeira semana do m\u00eas de junho, sendo uma extens\u00e3o do Dia Mundial do Meio Ambiente, que por sua vez \u00e9 oficialmente celebrado no dia 5 de junho, conforme determinado pelas Na\u00e7\u00f5es Unidas em [&hellip;]<\/p>\n","protected":false},"author":5,"featured_media":37410,"comment_status":"open","ping_status":"open","sticky":false,"template":"","format":"standard","meta":{"_acf_changed":false,"footnotes":""},"categories":[1],"tags":[],"class_list":["post-37409","post","type-post","status-publish","format-standard","has-post-thumbnail","hentry","category-noticias"],"acf":[],"_links":{"self":[{"href":"https:\/\/www.coopatrigo.com.br\/novo\/wp-json\/wp\/v2\/posts\/37409","targetHints":{"allow":["GET"]}}],"collection":[{"href":"https:\/\/www.coopatrigo.com.br\/novo\/wp-json\/wp\/v2\/posts"}],"about":[{"href":"https:\/\/www.coopatrigo.com.br\/novo\/wp-json\/wp\/v2\/types\/post"}],"author":[{"embeddable":true,"href":"https:\/\/www.coopatrigo.com.br\/novo\/wp-json\/wp\/v2\/users\/5"}],"replies":[{"embeddable":true,"href":"https:\/\/www.coopatrigo.com.br\/novo\/wp-json\/wp\/v2\/comments?post=37409"}],"version-history":[{"count":0,"href":"https:\/\/www.coopatrigo.com.br\/novo\/wp-json\/wp\/v2\/posts\/37409\/revisions"}],"wp:featuredmedia":[{"embeddable":true,"href":"https:\/\/www.coopatrigo.com.br\/novo\/wp-json\/wp\/v2\/media\/37410"}],"wp:attachment":[{"href":"https:\/\/www.coopatrigo.com.br\/novo\/wp-json\/wp\/v2\/media?parent=37409"}],"wp:term":[{"taxonomy":"category","embeddable":true,"href":"https:\/\/www.coopatrigo.com.br\/novo\/wp-json\/wp\/v2\/categories?post=37409"},{"taxonomy":"post_tag","embeddable":true,"href":"https:\/\/www.coopatrigo.com.br\/novo\/wp-json\/wp\/v2\/tags?post=37409"}],"curies":[{"name":"wp","href":"https:\/\/api.w.org\/{rel}","templated":true}]}}