{"id":37519,"date":"2023-06-14T09:09:59","date_gmt":"2023-06-14T12:09:59","guid":{"rendered":"https:\/\/www.coopatrigo.com.br\/novo\/?p=37519"},"modified":"2023-06-14T09:09:59","modified_gmt":"2023-06-14T12:09:59","slug":"coopatrigo-inicia-mais-uma-turma-do-programa-aprendiz-cooperativo-do-campo","status":"publish","type":"post","link":"https:\/\/www.coopatrigo.com.br\/novo\/2023\/06\/14\/coopatrigo-inicia-mais-uma-turma-do-programa-aprendiz-cooperativo-do-campo\/","title":{"rendered":"Coopatrigo inicia mais uma turma do Programa Aprendiz Cooperativo do Campo"},"content":{"rendered":"<div id=\"dslc-main\">\n\t\t<div  class=\"dslc-modules-section \" style=\"padding-bottom:30px;padding-top:30px;background-color:#16452c;background-image:url(https:\/\/www.coopatrigo.com.br\/novo\/wp-content\/uploads\/2021\/02\/bg.png);background-position:center center;\" data-section-id=\"74a23622ed4\">\n\t\t\t\t\n\t\t\t\t\n\t\t\t\t<div class=\"dslc-modules-section-wrapper dslc-clearfix\"><div class=\"dslc-modules-area dslc-col dslc-12-col dslc-last-col dslc-valign- \" data-size=\"12\" data-valign=\"\">\n\t\t<div id=\"dslc-module-24\" class=\"dslc-module-front dslc-module-DSLC_TP_Title dslc-in-viewport-check dslc-in-viewport-anim-none  dslc-col dslc-12-col dslc-last-col  dslc-module-handle-like-regular \" data-module-id=\"24\" data-module=\"DSLC_TP_Title\" data-dslc-module-size=\"12\" data-dslc-anim=\"none\" data-dslc-anim-delay=\"\" data-dslc-anim-duration=\"650\"  data-dslc-anim-easing=\"ease\" data-dslc-preset=\"none\" >\n\n\t\t\t\n\t\t\t\n\t\t\r\n\t\t\t\t<div class=\"dslc-tp-title\"><h1>Coopatrigo inicia mais uma turma do Programa Aprendiz Cooperativo do Campo<\/h1><\/div>\r\n\r\n\t\t\t\n\t\t\t\t<\/div><!-- .dslc-module -->\n\t\t\n\t\t<div id=\"dslc-module-25\" class=\"dslc-module-front dslc-module-DSLC_TP_Meta dslc-in-viewport-check dslc-in-viewport-anim-none  dslc-col dslc-12-col dslc-last-col  dslc-module-handle-like-regular \" data-module-id=\"25\" data-module=\"DSLC_TP_Meta\" data-dslc-module-size=\"12\" data-dslc-anim=\"none\" data-dslc-anim-delay=\"\" data-dslc-anim-duration=\"650\"  data-dslc-anim-easing=\"ease\" data-dslc-preset=\"none\" >\n\n\t\t\t\n\t\t\t\n\t\t\r\n\t\t\t\t<div class=\"dslc-tp-meta dslc-tp-meta-horizontal\">\r\n\t\t\t\t\t<ul class=\"dslc-clearfix\">\r\n\r\n\t\t\t\t\t\t\t\t\t\t\t\t\t<li>14 de junho de 2023<\/li>\r\n\t\t\t\t\t\t\r\n\t\t\t\t\t\t\r\n\t\t\t\t\t\t\r\n\t\t\t\t\t\t\r\n\t\t\t\t\t\t\r\n\t\t\t\t\t<\/ul>\r\n\t\t\t\t<\/div>\r\n\r\n\t\t\t\n\t\t\t\t<\/div><!-- .dslc-module -->\n\t\t<\/div><\/div><\/div>\n\t\t<div  class=\"dslc-modules-section \" style=\"padding-bottom:30px;padding-top:30px;background-color:rgba(230, 230, 230, 0);border-color:rgb(230, 230, 230);border-top-style: hidden; border-right-style: hidden; border-bottom-style: hidden; border-left-style: hidden; \" data-section-id=\"2b557989cda\">\n\t\t\t\t\n\t\t\t\t\n\t\t\t\t<div class=\"dslc-modules-section-wrapper dslc-clearfix\"><div class=\"dslc-modules-area dslc-col dslc-1-col dslc-first-col dslc-valign-undefined \" data-size=\"1\" data-valign=\"undefined\"><\/div><div class=\"dslc-modules-area dslc-col dslc-10-col  dslc-valign- \" data-size=\"10\" data-valign=\"\">\n\t\t<div id=\"dslc-module-a7d04abcf7f\" class=\"dslc-module-front dslc-module-DSLC_TP_Thumbnail dslc-in-viewport-check dslc-in-viewport-anim-none  dslc-col dslc-12-col dslc-last-col  dslc-module-handle-like-regular \" data-module-id=\"a7d04abcf7f\" data-module=\"DSLC_TP_Thumbnail\" data-dslc-module-size=\"12\" data-dslc-anim=\"none\" data-dslc-anim-delay=\"\" data-dslc-anim-duration=\"650\"  data-dslc-anim-easing=\"ease\" data-dslc-preset=\"none\" >\n\n\t\t\t\n\t\t\t\n\t\t\r\n\t\t\t<div class=\"dslc-tp-thumbnail\">\r\n\t\t\t\t\t\t\t\t\t\t\t\t\t\t\t<img width=\"1024\" height=\"682\" src=\"https:\/\/www.coopatrigo.com.br\/novo\/wp-content\/uploads\/2023\/06\/33b832b6-8b29-4359-848c-6feb76a2da95.jpg\" class=\"attachment-full size-full wp-post-image\" alt=\"\" title=\"33b832b6-8b29-4359-848c-6feb76a2da95\" srcset=\"https:\/\/www.coopatrigo.com.br\/novo\/wp-content\/uploads\/2023\/06\/33b832b6-8b29-4359-848c-6feb76a2da95.jpg 1024w, https:\/\/www.coopatrigo.com.br\/novo\/wp-content\/uploads\/2023\/06\/33b832b6-8b29-4359-848c-6feb76a2da95-300x200.jpg 300w, https:\/\/www.coopatrigo.com.br\/novo\/wp-content\/uploads\/2023\/06\/33b832b6-8b29-4359-848c-6feb76a2da95-768x512.jpg 768w\" sizes=\"(max-width: 1024px) 100vw, 1024px\" \/>\t\t\t\t\t\t\t\t\t\t\t\t<\/div>\r\n\r\n\t\t\r\n\t\t\n\t\t\t\t<\/div><!-- .dslc-module -->\n\t\t\n\t\t<div id=\"dslc-module-26\" class=\"dslc-module-front dslc-module-DSLC_TP_Content dslc-in-viewport-check dslc-in-viewport-anim-none  dslc-col dslc-12-col dslc-last-col  dslc-module-handle-like-regular \" data-module-id=\"26\" data-module=\"DSLC_TP_Content\" data-dslc-module-size=\"12\" data-dslc-anim=\"none\" data-dslc-anim-delay=\"\" data-dslc-anim-duration=\"650\"  data-dslc-anim-easing=\"ease\" data-dslc-preset=\"none\" >\n\n\t\t\t\n\t\t\t\n\t\t<div class=\"dslc-tp-content\"><div id=\"dslc-theme-content\"><div id=\"dslc-theme-content-inner\"><p>Dentro do seu processo permanente de Aprendizagem, a Coopatrigo deu in\u00edcio nesta semana \u00e0 mais uma turma do Aprendiz Cooperativo do Campo, curso criado pelo Sescoop\/RS especialmente para as Cooperativas Agropecu\u00e1rias.<\/p>\n<p>Essa est\u00e1 sendo a quinta turma da Coopatrigo do Programa Aprendiz Cooperativo do Campo e foi formada junto a Escola Padre Jo\u00e3o Baptista R\u00e9us de Dezesseis de Novembro, contando com 25 alunos que foram selecionados atendendo os principais requisitos para participar do curso, entre os quais est\u00e1 a liga\u00e7\u00e3o com o meio rural, sendo que estes alunos firmam um Contrato de Trabalho como Aprendizes com a Coopatrigo pelo per\u00edodo de dura\u00e7\u00e3o do Curso que s\u00e3o 18 meses.<\/p>\n<p>O ato foi desenvolvido junto ao Audit\u00f3rio da Coopatrigo e a sauda\u00e7\u00e3o aos alunos e familiares, que estavam acompanhados pela Dire\u00e7\u00e3o da Escola de Dezesseis de Novembro foi realizada pelo vice-presidente da Coopatrigo Luiz Fl\u00e1vio Oliveira e o Superintendente Marcos Pilecco.<\/p>\n<p>Desde 2017, o Aprendiz Cooperativo do Campo estimula a perman\u00eancia dos jovens nas atividades do meio rural, promove a sucess\u00e3o familiar e incentiva o aumento do quadro social das cooperativas. A iniciativa \u00e9 voltada para jovens de 14 a 24 anos incompletos, filhos de cooperados, sendo inclusive registrada junto ao Minist\u00e9rio do Trabalho e Emprego (MTE) e traz uma proposta inovadora de curso, com aulas pr\u00e1ticas e te\u00f3ricas em ambientes diversificados de produ\u00e7\u00e3o como propriedades-modelo, laborat\u00f3rios, dias de campo, feiras, exposi\u00e7\u00f5es e viv\u00eancias na propriedade de sua fam\u00edlia atrav\u00e9s de estudos dirigidos, objetivando adquirir conhecimentos que estimulam a forma\u00e7\u00e3o de um agente empreendedor cooperativo.<\/p>\n<p>Para ministrar o Curso foi contratada a Cooperconc\u00f3rdia de Santa Rosa e as aulas ser\u00e3o todas desenvolvidas junto a Escola em Dezesseis de Novembro no turno inverso das atividades curriculares normais dos alunos.<\/p>\n<p>A Coopatrigo j\u00e1 desenvolveu o Programa Aprendiz Cooperativo do Campo em S\u00e3o Louren\u00e7o, interior de S\u00e3o Luiz Gonzaga; no Rinc\u00e3o dos Mirandas, interior de Santo Ant\u00f4nio das Miss\u00f5es; na Esquina Piratini, interior de Bossoroca e no Rolador, formando em torno de 100 alunos somente neste Programa.<\/p>\n<p>&nbsp;<\/p>\n<p>Roberto Marques\/Filipe Reichert<\/p>\n<p>Assessoria de Comunica\u00e7\u00e3o Coopatrigo<\/p>\n<\/div><\/div><\/div>\n\t\t\t\t<\/div><!-- .dslc-module -->\n\t\t<\/div><\/div><\/div><\/div><input type=\"hidden\" id=\"dslca-post-data-thumb\" value=\"https:\/\/www.coopatrigo.com.br\/novo\/wp-content\/uploads\/2023\/06\/33b832b6-8b29-4359-848c-6feb76a2da95.jpg\" \/>","protected":false},"excerpt":{"rendered":"<p>Coopatrigo inicia mais uma turma do Programa Aprendiz Cooperativo do Campo 14 de junho de 2023 Dentro do seu processo permanente de Aprendizagem, a Coopatrigo deu in\u00edcio nesta semana \u00e0 mais uma turma do Aprendiz Cooperativo do Campo, curso criado pelo Sescoop\/RS especialmente para as Cooperativas Agropecu\u00e1rias. Essa est\u00e1 sendo a quinta turma da Coopatrigo [&hellip;]<\/p>\n","protected":false},"author":5,"featured_media":37520,"comment_status":"open","ping_status":"open","sticky":false,"template":"","format":"standard","meta":{"_acf_changed":false,"footnotes":""},"categories":[1],"tags":[],"class_list":["post-37519","post","type-post","status-publish","format-standard","has-post-thumbnail","hentry","category-noticias"],"acf":[],"_links":{"self":[{"href":"https:\/\/www.coopatrigo.com.br\/novo\/wp-json\/wp\/v2\/posts\/37519","targetHints":{"allow":["GET"]}}],"collection":[{"href":"https:\/\/www.coopatrigo.com.br\/novo\/wp-json\/wp\/v2\/posts"}],"about":[{"href":"https:\/\/www.coopatrigo.com.br\/novo\/wp-json\/wp\/v2\/types\/post"}],"author":[{"embeddable":true,"href":"https:\/\/www.coopatrigo.com.br\/novo\/wp-json\/wp\/v2\/users\/5"}],"replies":[{"embeddable":true,"href":"https:\/\/www.coopatrigo.com.br\/novo\/wp-json\/wp\/v2\/comments?post=37519"}],"version-history":[{"count":0,"href":"https:\/\/www.coopatrigo.com.br\/novo\/wp-json\/wp\/v2\/posts\/37519\/revisions"}],"wp:featuredmedia":[{"embeddable":true,"href":"https:\/\/www.coopatrigo.com.br\/novo\/wp-json\/wp\/v2\/media\/37520"}],"wp:attachment":[{"href":"https:\/\/www.coopatrigo.com.br\/novo\/wp-json\/wp\/v2\/media?parent=37519"}],"wp:term":[{"taxonomy":"category","embeddable":true,"href":"https:\/\/www.coopatrigo.com.br\/novo\/wp-json\/wp\/v2\/categories?post=37519"},{"taxonomy":"post_tag","embeddable":true,"href":"https:\/\/www.coopatrigo.com.br\/novo\/wp-json\/wp\/v2\/tags?post=37519"}],"curies":[{"name":"wp","href":"https:\/\/api.w.org\/{rel}","templated":true}]}}