{"id":37568,"date":"2023-06-15T08:45:55","date_gmt":"2023-06-15T11:45:55","guid":{"rendered":"https:\/\/www.coopatrigo.com.br\/novo\/?p=37568"},"modified":"2023-06-15T08:45:55","modified_gmt":"2023-06-15T11:45:55","slug":"cooperativas-gauchas-foram-a-brasilia-solicitar-apoio-aos-produtores","status":"publish","type":"post","link":"https:\/\/www.coopatrigo.com.br\/novo\/2023\/06\/15\/cooperativas-gauchas-foram-a-brasilia-solicitar-apoio-aos-produtores\/","title":{"rendered":"Cooperativas ga\u00fachas foram \u00e0 Bras\u00edlia solicitar apoio aos produtores"},"content":{"rendered":"<div id=\"dslc-theme-content\"><div id=\"dslc-theme-content-inner\"><p>No in\u00edcio desta semana uma comitiva de representantes de Cooperativas Agropecu\u00e1rias esteve em Bras\u00edlia mantendo uma s\u00e9rie de audi\u00eancias, solicitando o an\u00fancio de medidas governamentais que apoiem os produtores do estado que est\u00e3o enfrentando os efeitos da segunda estiagem consecutiva nas safras de ver\u00e3o, que afetaram seriamente as suas finan\u00e7as.<\/p>\n<p>O Presidente da Coopatrigo Paulo Pires, que tamb\u00e9m preside a Fecoagro\/RS foi um dos integrantes da comitiva, que tamb\u00e9m teve o Presidente do Sistema Ocergs, Darci Hartmann, o Presidente da Cotrijal, Nei M\u00e2nica e o Diretor Executivo da Fecoagro\/RS, S\u00e9rgio Feltraco.<\/p>\n<p>A comitiva manteve reuni\u00f5es com o ministro da Agricultura, Carlos F\u00e1varo, e com o vice-presidente de Agroneg\u00f3cios do Banco do Brasil, Luiz Gustavo Braz Lage, e o diretor de Agroneg\u00f3cios do Banco do Brasil, Jayme Pinto J\u00fanior. O grupo esteve ainda com o presidente do Sistema OCB, M\u00e1rcio Lopes de Freitas, entidade que tamb\u00e9m trabalha junto ao governo federal em defesa dos produtores ga\u00fachos.<\/p>\n<p>Paulo Pires destacou que a inten\u00e7\u00e3o do grupo foi o de mostrar que a realidade do Rio Grande do Sul \u00e9 diferente do restante do Brasil e por isso s\u00e3o necess\u00e1rias medidas que venham atender as necessidades principalmente das Cooperativas que est\u00e3o prorrogando as contas referentes \u00e0 \u00faltima safra de ver\u00e3o e necessitam dar condi\u00e7\u00f5es para o seu associado seguir em frente e plantar as pr\u00f3ximas safras.<\/p>\n<p>Os representantes da Cooperativas ga\u00fachas foram informados que o Governo Federal j\u00e1 est\u00e1 estudando essas medidas, que inclusive poder\u00e3o estar no an\u00fancio do pr\u00f3ximo Plano Safra.<\/p>\n<p>&nbsp;<\/p>\n<p>Roberto Marques<\/p>\n<p>Assessoria de Comunica\u00e7\u00e3o Coopatrigo<\/p>\n<\/div><\/div>","protected":false},"excerpt":{"rendered":"<p>No in\u00edcio desta semana uma comitiva de representantes de Cooperativas Agropecu\u00e1rias esteve em Bras\u00edlia mantendo uma s\u00e9rie de audi\u00eancias, solicitando o an\u00fancio de medidas governamentais que apoiem os produtores do estado que est\u00e3o enfrentando os efeitos da segunda estiagem consecutiva nas safras de ver\u00e3o, que afetaram seriamente as suas finan\u00e7as. O Presidente da Coopatrigo Paulo [&hellip;]<\/p>\n","protected":false},"author":5,"featured_media":37570,"comment_status":"open","ping_status":"open","sticky":false,"template":"","format":"standard","meta":{"_acf_changed":false,"footnotes":""},"categories":[1],"tags":[],"class_list":["post-37568","post","type-post","status-publish","format-standard","has-post-thumbnail","hentry","category-noticias"],"acf":[],"_links":{"self":[{"href":"https:\/\/www.coopatrigo.com.br\/novo\/wp-json\/wp\/v2\/posts\/37568","targetHints":{"allow":["GET"]}}],"collection":[{"href":"https:\/\/www.coopatrigo.com.br\/novo\/wp-json\/wp\/v2\/posts"}],"about":[{"href":"https:\/\/www.coopatrigo.com.br\/novo\/wp-json\/wp\/v2\/types\/post"}],"author":[{"embeddable":true,"href":"https:\/\/www.coopatrigo.com.br\/novo\/wp-json\/wp\/v2\/users\/5"}],"replies":[{"embeddable":true,"href":"https:\/\/www.coopatrigo.com.br\/novo\/wp-json\/wp\/v2\/comments?post=37568"}],"version-history":[{"count":0,"href":"https:\/\/www.coopatrigo.com.br\/novo\/wp-json\/wp\/v2\/posts\/37568\/revisions"}],"wp:featuredmedia":[{"embeddable":true,"href":"https:\/\/www.coopatrigo.com.br\/novo\/wp-json\/wp\/v2\/media\/37570"}],"wp:attachment":[{"href":"https:\/\/www.coopatrigo.com.br\/novo\/wp-json\/wp\/v2\/media?parent=37568"}],"wp:term":[{"taxonomy":"category","embeddable":true,"href":"https:\/\/www.coopatrigo.com.br\/novo\/wp-json\/wp\/v2\/categories?post=37568"},{"taxonomy":"post_tag","embeddable":true,"href":"https:\/\/www.coopatrigo.com.br\/novo\/wp-json\/wp\/v2\/tags?post=37568"}],"curies":[{"name":"wp","href":"https:\/\/api.w.org\/{rel}","templated":true}]}}