{"id":37679,"date":"2023-06-19T15:34:08","date_gmt":"2023-06-19T18:34:08","guid":{"rendered":"https:\/\/www.coopatrigo.com.br\/novo\/?p=37679"},"modified":"2023-06-19T15:37:58","modified_gmt":"2023-06-19T18:37:58","slug":"faltando-100-dias-para-a-sua-realizacao-expo-sao-luiz-2023-e-lancada-oficialmente","status":"publish","type":"post","link":"https:\/\/www.coopatrigo.com.br\/novo\/2023\/06\/19\/faltando-100-dias-para-a-sua-realizacao-expo-sao-luiz-2023-e-lancada-oficialmente\/","title":{"rendered":"Faltando 100 dias para a sua realiza\u00e7\u00e3o, Expo S\u00e3o Luiz 2023 \u00e9 lan\u00e7ada oficialmente"},"content":{"rendered":"<div id=\"dslc-theme-content\"><div id=\"dslc-theme-content-inner\"><p>Tendo como palco a Casa Coopatrigo no Parque de Exposi\u00e7\u00f5es do Sindicato Rural de S\u00e3o Luiz Gonzaga, foi realizada na manh\u00e3 desta segunda-feira, dia 19 de junho, o lan\u00e7amento oficial da Expo S\u00e3o Luiz 2023 que tem a Coopatrigo como uma das entidades realizadoras.<\/p>\n<p>A data foi escolhida estrategicamente por faltar exatamente 100 dias para o in\u00edcio do evento que ser\u00e1 realizado de 27 de setembro \u00e0 1\u00b0 de outubro e como marco principal deste lan\u00e7amento foi apresentada a grade de shows que ser\u00e3o um dos atrativos da Expo S\u00e3o Luiz.<\/p>\n<p>Os shows da Expo S\u00e3o Luiz v\u00e3o ocorrer a partir do primeiro dia, onde foi institu\u00edda uma noite crist\u00e3 com shows gospel de Nani Azevedo e a dupla Andr\u00e9 e Felipe e participa\u00e7\u00e3o especial do ex-jogador de futebol da Chapecoense Neto que sobreviveu ao acidente do avi\u00e3o que o seu time de futebol sofreu.<\/p>\n<p>No dia 28, haver\u00e1 uma noite missioneira com tributo a Luiz Carlos Borges com apresenta\u00e7\u00f5es de \u00c2ngelo Franco, Glauco Fonseca e Yuri Menezes, Xiru Missioneiro e Jorge Guedes e fam\u00edlia.<\/p>\n<p>Na sexta-feira e s\u00e1bado acontecem os chamados shows nacionais com duas apresenta\u00e7\u00f5es em cada noite. Na sexta-feira, dia 29 de setembro ocorre a apresenta\u00e7\u00e3o dos sertanejos Breno e Matheus, e logo em seguida a atra\u00e7\u00e3o especial: a cantora Mari Fernandez, que far\u00e1 sua primeira apresenta\u00e7\u00e3o no Rio Grande do Sul. No s\u00e1bado, dia 30, ser\u00e1 a vez da dupla sertaneja Anderson e Matheus subir ao palco, e em seguida Jo\u00e3o Bosco e Vin\u00edcius. O encerramento da Expo S\u00e3o Luiz 2023, no dia 1 de outubro, ficar\u00e1 por conta do talentoso Desid\u00e9rio Souza, outro cantor missioneiro que tamb\u00e9m recebe uma oportunidade de se apresentar na nossa tradicional feira.<\/p>\n<p>O Presidente da Coopatrigo Paulo Pires participou do lan\u00e7amento da Expo S\u00e3o Luiz e ao se manifestar comentou sobre a import\u00e2ncia da uni\u00e3o que existe em torno da realiza\u00e7\u00e3o deste evento, formato que foi idealizado a partir de 2008, quando ele inclusive foi Presidente da Expo S\u00e3o Luiz nesse novo modelo.<\/p>\n<p>&nbsp;<\/p>\n<p>Roberto Marques<\/p>\n<p>Assessoria de Comunica\u00e7\u00e3o Coopatrigo<\/p>\n<\/div><\/div>","protected":false},"excerpt":{"rendered":"<p>Tendo como palco a Casa Coopatrigo no Parque de Exposi\u00e7\u00f5es do Sindicato Rural de S\u00e3o Luiz Gonzaga, foi realizada na manh\u00e3 desta segunda-feira, dia 19 de junho, o lan\u00e7amento oficial da Expo S\u00e3o Luiz 2023 que tem a Coopatrigo como uma das entidades realizadoras. A data foi escolhida estrategicamente por faltar exatamente 100 dias para [&hellip;]<\/p>\n","protected":false},"author":5,"featured_media":37680,"comment_status":"open","ping_status":"open","sticky":false,"template":"","format":"standard","meta":{"_acf_changed":false,"footnotes":""},"categories":[1],"tags":[],"class_list":["post-37679","post","type-post","status-publish","format-standard","has-post-thumbnail","hentry","category-noticias"],"acf":[],"_links":{"self":[{"href":"https:\/\/www.coopatrigo.com.br\/novo\/wp-json\/wp\/v2\/posts\/37679","targetHints":{"allow":["GET"]}}],"collection":[{"href":"https:\/\/www.coopatrigo.com.br\/novo\/wp-json\/wp\/v2\/posts"}],"about":[{"href":"https:\/\/www.coopatrigo.com.br\/novo\/wp-json\/wp\/v2\/types\/post"}],"author":[{"embeddable":true,"href":"https:\/\/www.coopatrigo.com.br\/novo\/wp-json\/wp\/v2\/users\/5"}],"replies":[{"embeddable":true,"href":"https:\/\/www.coopatrigo.com.br\/novo\/wp-json\/wp\/v2\/comments?post=37679"}],"version-history":[{"count":0,"href":"https:\/\/www.coopatrigo.com.br\/novo\/wp-json\/wp\/v2\/posts\/37679\/revisions"}],"wp:featuredmedia":[{"embeddable":true,"href":"https:\/\/www.coopatrigo.com.br\/novo\/wp-json\/wp\/v2\/media\/37680"}],"wp:attachment":[{"href":"https:\/\/www.coopatrigo.com.br\/novo\/wp-json\/wp\/v2\/media?parent=37679"}],"wp:term":[{"taxonomy":"category","embeddable":true,"href":"https:\/\/www.coopatrigo.com.br\/novo\/wp-json\/wp\/v2\/categories?post=37679"},{"taxonomy":"post_tag","embeddable":true,"href":"https:\/\/www.coopatrigo.com.br\/novo\/wp-json\/wp\/v2\/tags?post=37679"}],"curies":[{"name":"wp","href":"https:\/\/api.w.org\/{rel}","templated":true}]}}