{"id":37882,"date":"2023-06-27T08:28:24","date_gmt":"2023-06-27T11:28:24","guid":{"rendered":"https:\/\/www.coopatrigo.com.br\/novo\/?p=37882"},"modified":"2023-06-27T08:28:24","modified_gmt":"2023-06-27T11:28:24","slug":"cooperativas-com-atuacao-em-sao-luiz-gonzaga-irao-realizar-1-pedal-cooperativista-em-celebracao-ao-dia-de-cooperar","status":"publish","type":"post","link":"https:\/\/www.coopatrigo.com.br\/novo\/2023\/06\/27\/cooperativas-com-atuacao-em-sao-luiz-gonzaga-irao-realizar-1-pedal-cooperativista-em-celebracao-ao-dia-de-cooperar\/","title":{"rendered":"Cooperativas com atua\u00e7\u00e3o em S\u00e3o Luiz Gonzaga ir\u00e3o realizar 1\u00b0 Pedal Cooperativista em celebra\u00e7\u00e3o ao Dia de Cooperar"},"content":{"rendered":"<div id=\"dslc-main\">\n\t\t<div  class=\"dslc-modules-section \" style=\"padding-bottom:30px;padding-top:30px;background-color:#16452c;background-image:url(https:\/\/www.coopatrigo.com.br\/novo\/wp-content\/uploads\/2021\/02\/bg.png);background-position:center center;\" data-section-id=\"74a23622ed4\">\n\t\t\t\t\n\t\t\t\t\n\t\t\t\t<div class=\"dslc-modules-section-wrapper dslc-clearfix\"><div class=\"dslc-modules-area dslc-col dslc-12-col dslc-last-col dslc-valign- \" data-size=\"12\" data-valign=\"\">\n\t\t<div id=\"dslc-module-24\" class=\"dslc-module-front dslc-module-DSLC_TP_Title dslc-in-viewport-check dslc-in-viewport-anim-none  dslc-col dslc-12-col dslc-last-col  dslc-module-handle-like-regular \" data-module-id=\"24\" data-module=\"DSLC_TP_Title\" data-dslc-module-size=\"12\" data-dslc-anim=\"none\" data-dslc-anim-delay=\"\" data-dslc-anim-duration=\"650\"  data-dslc-anim-easing=\"ease\" data-dslc-preset=\"none\" >\n\n\t\t\t\n\t\t\t\n\t\t\r\n\t\t\t\t<div class=\"dslc-tp-title\"><h1>Cooperativas com atua\u00e7\u00e3o em S\u00e3o Luiz Gonzaga ir\u00e3o realizar 1\u00b0 Pedal Cooperativista em celebra\u00e7\u00e3o ao Dia de Cooperar<\/h1><\/div>\r\n\r\n\t\t\t\n\t\t\t\t<\/div><!-- .dslc-module -->\n\t\t\n\t\t<div id=\"dslc-module-25\" class=\"dslc-module-front dslc-module-DSLC_TP_Meta dslc-in-viewport-check dslc-in-viewport-anim-none  dslc-col dslc-12-col dslc-last-col  dslc-module-handle-like-regular \" data-module-id=\"25\" data-module=\"DSLC_TP_Meta\" data-dslc-module-size=\"12\" data-dslc-anim=\"none\" data-dslc-anim-delay=\"\" data-dslc-anim-duration=\"650\"  data-dslc-anim-easing=\"ease\" data-dslc-preset=\"none\" >\n\n\t\t\t\n\t\t\t\n\t\t\r\n\t\t\t\t<div class=\"dslc-tp-meta dslc-tp-meta-horizontal\">\r\n\t\t\t\t\t<ul class=\"dslc-clearfix\">\r\n\r\n\t\t\t\t\t\t\t\t\t\t\t\t\t<li>27 de junho de 2023<\/li>\r\n\t\t\t\t\t\t\r\n\t\t\t\t\t\t\r\n\t\t\t\t\t\t\r\n\t\t\t\t\t\t\r\n\t\t\t\t\t\t\r\n\t\t\t\t\t<\/ul>\r\n\t\t\t\t<\/div>\r\n\r\n\t\t\t\n\t\t\t\t<\/div><!-- .dslc-module -->\n\t\t<\/div><\/div><\/div>\n\t\t<div  class=\"dslc-modules-section \" style=\"padding-bottom:30px;padding-top:30px;background-color:rgba(230, 230, 230, 0);border-color:rgb(230, 230, 230);border-top-style: hidden; border-right-style: hidden; border-bottom-style: hidden; border-left-style: hidden; \" data-section-id=\"2b557989cda\">\n\t\t\t\t\n\t\t\t\t\n\t\t\t\t<div class=\"dslc-modules-section-wrapper dslc-clearfix\"><div class=\"dslc-modules-area dslc-col dslc-1-col dslc-first-col dslc-valign-undefined \" data-size=\"1\" data-valign=\"undefined\"><\/div><div class=\"dslc-modules-area dslc-col dslc-10-col  dslc-valign- \" data-size=\"10\" data-valign=\"\">\n\t\t<div id=\"dslc-module-a7d04abcf7f\" class=\"dslc-module-front dslc-module-DSLC_TP_Thumbnail dslc-in-viewport-check dslc-in-viewport-anim-none  dslc-col dslc-12-col dslc-last-col  dslc-module-handle-like-regular \" data-module-id=\"a7d04abcf7f\" data-module=\"DSLC_TP_Thumbnail\" data-dslc-module-size=\"12\" data-dslc-anim=\"none\" data-dslc-anim-delay=\"\" data-dslc-anim-duration=\"650\"  data-dslc-anim-easing=\"ease\" data-dslc-preset=\"none\" >\n\n\t\t\t\n\t\t\t\n\t\t\r\n\t\t\t<div class=\"dslc-tp-thumbnail\">\r\n\t\t\t\t\t\t\t\t\t\t\t\t\t\t\t<img width=\"763\" height=\"1080\" src=\"https:\/\/www.coopatrigo.com.br\/novo\/wp-content\/uploads\/2023\/06\/WhatsApp-Image-2023-06-26-at-08.07.58.jpeg\" class=\"attachment-full size-full wp-post-image\" alt=\"\" title=\"WhatsApp Image 2023-06-26 at 08.07.58\" srcset=\"https:\/\/www.coopatrigo.com.br\/novo\/wp-content\/uploads\/2023\/06\/WhatsApp-Image-2023-06-26-at-08.07.58.jpeg 763w, https:\/\/www.coopatrigo.com.br\/novo\/wp-content\/uploads\/2023\/06\/WhatsApp-Image-2023-06-26-at-08.07.58-212x300.jpeg 212w, https:\/\/www.coopatrigo.com.br\/novo\/wp-content\/uploads\/2023\/06\/WhatsApp-Image-2023-06-26-at-08.07.58-723x1024.jpeg 723w\" sizes=\"(max-width: 763px) 100vw, 763px\" \/>\t\t\t\t\t\t\t\t\t\t\t\t<\/div>\r\n\r\n\t\t\r\n\t\t\n\t\t\t\t<\/div><!-- .dslc-module -->\n\t\t\n\t\t<div id=\"dslc-module-26\" class=\"dslc-module-front dslc-module-DSLC_TP_Content dslc-in-viewport-check dslc-in-viewport-anim-none  dslc-col dslc-12-col dslc-last-col  dslc-module-handle-like-regular \" data-module-id=\"26\" data-module=\"DSLC_TP_Content\" data-dslc-module-size=\"12\" data-dslc-anim=\"none\" data-dslc-anim-delay=\"\" data-dslc-anim-duration=\"650\"  data-dslc-anim-easing=\"ease\" data-dslc-preset=\"none\" >\n\n\t\t\t\n\t\t\t\n\t\t<div class=\"dslc-tp-content\"><div id=\"dslc-theme-content\"><div id=\"dslc-theme-content-inner\"><p>As Cooperativas que possuem atua\u00e7\u00e3o em S\u00e3o Luiz Gonzaga est\u00e3o se organizando em um processo de Intercoopera\u00e7\u00e3o e estar\u00e3o realizando uma programa\u00e7\u00e3o para marcar o Dia de Cooperar e o Dia Internacional do Cooperativismo que vai transcorrer no s\u00e1bado, dia 1\u00b0 de julho.<\/p>\n<p>Fazem parte do grupo: Coopatrigo, Sicoob, Cermiss\u00f5es, Unicred, Coparte, Cresol e Sicredi e a a\u00e7\u00e3o vai contar com o apoio do SESC, Grupo de Ciclistas Pr\u00f3 Giro e Assessoria de Promo\u00e7\u00e3o do Desporto e Lazer da Prefeitura Municipal.<\/p>\n<p>A programa\u00e7\u00e3o ser\u00e1 realizada no s\u00e1bado \u00e0 tarde a partir das 13:30hs no Centro Esportivo C\u00edcero Cavalheiro e vai consistir na realiza\u00e7\u00e3o do 1\u00b0 Pedal Cooperativista, o qual vai percorrer algumas ruas centrais da cidade e a seguir haver\u00e1 uma concentra\u00e7\u00e3o no Chimarr\u00f3dromo com mateada da Ervateira Rei Verde, atividades de recrea\u00e7\u00e3o desenvolvidas pelo SESC e sorteio de brindes personalizados das Cooperativas entre os presentes, al\u00e9m do sorteio de duas bicicletas entre os participantes do passeio cicl\u00edstico.<\/p>\n<p>As a\u00e7\u00f5es do Dia C sempre s\u00e3o voltadas para um dos Objetivos de Desenvolvimento Sustent\u00e1vel institu\u00eddos pela ONU e as Cooperativas com atua\u00e7\u00e3o em S\u00e3o Luiz Gonzaga neste ano resolveram focar no ODS de n\u00famero tr\u00eas que \u00e9 Boa Sa\u00fade e Bem-estar, j\u00e1 que ser cooperativista \u00e9, antes de tudo, zelar pelo bem-estar de um grupo, de uma sociedade.<\/p>\n<p>O Dia C foi criado pela OCB, Organiza\u00e7\u00e3o das Cooperativas Brasileira a partir de 2009 para apoiar as cooperativas brasileiras a cumprirem esse compromisso com a sociedade, cujo foco principal \u00e9 o incentivo ao voluntariado.<\/p>\n<p>Os interessados em participar do 1\u00b0 Pedal Cooperativista poder\u00e3o fazer a sua inscri\u00e7\u00e3o gratuita atrav\u00e9s do link: <a href=\"https:\/\/forms.office.com\/r\/aJAeqVj7aG\">https:\/\/forms.office.com\/r\/aJAeqVj7aG<\/a><\/p>\n<p>&nbsp;<\/p>\n<p>Roberto Marques<\/p>\n<p>Assessoria de Comunica\u00e7\u00e3o Coopatrigo<\/p>\n<\/div><\/div><\/div>\n\t\t\t\t<\/div><!-- .dslc-module -->\n\t\t<\/div><\/div><\/div><\/div><input type=\"hidden\" id=\"dslca-post-data-thumb\" value=\"https:\/\/www.coopatrigo.com.br\/novo\/wp-content\/uploads\/2023\/06\/WhatsApp-Image-2023-06-26-at-08.07.58.jpeg\" \/>","protected":false},"excerpt":{"rendered":"<p>Cooperativas com atua\u00e7\u00e3o em S\u00e3o Luiz Gonzaga ir\u00e3o realizar 1\u00b0 Pedal Cooperativista em celebra\u00e7\u00e3o ao Dia de Cooperar 27 de junho de 2023 As Cooperativas que possuem atua\u00e7\u00e3o em S\u00e3o Luiz Gonzaga est\u00e3o se organizando em um processo de Intercoopera\u00e7\u00e3o e estar\u00e3o realizando uma programa\u00e7\u00e3o para marcar o Dia de Cooperar e o Dia Internacional [&hellip;]<\/p>\n","protected":false},"author":5,"featured_media":37883,"comment_status":"open","ping_status":"open","sticky":false,"template":"","format":"standard","meta":{"_acf_changed":false,"footnotes":""},"categories":[1],"tags":[],"class_list":["post-37882","post","type-post","status-publish","format-standard","has-post-thumbnail","hentry","category-noticias"],"acf":[],"_links":{"self":[{"href":"https:\/\/www.coopatrigo.com.br\/novo\/wp-json\/wp\/v2\/posts\/37882","targetHints":{"allow":["GET"]}}],"collection":[{"href":"https:\/\/www.coopatrigo.com.br\/novo\/wp-json\/wp\/v2\/posts"}],"about":[{"href":"https:\/\/www.coopatrigo.com.br\/novo\/wp-json\/wp\/v2\/types\/post"}],"author":[{"embeddable":true,"href":"https:\/\/www.coopatrigo.com.br\/novo\/wp-json\/wp\/v2\/users\/5"}],"replies":[{"embeddable":true,"href":"https:\/\/www.coopatrigo.com.br\/novo\/wp-json\/wp\/v2\/comments?post=37882"}],"version-history":[{"count":0,"href":"https:\/\/www.coopatrigo.com.br\/novo\/wp-json\/wp\/v2\/posts\/37882\/revisions"}],"wp:featuredmedia":[{"embeddable":true,"href":"https:\/\/www.coopatrigo.com.br\/novo\/wp-json\/wp\/v2\/media\/37883"}],"wp:attachment":[{"href":"https:\/\/www.coopatrigo.com.br\/novo\/wp-json\/wp\/v2\/media?parent=37882"}],"wp:term":[{"taxonomy":"category","embeddable":true,"href":"https:\/\/www.coopatrigo.com.br\/novo\/wp-json\/wp\/v2\/categories?post=37882"},{"taxonomy":"post_tag","embeddable":true,"href":"https:\/\/www.coopatrigo.com.br\/novo\/wp-json\/wp\/v2\/tags?post=37882"}],"curies":[{"name":"wp","href":"https:\/\/api.w.org\/{rel}","templated":true}]}}