{"id":38056,"date":"2023-07-05T17:50:19","date_gmt":"2023-07-05T20:50:19","guid":{"rendered":"https:\/\/www.coopatrigo.com.br\/novo\/?p=38056"},"modified":"2023-07-05T17:50:19","modified_gmt":"2023-07-05T20:50:19","slug":"paulo-pires-participou-de-reuniao-na-aci-que-debateu-a-situacao-dos-distritos-industriais-de-sao-luiz-gonzaga","status":"publish","type":"post","link":"https:\/\/www.coopatrigo.com.br\/novo\/2023\/07\/05\/paulo-pires-participou-de-reuniao-na-aci-que-debateu-a-situacao-dos-distritos-industriais-de-sao-luiz-gonzaga\/","title":{"rendered":"Paulo Pires participou de reuni\u00e3o na ACI que debateu a situa\u00e7\u00e3o dos Distritos Industriais de S\u00e3o Luiz Gonzaga"},"content":{"rendered":"<div id=\"dslc-main\">\n\t\t<div  class=\"dslc-modules-section \" style=\"padding-bottom:30px;padding-top:30px;background-color:#16452c;background-image:url(https:\/\/www.coopatrigo.com.br\/novo\/wp-content\/uploads\/2021\/02\/bg.png);background-position:center center;\" data-section-id=\"74a23622ed4\">\n\t\t\t\t\n\t\t\t\t\n\t\t\t\t<div class=\"dslc-modules-section-wrapper dslc-clearfix\"><div class=\"dslc-modules-area dslc-col dslc-12-col dslc-last-col dslc-valign- \" data-size=\"12\" data-valign=\"\">\n\t\t<div id=\"dslc-module-24\" class=\"dslc-module-front dslc-module-DSLC_TP_Title dslc-in-viewport-check dslc-in-viewport-anim-none  dslc-col dslc-12-col dslc-last-col  dslc-module-handle-like-regular \" data-module-id=\"24\" data-module=\"DSLC_TP_Title\" data-dslc-module-size=\"12\" data-dslc-anim=\"none\" data-dslc-anim-delay=\"\" data-dslc-anim-duration=\"650\"  data-dslc-anim-easing=\"ease\" data-dslc-preset=\"none\" >\n\n\t\t\t\n\t\t\t\n\t\t\r\n\t\t\t\t<div class=\"dslc-tp-title\"><h1>Paulo Pires participou de reuni\u00e3o na ACI que debateu a situa\u00e7\u00e3o dos Distritos Industriais de S\u00e3o Luiz Gonzaga<\/h1><\/div>\r\n\r\n\t\t\t\n\t\t\t\t<\/div><!-- .dslc-module -->\n\t\t\n\t\t<div id=\"dslc-module-25\" class=\"dslc-module-front dslc-module-DSLC_TP_Meta dslc-in-viewport-check dslc-in-viewport-anim-none  dslc-col dslc-12-col dslc-last-col  dslc-module-handle-like-regular \" data-module-id=\"25\" data-module=\"DSLC_TP_Meta\" data-dslc-module-size=\"12\" data-dslc-anim=\"none\" data-dslc-anim-delay=\"\" data-dslc-anim-duration=\"650\"  data-dslc-anim-easing=\"ease\" data-dslc-preset=\"none\" >\n\n\t\t\t\n\t\t\t\n\t\t\r\n\t\t\t\t<div class=\"dslc-tp-meta dslc-tp-meta-horizontal\">\r\n\t\t\t\t\t<ul class=\"dslc-clearfix\">\r\n\r\n\t\t\t\t\t\t\t\t\t\t\t\t\t<li>5 de julho de 2023<\/li>\r\n\t\t\t\t\t\t\r\n\t\t\t\t\t\t\r\n\t\t\t\t\t\t\r\n\t\t\t\t\t\t\r\n\t\t\t\t\t\t\r\n\t\t\t\t\t<\/ul>\r\n\t\t\t\t<\/div>\r\n\r\n\t\t\t\n\t\t\t\t<\/div><!-- .dslc-module -->\n\t\t<\/div><\/div><\/div>\n\t\t<div  class=\"dslc-modules-section \" style=\"padding-bottom:30px;padding-top:30px;background-color:rgba(230, 230, 230, 0);border-color:rgb(230, 230, 230);border-top-style: hidden; border-right-style: hidden; border-bottom-style: hidden; border-left-style: hidden; \" data-section-id=\"2b557989cda\">\n\t\t\t\t\n\t\t\t\t\n\t\t\t\t<div class=\"dslc-modules-section-wrapper dslc-clearfix\"><div class=\"dslc-modules-area dslc-col dslc-1-col dslc-first-col dslc-valign-undefined \" data-size=\"1\" data-valign=\"undefined\"><\/div><div class=\"dslc-modules-area dslc-col dslc-10-col  dslc-valign- \" data-size=\"10\" data-valign=\"\">\n\t\t<div id=\"dslc-module-a7d04abcf7f\" class=\"dslc-module-front dslc-module-DSLC_TP_Thumbnail dslc-in-viewport-check dslc-in-viewport-anim-none  dslc-col dslc-12-col dslc-last-col  dslc-module-handle-like-regular \" data-module-id=\"a7d04abcf7f\" data-module=\"DSLC_TP_Thumbnail\" data-dslc-module-size=\"12\" data-dslc-anim=\"none\" data-dslc-anim-delay=\"\" data-dslc-anim-duration=\"650\"  data-dslc-anim-easing=\"ease\" data-dslc-preset=\"none\" >\n\n\t\t\t\n\t\t\t\n\t\t\r\n\t\t\t<div class=\"dslc-tp-thumbnail\">\r\n\t\t\t\t\t\t\t\t\t\t\t\t\t\t\t<img width=\"693\" height=\"514\" src=\"https:\/\/www.coopatrigo.com.br\/novo\/wp-content\/uploads\/2023\/07\/Reuniao-ACI.jpg\" class=\"attachment-full size-full wp-post-image\" alt=\"\" title=\"Reuni\u00e3o ACI\" srcset=\"https:\/\/www.coopatrigo.com.br\/novo\/wp-content\/uploads\/2023\/07\/Reuniao-ACI.jpg 693w, https:\/\/www.coopatrigo.com.br\/novo\/wp-content\/uploads\/2023\/07\/Reuniao-ACI-300x223.jpg 300w\" sizes=\"(max-width: 693px) 100vw, 693px\" \/>\t\t\t\t\t\t\t\t\t\t\t\t<\/div>\r\n\r\n\t\t\r\n\t\t\n\t\t\t\t<\/div><!-- .dslc-module -->\n\t\t\n\t\t<div id=\"dslc-module-26\" class=\"dslc-module-front dslc-module-DSLC_TP_Content dslc-in-viewport-check dslc-in-viewport-anim-none  dslc-col dslc-12-col dslc-last-col  dslc-module-handle-like-regular \" data-module-id=\"26\" data-module=\"DSLC_TP_Content\" data-dslc-module-size=\"12\" data-dslc-anim=\"none\" data-dslc-anim-delay=\"\" data-dslc-anim-duration=\"650\"  data-dslc-anim-easing=\"ease\" data-dslc-preset=\"none\" >\n\n\t\t\t\n\t\t\t\n\t\t<div class=\"dslc-tp-content\"><div id=\"dslc-theme-content\"><div id=\"dslc-theme-content-inner\"><p>A Associa\u00e7\u00e3o Comercial e Industrial de S\u00e3o Luiz Gonzaga foi palco de um importante debate que contou com a presen\u00e7a do Presidente da Coopatrigo, Paulo Pires e do Prefeito Municipal Sidney Brondani, e tratou sobre o crescimento da \u00e1rea de neg\u00f3cios no munic\u00edpio.<\/p>\n<p>Este debate foi promovido ap\u00f3s uma outra participa\u00e7\u00e3o do Presidente da Coopatrigo, Paulo Pires na reuni\u00e3o da ACI, onde solicitou maiores esclarecimentos sobre a situa\u00e7\u00e3o dos dois Distritos Industriais existentes em S\u00e3o Luiz Gonzaga, sendo que a Coopatrigo tem o Complexo Industrial Orestes Alves do Amaral instalado no Distrito Industrial 1, onde est\u00e1 sendo realizado um grande investimento por parte da Cooperativa e no entanto a infraestrutura de acesso ao local \u00e9 prec\u00e1ria e n\u00e3o recebe investimentos do munic\u00edpio h\u00e1 muitos anos e estranhamente S\u00e3o Luiz Gonzaga investiu na compra de outra \u00e1rea para o Distrito Industrial 2, junto a RS-168.<\/p>\n<p>Na reuni\u00e3o do Presidente do Conselho de Desenvolvimento Industrial de S\u00e3o Luiz Gonzaga, Nilton Teixeira, explicou que o CDI defendeu a cria\u00e7\u00e3o deste Distrito Industrial 2 para abrigar principalmente as ind\u00fastrias de pequeno porte que est\u00e1 instaladas na zona urbana da cidade. Foi repassada a informa\u00e7\u00e3o que o local possui 32 lotes que ser\u00e3o vendidos a empresas interessadas atrav\u00e9s de leil\u00e3o p\u00fablico que dever\u00e1 ocorrer ainda este ano.<\/p>\n<p>Em rela\u00e7\u00e3o ao Distrito Industrial 1, foi sugerido ao Prefeito Municipal Sidney Brondani a realiza\u00e7\u00e3o de um trabalho de renova\u00e7\u00e3o de cada lote, para verificar se eles est\u00e3o sendo utilizados para fins industriais e caso contr\u00e1rio que o munic\u00edpio tome as providencias necess\u00e1rias para regularizar essa situa\u00e7\u00e3o.<\/p>\n<p>Sobre a infraestrutura, principalmente a liga\u00e7\u00e3o do Distrito Industrial 1 com a BR 285, Sidney Brondani informou que a pavimenta\u00e7\u00e3o da Avenida JK est\u00e1 no projeto de conclus\u00e3o da ERS 165 (S\u00e3o Luiz Gonzaga-Rolador), o que tamb\u00e9m \u00e9 aguardado para este ano.<\/p>\n<p>O Presidente da Coopatrigo destacou que a sua preocupa\u00e7\u00e3o \u00e9 com o Distrito Industrial 1 e que o local somente ter\u00e1 a sua real ocupa\u00e7\u00e3o se houver uma reorganiza\u00e7\u00e3o e os investimento b\u00e1sicos de infraestrutura que vai valorizar que j\u00e1 est\u00e1 instalado no local para fins industriais e poder\u00e1 atrair novos empres\u00e1rios.<\/p>\n<p>Encerrando o encontro foi realizada uma reivindica\u00e7\u00e3o ao Prefeito Municipal Sidney Brondani que fa\u00e7a a cria\u00e7\u00e3o de uma Secretaria Municipal de Desenvolvimento Econ\u00f4mico, para incentivar o crescimento empresarial em S\u00e3o Luiz Gonzaga.<\/p>\n<p>&nbsp;<\/p>\n<p>Roberto Marques<\/p>\n<p>Assessoria de Comunica\u00e7\u00e3o Coopatrigo<\/p>\n<\/div><\/div><\/div>\n\t\t\t\t<\/div><!-- .dslc-module -->\n\t\t<\/div><\/div><\/div><\/div><input type=\"hidden\" id=\"dslca-post-data-thumb\" value=\"https:\/\/www.coopatrigo.com.br\/novo\/wp-content\/uploads\/2023\/07\/Reuniao-ACI.jpg\" \/>","protected":false},"excerpt":{"rendered":"<p>Paulo Pires participou de reuni\u00e3o na ACI que debateu a situa\u00e7\u00e3o dos Distritos Industriais de S\u00e3o Luiz Gonzaga 5 de julho de 2023 A Associa\u00e7\u00e3o Comercial e Industrial de S\u00e3o Luiz Gonzaga foi palco de um importante debate que contou com a presen\u00e7a do Presidente da Coopatrigo, Paulo Pires e do Prefeito Municipal Sidney Brondani, [&hellip;]<\/p>\n","protected":false},"author":5,"featured_media":38054,"comment_status":"open","ping_status":"open","sticky":false,"template":"","format":"standard","meta":{"_acf_changed":false,"footnotes":""},"categories":[1],"tags":[],"class_list":["post-38056","post","type-post","status-publish","format-standard","has-post-thumbnail","hentry","category-noticias"],"acf":[],"_links":{"self":[{"href":"https:\/\/www.coopatrigo.com.br\/novo\/wp-json\/wp\/v2\/posts\/38056","targetHints":{"allow":["GET"]}}],"collection":[{"href":"https:\/\/www.coopatrigo.com.br\/novo\/wp-json\/wp\/v2\/posts"}],"about":[{"href":"https:\/\/www.coopatrigo.com.br\/novo\/wp-json\/wp\/v2\/types\/post"}],"author":[{"embeddable":true,"href":"https:\/\/www.coopatrigo.com.br\/novo\/wp-json\/wp\/v2\/users\/5"}],"replies":[{"embeddable":true,"href":"https:\/\/www.coopatrigo.com.br\/novo\/wp-json\/wp\/v2\/comments?post=38056"}],"version-history":[{"count":0,"href":"https:\/\/www.coopatrigo.com.br\/novo\/wp-json\/wp\/v2\/posts\/38056\/revisions"}],"wp:featuredmedia":[{"embeddable":true,"href":"https:\/\/www.coopatrigo.com.br\/novo\/wp-json\/wp\/v2\/media\/38054"}],"wp:attachment":[{"href":"https:\/\/www.coopatrigo.com.br\/novo\/wp-json\/wp\/v2\/media?parent=38056"}],"wp:term":[{"taxonomy":"category","embeddable":true,"href":"https:\/\/www.coopatrigo.com.br\/novo\/wp-json\/wp\/v2\/categories?post=38056"},{"taxonomy":"post_tag","embeddable":true,"href":"https:\/\/www.coopatrigo.com.br\/novo\/wp-json\/wp\/v2\/tags?post=38056"}],"curies":[{"name":"wp","href":"https:\/\/api.w.org\/{rel}","templated":true}]}}