{"id":38748,"date":"2023-08-23T11:07:19","date_gmt":"2023-08-23T14:07:19","guid":{"rendered":"https:\/\/www.coopatrigo.com.br\/novo\/?p=38748"},"modified":"2023-08-23T11:07:19","modified_gmt":"2023-08-23T14:07:19","slug":"coopatrigo-promoveu-encontro-tecnico-sobre-a-cultura-da-alfafa","status":"publish","type":"post","link":"https:\/\/www.coopatrigo.com.br\/novo\/2023\/08\/23\/coopatrigo-promoveu-encontro-tecnico-sobre-a-cultura-da-alfafa\/","title":{"rendered":"Coopatrigo promoveu encontro t\u00e9cnico sobre a cultura da Alfafa"},"content":{"rendered":"<div id=\"dslc-theme-content\"><div id=\"dslc-theme-content-inner\"><p>A cultura da Alfafa \u00e9 bastante cultivada na regi\u00e3o da Coopatrigo e mesmo n\u00e3o trabalhando na parte da comercializa\u00e7\u00e3o deste produto, a Coopatrigo sempre apoiou o seu cultivo, especialmente nas pequenas propriedades, por ser uma alternativa de renda aos agricultores familiares, possuindo inclusive um Programa de Cultivo de Alfafa, com o fornecimento de todos os insumos necess\u00e1rios para a implanta\u00e7\u00e3o desta cultura.<\/p>\n<p>Como complemento deste incentivo, nesta ter\u00e7a-feira em Dezesseis de Novembro, que \u00e9 intitulada Capital Brasileira da Alfafa, a Coopatrigo esteve promovendo um encontro t\u00e9cnico sobre essa cultura juntamente com alguns parceiros comerciais: Terra Solo\/Fida, UPL e AICL que destacaram suas tecnologias voltadas tamb\u00e9m para a cultura da Alfafa.<\/p>\n<p>O Superintendente da Coopatrigo, Engenheiro Agr\u00f4nomo Marcos Aur\u00e9lio Pilecco, foi quem proferiu a Palestra T\u00e9cnica, abordando diversos aspectos importantes que precisam ser observados pelos agricultores para uma boa condu\u00e7\u00e3o das \u00e1reas cultivas com essa cultura, dando \u00eanfase \u00e0 quest\u00e3o do solo, j\u00e1 que a Alfafa \u00e9 uma cultura que permite v\u00e1rios cortes ao longo do ano e o solo onde ela \u00e9 cultivada necessita estar corrigido, com os nutrientes necess\u00e1rios para uma boa produtividade.<\/p>\n<p>O Prefeito Municipal de Dezesseis de Novembro, Johnni Boc\u00e1cio, participou do encontro elogiando a Coopatrigo pela iniciativa de levar essas informa\u00e7\u00f5es t\u00e9cnicas aos produtores de alfafa, cultura que \u00e9 muito importante na economia do seu munic\u00edpio.<\/p>\n<p>Roberto Marques<\/p>\n<p>Assessoria de Comunica\u00e7\u00e3o Coopatrigo<\/p>\n<p>Confira algumas fotos do evento:<\/p>\n\n\t\t<style type=\"text\/css\">\n\t\t\t#gallery-1 {\n\t\t\t\tmargin: auto;\n\t\t\t}\n\t\t\t#gallery-1 .gallery-item {\n\t\t\t\tfloat: left;\n\t\t\t\tmargin-top: 10px;\n\t\t\t\ttext-align: center;\n\t\t\t\twidth: 33%;\n\t\t\t}\n\t\t\t#gallery-1 img {\n\t\t\t\tborder: 2px solid #cfcfcf;\n\t\t\t}\n\t\t\t#gallery-1 .gallery-caption {\n\t\t\t\tmargin-left: 0;\n\t\t\t}\n\t\t\t\/* see gallery_shortcode() in wp-includes\/media.php *\/\n\t\t<\/style>\n\t\t<div id='gallery-1' class='gallery galleryid-38748 gallery-columns-3 gallery-size-thumbnail'><dl class='gallery-item'>\n\t\t\t<dt class='gallery-icon landscape'>\n\t\t\t\t<a href='https:\/\/www.coopatrigo.com.br\/novo\/wp-content\/uploads\/2023\/08\/8ecd6979-f16a-471d-ae5e-2612a1d44092.jpg'><img loading=\"lazy\" decoding=\"async\" width=\"150\" height=\"150\" src=\"https:\/\/www.coopatrigo.com.br\/novo\/wp-content\/uploads\/2023\/08\/8ecd6979-f16a-471d-ae5e-2612a1d44092-150x150.jpg\" class=\"attachment-thumbnail size-thumbnail\" alt=\"\" \/><\/a>\n\t\t\t<\/dt><\/dl><dl class='gallery-item'>\n\t\t\t<dt class='gallery-icon landscape'>\n\t\t\t\t<a href='https:\/\/www.coopatrigo.com.br\/novo\/wp-content\/uploads\/2023\/08\/a55a6a62-2bb8-47bc-a03e-059de1d767a6.jpg'><img loading=\"lazy\" decoding=\"async\" width=\"150\" height=\"150\" src=\"https:\/\/www.coopatrigo.com.br\/novo\/wp-content\/uploads\/2023\/08\/a55a6a62-2bb8-47bc-a03e-059de1d767a6-150x150.jpg\" class=\"attachment-thumbnail size-thumbnail\" alt=\"\" \/><\/a>\n\t\t\t<\/dt><\/dl><dl class='gallery-item'>\n\t\t\t<dt class='gallery-icon landscape'>\n\t\t\t\t<a href='https:\/\/www.coopatrigo.com.br\/novo\/wp-content\/uploads\/2023\/08\/f060f0c4-69be-4519-acb7-f012268d1616.jpg'><img loading=\"lazy\" decoding=\"async\" width=\"150\" height=\"150\" src=\"https:\/\/www.coopatrigo.com.br\/novo\/wp-content\/uploads\/2023\/08\/f060f0c4-69be-4519-acb7-f012268d1616-150x150.jpg\" class=\"attachment-thumbnail size-thumbnail\" alt=\"\" \/><\/a>\n\t\t\t<\/dt><\/dl><br style=\"clear: both\" \/><dl class='gallery-item'>\n\t\t\t<dt class='gallery-icon landscape'>\n\t\t\t\t<a href='https:\/\/www.coopatrigo.com.br\/novo\/wp-content\/uploads\/2023\/08\/fb864ec2-76a2-494e-80b8-230d42af4d73.jpg'><img loading=\"lazy\" decoding=\"async\" width=\"150\" height=\"150\" src=\"https:\/\/www.coopatrigo.com.br\/novo\/wp-content\/uploads\/2023\/08\/fb864ec2-76a2-494e-80b8-230d42af4d73-150x150.jpg\" class=\"attachment-thumbnail size-thumbnail\" alt=\"\" \/><\/a>\n\t\t\t<\/dt><\/dl><dl class='gallery-item'>\n\t\t\t<dt class='gallery-icon landscape'>\n\t\t\t\t<a href='https:\/\/www.coopatrigo.com.br\/novo\/wp-content\/uploads\/2023\/08\/bbf6a7c5-2f7c-4048-b98f-20f26ebd1455.jpg'><img loading=\"lazy\" decoding=\"async\" width=\"150\" height=\"150\" src=\"https:\/\/www.coopatrigo.com.br\/novo\/wp-content\/uploads\/2023\/08\/bbf6a7c5-2f7c-4048-b98f-20f26ebd1455-150x150.jpg\" class=\"attachment-thumbnail size-thumbnail\" alt=\"\" \/><\/a>\n\t\t\t<\/dt><\/dl><dl class='gallery-item'>\n\t\t\t<dt class='gallery-icon landscape'>\n\t\t\t\t<a href='https:\/\/www.coopatrigo.com.br\/novo\/wp-content\/uploads\/2023\/08\/22551a71-756b-4ec8-acf1-7e2a20761b68.jpg'><img loading=\"lazy\" decoding=\"async\" width=\"150\" height=\"150\" src=\"https:\/\/www.coopatrigo.com.br\/novo\/wp-content\/uploads\/2023\/08\/22551a71-756b-4ec8-acf1-7e2a20761b68-150x150.jpg\" class=\"attachment-thumbnail size-thumbnail\" alt=\"\" \/><\/a>\n\t\t\t<\/dt><\/dl><br style=\"clear: both\" \/>\n\t\t<\/div>\n\n<\/div><\/div>","protected":false},"excerpt":{"rendered":"<p>A cultura da Alfafa \u00e9 bastante cultivada na regi\u00e3o da Coopatrigo e mesmo n\u00e3o trabalhando na parte da comercializa\u00e7\u00e3o deste produto, a Coopatrigo sempre apoiou o seu cultivo, especialmente nas pequenas propriedades, por ser uma alternativa de renda aos agricultores familiares, possuindo inclusive um Programa de Cultivo de Alfafa, com o fornecimento de todos os [&hellip;]<\/p>\n","protected":false},"author":5,"featured_media":38749,"comment_status":"open","ping_status":"open","sticky":false,"template":"","format":"standard","meta":{"_acf_changed":false,"footnotes":""},"categories":[1],"tags":[],"class_list":["post-38748","post","type-post","status-publish","format-standard","has-post-thumbnail","hentry","category-noticias"],"acf":[],"_links":{"self":[{"href":"https:\/\/www.coopatrigo.com.br\/novo\/wp-json\/wp\/v2\/posts\/38748","targetHints":{"allow":["GET"]}}],"collection":[{"href":"https:\/\/www.coopatrigo.com.br\/novo\/wp-json\/wp\/v2\/posts"}],"about":[{"href":"https:\/\/www.coopatrigo.com.br\/novo\/wp-json\/wp\/v2\/types\/post"}],"author":[{"embeddable":true,"href":"https:\/\/www.coopatrigo.com.br\/novo\/wp-json\/wp\/v2\/users\/5"}],"replies":[{"embeddable":true,"href":"https:\/\/www.coopatrigo.com.br\/novo\/wp-json\/wp\/v2\/comments?post=38748"}],"version-history":[{"count":0,"href":"https:\/\/www.coopatrigo.com.br\/novo\/wp-json\/wp\/v2\/posts\/38748\/revisions"}],"wp:featuredmedia":[{"embeddable":true,"href":"https:\/\/www.coopatrigo.com.br\/novo\/wp-json\/wp\/v2\/media\/38749"}],"wp:attachment":[{"href":"https:\/\/www.coopatrigo.com.br\/novo\/wp-json\/wp\/v2\/media?parent=38748"}],"wp:term":[{"taxonomy":"category","embeddable":true,"href":"https:\/\/www.coopatrigo.com.br\/novo\/wp-json\/wp\/v2\/categories?post=38748"},{"taxonomy":"post_tag","embeddable":true,"href":"https:\/\/www.coopatrigo.com.br\/novo\/wp-json\/wp\/v2\/tags?post=38748"}],"curies":[{"name":"wp","href":"https:\/\/api.w.org\/{rel}","templated":true}]}}