{"id":38985,"date":"2023-09-06T11:51:41","date_gmt":"2023-09-06T14:51:41","guid":{"rendered":"https:\/\/www.coopatrigo.com.br\/novo\/?p=38985"},"modified":"2023-09-06T14:41:05","modified_gmt":"2023-09-06T17:41:05","slug":"coopatrigo-completa-66-anos-com-varias-atividades-em-setembro","status":"publish","type":"post","link":"https:\/\/www.coopatrigo.com.br\/novo\/2023\/09\/06\/coopatrigo-completa-66-anos-com-varias-atividades-em-setembro\/","title":{"rendered":"Coopatrigo completa 66 anos com v\u00e1rias atividades em setembro"},"content":{"rendered":"<div id=\"dslc-main\">\n\t\t<div  class=\"dslc-modules-section \" style=\"padding-bottom:30px;padding-top:30px;background-color:#16452c;background-image:url(https:\/\/www.coopatrigo.com.br\/novo\/wp-content\/uploads\/2021\/02\/bg.png);background-position:center center;\" data-section-id=\"74a23622ed4\">\n\t\t\t\t\n\t\t\t\t\n\t\t\t\t<div class=\"dslc-modules-section-wrapper dslc-clearfix\"><div class=\"dslc-modules-area dslc-col dslc-12-col dslc-last-col dslc-valign- \" data-size=\"12\" data-valign=\"\">\n\t\t<div id=\"dslc-module-24\" class=\"dslc-module-front dslc-module-DSLC_TP_Title dslc-in-viewport-check dslc-in-viewport-anim-none  dslc-col dslc-12-col dslc-last-col  dslc-module-handle-like-regular \" data-module-id=\"24\" data-module=\"DSLC_TP_Title\" data-dslc-module-size=\"12\" data-dslc-anim=\"none\" data-dslc-anim-delay=\"\" data-dslc-anim-duration=\"650\"  data-dslc-anim-easing=\"ease\" data-dslc-preset=\"none\" >\n\n\t\t\t\n\t\t\t\n\t\t\r\n\t\t\t\t<div class=\"dslc-tp-title\"><h1>Coopatrigo completa 66 anos com v\u00e1rias atividades em setembro<\/h1><\/div>\r\n\r\n\t\t\t\n\t\t\t\t<\/div><!-- .dslc-module -->\n\t\t\n\t\t<div id=\"dslc-module-25\" class=\"dslc-module-front dslc-module-DSLC_TP_Meta dslc-in-viewport-check dslc-in-viewport-anim-none  dslc-col dslc-12-col dslc-last-col  dslc-module-handle-like-regular \" data-module-id=\"25\" data-module=\"DSLC_TP_Meta\" data-dslc-module-size=\"12\" data-dslc-anim=\"none\" data-dslc-anim-delay=\"\" data-dslc-anim-duration=\"650\"  data-dslc-anim-easing=\"ease\" data-dslc-preset=\"none\" >\n\n\t\t\t\n\t\t\t\n\t\t\r\n\t\t\t\t<div class=\"dslc-tp-meta dslc-tp-meta-horizontal\">\r\n\t\t\t\t\t<ul class=\"dslc-clearfix\">\r\n\r\n\t\t\t\t\t\t\t\t\t\t\t\t\t<li>6 de setembro de 2023<\/li>\r\n\t\t\t\t\t\t\r\n\t\t\t\t\t\t\r\n\t\t\t\t\t\t\r\n\t\t\t\t\t\t\r\n\t\t\t\t\t\t\r\n\t\t\t\t\t<\/ul>\r\n\t\t\t\t<\/div>\r\n\r\n\t\t\t\n\t\t\t\t<\/div><!-- .dslc-module -->\n\t\t<\/div><\/div><\/div>\n\t\t<div  class=\"dslc-modules-section \" style=\"padding-bottom:30px;padding-top:30px;background-color:rgba(230, 230, 230, 0);border-color:rgb(230, 230, 230);border-top-style: hidden; border-right-style: hidden; border-bottom-style: hidden; border-left-style: hidden; \" data-section-id=\"2b557989cda\">\n\t\t\t\t\n\t\t\t\t\n\t\t\t\t<div class=\"dslc-modules-section-wrapper dslc-clearfix\"><div class=\"dslc-modules-area dslc-col dslc-1-col dslc-first-col dslc-valign-undefined \" data-size=\"1\" data-valign=\"undefined\"><\/div><div class=\"dslc-modules-area dslc-col dslc-10-col  dslc-valign- \" data-size=\"10\" data-valign=\"\">\n\t\t<div id=\"dslc-module-a7d04abcf7f\" class=\"dslc-module-front dslc-module-DSLC_TP_Thumbnail dslc-in-viewport-check dslc-in-viewport-anim-none  dslc-col dslc-12-col dslc-last-col  dslc-module-handle-like-regular \" data-module-id=\"a7d04abcf7f\" data-module=\"DSLC_TP_Thumbnail\" data-dslc-module-size=\"12\" data-dslc-anim=\"none\" data-dslc-anim-delay=\"\" data-dslc-anim-duration=\"650\"  data-dslc-anim-easing=\"ease\" data-dslc-preset=\"none\" >\n\n\t\t\t\n\t\t\t\n\t\t\r\n\t\t\t<div class=\"dslc-tp-thumbnail\">\r\n\t\t\t\t\t\t\t\t\t\t\t\t\t\t\t<img width=\"591\" height=\"443\" src=\"https:\/\/www.coopatrigo.com.br\/novo\/wp-content\/uploads\/2023\/09\/WhatsApp-Image-2023-09-06-at-11.24.10.jpeg\" class=\"attachment-full size-full wp-post-image\" alt=\"\" title=\"WhatsApp Image 2023-09-06 at 11.24.10\" srcset=\"https:\/\/www.coopatrigo.com.br\/novo\/wp-content\/uploads\/2023\/09\/WhatsApp-Image-2023-09-06-at-11.24.10.jpeg 591w, https:\/\/www.coopatrigo.com.br\/novo\/wp-content\/uploads\/2023\/09\/WhatsApp-Image-2023-09-06-at-11.24.10-300x225.jpeg 300w\" sizes=\"(max-width: 591px) 100vw, 591px\" \/>\t\t\t\t\t\t\t\t\t\t\t\t<\/div>\r\n\r\n\t\t\r\n\t\t\n\t\t\t\t<\/div><!-- .dslc-module -->\n\t\t\n\t\t<div id=\"dslc-module-26\" class=\"dslc-module-front dslc-module-DSLC_TP_Content dslc-in-viewport-check dslc-in-viewport-anim-none  dslc-col dslc-12-col dslc-last-col  dslc-module-handle-like-regular \" data-module-id=\"26\" data-module=\"DSLC_TP_Content\" data-dslc-module-size=\"12\" data-dslc-anim=\"none\" data-dslc-anim-delay=\"\" data-dslc-anim-duration=\"650\"  data-dslc-anim-easing=\"ease\" data-dslc-preset=\"none\" >\n\n\t\t\t\n\t\t\t\n\t\t<div class=\"dslc-tp-content\"><div id=\"dslc-theme-content\"><div id=\"dslc-theme-content-inner\"><p>O m\u00eas de setembro sempre \u00e9 marcado para a fam\u00edlia Coopatrigo, como o m\u00eas de anivers\u00e1rio da Cooperativa onde v\u00e1rias atividades s\u00e3o desenvolvidas para marcar essa data e enaltecer a funda\u00e7\u00e3o da Coopatrigo ocorrida em 1957.<\/p>\n<p>O primeiro evento das comemora\u00e7\u00f5es dos 66 anos da Coopatrigo est\u00e1 confirmado para o dia 15 de setembro, quando estar\u00e1 sendo apresentado o novo investimento realizado na \u00e1rea industrial que \u00e9 a duplica\u00e7\u00e3o da capacidade do Engenho de Arroz junto ao Complexo Industrial Orestes Alves do Amaral no Distrito Industrial de S\u00e3o Luiz Gonzaga.<\/p>\n<p>No dia 25 de setembro, data da funda\u00e7\u00e3o da Coopatrigo, ser\u00e1 realizado o tradicional Dia de Campo Culturas de Inverno junto \u00e0 lavoura experimental que a Coopatrigo possui em anexo a Escola T\u00e9cnica Cruzeiro do Sul. O evento ser\u00e1 desenvolvido a partir das 08h15min e os associados ter\u00e3o a oportunidade de verificar as cultivares de trigo multiplicadas pela Coopatrigo e parceiros, o Projeto alternativo de cultivo de Canola, manejos de solos e plantas e solu\u00e7\u00f5es tecnol\u00f3gicas. Ap\u00f3s o Dia de Campo haver\u00e1 almo\u00e7o de confraterniza\u00e7\u00e3o alusivo aos 66 anos junto a Associa\u00e7\u00e3o dos Funcion\u00e1rios da Coopatrigo.<\/p>\n<p>J\u00e1 a partir dia 27 de setembro as aten\u00e7\u00f5es da Coopatrigo estar\u00e3o voltadas para a Expo S\u00e3o Luiz 2023, onde ela \u00e9 uma das realizadoras e ter\u00e1 presen\u00e7a marcante com a Casa Coopatrigo localizada no Parque de Exposi\u00e7\u00f5es do Sindicato Rural.<\/p>\n<p>A Coopatrigo al\u00e9m da recep\u00e7\u00e3o de associados e visitantes na Casa Coopatrigo ter\u00e1 uma programa\u00e7\u00e3o pr\u00f3pria para contribuir com a Expo S\u00e3o Luiz. No primeiro dia da Exposi\u00e7\u00e3o, 27 de setembro, a Coopatrigo estar\u00e1 realizando o seu tradicional Encontro de Mulheres, reunindo associadas, esposas de associados e filhas de associados, em um trabalho de valoriza\u00e7\u00e3o e aproxima\u00e7\u00e3o do sexo feminino de todas as atividades da Cooperativa. Como atra\u00e7\u00e3o principal do Encontro de Mulheres que ser\u00e1 realizado no palco do Manancial Cultural a partir das 13h30min haver\u00e1 uma apresenta\u00e7\u00e3o teatral com a Companhia de Teatro Luz e Cena e tamb\u00e9m um show musical com Kiko Lemos.<\/p>\n<p>No mesmo dia 27, tendo como local a Casa Coopatrigo a partir das 17h30min a Basf, parceira da Coopatrigo na \u00e1rea de Insumo lan\u00e7ar\u00e1 o seu novo fungicida, o Belyan.<\/p>\n<p>Quinta-feira, dia 28 a partir das 17h30min, Coopatrigo, Sicredi e Cermiss\u00f5es v\u00e3o realizar um encontro na Casa Coopatrigo destacando o Protagonismo do Cooperativismo na Regi\u00e3o.<\/p>\n<p>Sexta-feira, dia 29 de setembro, no per\u00edodo da manh\u00e3 a Casa Coopatrigo estar\u00e1 sediando a Reuni\u00e3o da Associa\u00e7\u00e3o dos Munic\u00edpios das Miss\u00f5es. No per\u00edodo da tarde, a partir das 14h, a Coopatrigo realiza um importante evento na Casa Coopatrigo que \u00e9 a assinatura do Conv\u00eanio Coopatrigo\/Embrapa e RTC para um importante projeto que ser\u00e1 desenvolvido na regi\u00e3o cujo objetivo \u00e9 mudar o perfil do solo das propriedades dos associados, tendo nesta arrancada 5 associados que ter\u00e3o este trabalho desenvolvido nas suas propriedades.<\/p>\n<p>No s\u00e1bado, dia 30 de setembro, a partir das 09h30min, na Casa Coopatrigo, a Diretoria realizar\u00e1 um encontro seus Consultores T\u00e9cnicos e Gerentes de Unidade, realizando uma mobiliza\u00e7\u00e3o para a safra de soja na regi\u00e3o. Logo em seguida \u00e0s 10h30min, outro importante encontro estar\u00e1 sendo realizado, onde a Diretoria da Coopatrigo estar\u00e1 prestando uma homenagem aos associados que ao longo destes 66 anos de hist\u00f3ria ocuparam a fun\u00e7\u00e3o de Conselheiro de Administra\u00e7\u00e3o, entregando a eles a L\u00e1urea Coopatrigo 66 anos, \u201cValorizando a hist\u00f3ria, consolidamos o futuro\u201d.<\/p>\n<p>No dia 1\u00b0 de outubro a Coopatrigo reservou para atender aos visitantes e associados que estiveram participando da Expo S\u00e3o Luiz e passarem pela Casa Coopatrigo.<\/p>\n<p>Ao comentar as comemora\u00e7\u00f5es dos 66 anos, o Presidente da Coopatrigo Paulo Pires disse que \u00e9 aguardada uma participa\u00e7\u00e3o significativa em todos esses eventos, que com certeza deixar\u00e3o esse anivers\u00e1rio comemorado com muita representatividade, demonstrando toda a import\u00e2ncia que a Coopatrigo exerce nessa regi\u00e3o.<\/p>\n<p>&nbsp;<\/p>\n<p>Roberto Marques<\/p>\n<p>Assessoria de Comunica\u00e7\u00e3o Coopatrigo<\/p>\n<p>&nbsp;<\/p>\n<p>&nbsp;<\/p>\n<\/div><\/div><\/div>\n\t\t\t\t<\/div><!-- .dslc-module -->\n\t\t<\/div><\/div><\/div><\/div><input type=\"hidden\" id=\"dslca-post-data-thumb\" value=\"https:\/\/www.coopatrigo.com.br\/novo\/wp-content\/uploads\/2023\/09\/WhatsApp-Image-2023-09-06-at-11.24.10.jpeg\" \/>","protected":false},"excerpt":{"rendered":"<p>Coopatrigo completa 66 anos com v\u00e1rias atividades em setembro 6 de setembro de 2023 O m\u00eas de setembro sempre \u00e9 marcado para a fam\u00edlia Coopatrigo, como o m\u00eas de anivers\u00e1rio da Cooperativa onde v\u00e1rias atividades s\u00e3o desenvolvidas para marcar essa data e enaltecer a funda\u00e7\u00e3o da Coopatrigo ocorrida em 1957. O primeiro evento das comemora\u00e7\u00f5es [&hellip;]<\/p>\n","protected":false},"author":5,"featured_media":38986,"comment_status":"open","ping_status":"open","sticky":false,"template":"","format":"standard","meta":{"_acf_changed":false,"footnotes":""},"categories":[1],"tags":[],"class_list":["post-38985","post","type-post","status-publish","format-standard","has-post-thumbnail","hentry","category-noticias"],"acf":[],"_links":{"self":[{"href":"https:\/\/www.coopatrigo.com.br\/novo\/wp-json\/wp\/v2\/posts\/38985","targetHints":{"allow":["GET"]}}],"collection":[{"href":"https:\/\/www.coopatrigo.com.br\/novo\/wp-json\/wp\/v2\/posts"}],"about":[{"href":"https:\/\/www.coopatrigo.com.br\/novo\/wp-json\/wp\/v2\/types\/post"}],"author":[{"embeddable":true,"href":"https:\/\/www.coopatrigo.com.br\/novo\/wp-json\/wp\/v2\/users\/5"}],"replies":[{"embeddable":true,"href":"https:\/\/www.coopatrigo.com.br\/novo\/wp-json\/wp\/v2\/comments?post=38985"}],"version-history":[{"count":0,"href":"https:\/\/www.coopatrigo.com.br\/novo\/wp-json\/wp\/v2\/posts\/38985\/revisions"}],"wp:featuredmedia":[{"embeddable":true,"href":"https:\/\/www.coopatrigo.com.br\/novo\/wp-json\/wp\/v2\/media\/38986"}],"wp:attachment":[{"href":"https:\/\/www.coopatrigo.com.br\/novo\/wp-json\/wp\/v2\/media?parent=38985"}],"wp:term":[{"taxonomy":"category","embeddable":true,"href":"https:\/\/www.coopatrigo.com.br\/novo\/wp-json\/wp\/v2\/categories?post=38985"},{"taxonomy":"post_tag","embeddable":true,"href":"https:\/\/www.coopatrigo.com.br\/novo\/wp-json\/wp\/v2\/tags?post=38985"}],"curies":[{"name":"wp","href":"https:\/\/api.w.org\/{rel}","templated":true}]}}