{"id":39130,"date":"2023-09-14T09:34:30","date_gmt":"2023-09-14T12:34:30","guid":{"rendered":"https:\/\/www.coopatrigo.com.br\/novo\/?p=39130"},"modified":"2023-09-14T09:34:30","modified_gmt":"2023-09-14T12:34:30","slug":"cooperativas-agropecuarias-pedem-medidas-ao-ministro-da-agricultura-sobre-preco-do-trigo","status":"publish","type":"post","link":"https:\/\/www.coopatrigo.com.br\/novo\/2023\/09\/14\/cooperativas-agropecuarias-pedem-medidas-ao-ministro-da-agricultura-sobre-preco-do-trigo\/","title":{"rendered":"Cooperativas agropecu\u00e1rias pedem medidas ao ministro da Agricultura sobre pre\u00e7o do trigo"},"content":{"rendered":"<div id=\"dslc-main\">\n\t\t<div  class=\"dslc-modules-section \" style=\"padding-bottom:30px;padding-top:30px;background-color:#16452c;background-image:url(https:\/\/www.coopatrigo.com.br\/novo\/wp-content\/uploads\/2021\/02\/bg.png);background-position:center center;\" data-section-id=\"74a23622ed4\">\n\t\t\t\t\n\t\t\t\t\n\t\t\t\t<div class=\"dslc-modules-section-wrapper dslc-clearfix\"><div class=\"dslc-modules-area dslc-col dslc-12-col dslc-last-col dslc-valign- \" data-size=\"12\" data-valign=\"\">\n\t\t<div id=\"dslc-module-24\" class=\"dslc-module-front dslc-module-DSLC_TP_Title dslc-in-viewport-check dslc-in-viewport-anim-none  dslc-col dslc-12-col dslc-last-col  dslc-module-handle-like-regular \" data-module-id=\"24\" data-module=\"DSLC_TP_Title\" data-dslc-module-size=\"12\" data-dslc-anim=\"none\" data-dslc-anim-delay=\"\" data-dslc-anim-duration=\"650\"  data-dslc-anim-easing=\"ease\" data-dslc-preset=\"none\" >\n\n\t\t\t\n\t\t\t\n\t\t\r\n\t\t\t\t<div class=\"dslc-tp-title\"><h1>Cooperativas agropecu\u00e1rias pedem medidas ao ministro da Agricultura sobre pre\u00e7o do trigo<\/h1><\/div>\r\n\r\n\t\t\t\n\t\t\t\t<\/div><!-- .dslc-module -->\n\t\t\n\t\t<div id=\"dslc-module-25\" class=\"dslc-module-front dslc-module-DSLC_TP_Meta dslc-in-viewport-check dslc-in-viewport-anim-none  dslc-col dslc-12-col dslc-last-col  dslc-module-handle-like-regular \" data-module-id=\"25\" data-module=\"DSLC_TP_Meta\" data-dslc-module-size=\"12\" data-dslc-anim=\"none\" data-dslc-anim-delay=\"\" data-dslc-anim-duration=\"650\"  data-dslc-anim-easing=\"ease\" data-dslc-preset=\"none\" >\n\n\t\t\t\n\t\t\t\n\t\t\r\n\t\t\t\t<div class=\"dslc-tp-meta dslc-tp-meta-horizontal\">\r\n\t\t\t\t\t<ul class=\"dslc-clearfix\">\r\n\r\n\t\t\t\t\t\t\t\t\t\t\t\t\t<li>14 de setembro de 2023<\/li>\r\n\t\t\t\t\t\t\r\n\t\t\t\t\t\t\r\n\t\t\t\t\t\t\r\n\t\t\t\t\t\t\r\n\t\t\t\t\t\t\r\n\t\t\t\t\t<\/ul>\r\n\t\t\t\t<\/div>\r\n\r\n\t\t\t\n\t\t\t\t<\/div><!-- .dslc-module -->\n\t\t<\/div><\/div><\/div>\n\t\t<div  class=\"dslc-modules-section \" style=\"padding-bottom:30px;padding-top:30px;background-color:rgba(230, 230, 230, 0);border-color:rgb(230, 230, 230);border-top-style: hidden; border-right-style: hidden; border-bottom-style: hidden; border-left-style: hidden; \" data-section-id=\"2b557989cda\">\n\t\t\t\t\n\t\t\t\t\n\t\t\t\t<div class=\"dslc-modules-section-wrapper dslc-clearfix\"><div class=\"dslc-modules-area dslc-col dslc-1-col dslc-first-col dslc-valign-undefined \" data-size=\"1\" data-valign=\"undefined\"><\/div><div class=\"dslc-modules-area dslc-col dslc-10-col  dslc-valign- \" data-size=\"10\" data-valign=\"\">\n\t\t<div id=\"dslc-module-a7d04abcf7f\" class=\"dslc-module-front dslc-module-DSLC_TP_Thumbnail dslc-in-viewport-check dslc-in-viewport-anim-none  dslc-col dslc-12-col dslc-last-col  dslc-module-handle-like-regular \" data-module-id=\"a7d04abcf7f\" data-module=\"DSLC_TP_Thumbnail\" data-dslc-module-size=\"12\" data-dslc-anim=\"none\" data-dslc-anim-delay=\"\" data-dslc-anim-duration=\"650\"  data-dslc-anim-easing=\"ease\" data-dslc-preset=\"none\" >\n\n\t\t\t\n\t\t\t\n\t\t\r\n\t\t\t<div class=\"dslc-tp-thumbnail\">\r\n\t\t\t\t\t\t\t\t\t\t\t\t\t\t\t<img width=\"1080\" height=\"734\" src=\"https:\/\/www.coopatrigo.com.br\/novo\/wp-content\/uploads\/2023\/09\/Assinatura-Oficio-Trigo-Credito-Divulgacao.jpeg\" class=\"attachment-full size-full wp-post-image\" alt=\"\" title=\"Assinatura Of\u00edcio Trigo &#8211; Cr\u00e9dito Divulga\u00e7\u00e3o\" srcset=\"https:\/\/www.coopatrigo.com.br\/novo\/wp-content\/uploads\/2023\/09\/Assinatura-Oficio-Trigo-Credito-Divulgacao.jpeg 1080w, https:\/\/www.coopatrigo.com.br\/novo\/wp-content\/uploads\/2023\/09\/Assinatura-Oficio-Trigo-Credito-Divulgacao-300x204.jpeg 300w, https:\/\/www.coopatrigo.com.br\/novo\/wp-content\/uploads\/2023\/09\/Assinatura-Oficio-Trigo-Credito-Divulgacao-1024x696.jpeg 1024w, https:\/\/www.coopatrigo.com.br\/novo\/wp-content\/uploads\/2023\/09\/Assinatura-Oficio-Trigo-Credito-Divulgacao-768x522.jpeg 768w\" sizes=\"(max-width: 1080px) 100vw, 1080px\" \/>\t\t\t\t\t\t\t\t\t\t\t\t<\/div>\r\n\r\n\t\t\r\n\t\t\n\t\t\t\t<\/div><!-- .dslc-module -->\n\t\t\n\t\t<div id=\"dslc-module-26\" class=\"dslc-module-front dslc-module-DSLC_TP_Content dslc-in-viewport-check dslc-in-viewport-anim-none  dslc-col dslc-12-col dslc-last-col  dslc-module-handle-like-regular \" data-module-id=\"26\" data-module=\"DSLC_TP_Content\" data-dslc-module-size=\"12\" data-dslc-anim=\"none\" data-dslc-anim-delay=\"\" data-dslc-anim-duration=\"650\"  data-dslc-anim-easing=\"ease\" data-dslc-preset=\"none\" >\n\n\t\t\t\n\t\t\t\n\t\t<div class=\"dslc-tp-content\"><div id=\"dslc-theme-content\"><div id=\"dslc-theme-content-inner\"><div>As representa\u00e7\u00f5es das cooperativas agropecu\u00e1rias ga\u00fachas e paranaenses enviaram of\u00edcio ao ministro da Agricultura e Pecu\u00e1ria, Carlos F\u00e1varo, e ao secret\u00e1rio de Pol\u00edtica Agr\u00edcola da pasta, Wilson Vaz de Ara\u00fajo. Na pauta, a preocupa\u00e7\u00e3o com os pre\u00e7os no mercado do trigo. Segundo as cooperativas, nos \u00faltimos 12 meses, os pre\u00e7os de mercado do trigo ca\u00edram drasticamente chegando a n\u00edveis abaixo dos determinados pelo Programa de Garantia de Pre\u00e7os M\u00ednimos para a safra de 2023.<\/div>\n<div><\/div>\n<div>Conforme o of\u00edcio assinado pela Federa\u00e7\u00e3o das Cooperativas Agropecu\u00e1rias do Estado do Rio Grande do Sul (<span class=\"markv0syi1tym\" data-markjs=\"true\" data-ogac=\"\" data-ogab=\"\" data-ogsc=\"\" data-ogsb=\"\">FecoAgro<\/span>\/RS), Sistema Ocergs Sescoop RS, Sistema Ocepar e Cooperativa Coamo, atualmente, o pre\u00e7o m\u00e9dio recebido pelo produtor de trigo de acordo com o Departamento de Economia Rural do Paran\u00e1 (Deral) \u00e9 de R$ 52,52 a saca, enquanto os pre\u00e7os m\u00ednimos estabelecidos pelo Governo Federal atrav\u00e9s da Companhia Nacional de Abastecimento (Conab) para safra 2023 do trigo Tipo 1 \u00e9 de R$ 87,77 a saca e Tipo 2 \u00e9 de R$ 75,19 a saca. &#8220;Podemos perceber que o produtor est\u00e1 deixando de receber por saca de 60 quilos o valor de R$ 35,25 e R$ 22,67, respectivamente&#8221;, destacam as entidades no of\u00edcio.<\/div>\n<div><\/div>\n<div>Diante deste contexto, os cooperativistas pedem que os instrumentos de pol\u00edtica agr\u00edcola para garantia de pre\u00e7os m\u00ednimos e escoamento de safra, principalmente o Pr\u00eamio Equalizador Pago ao Produtor (Pepro) e o Pr\u00eamio de Escoamento do Produto (PEP), se fazem necess\u00e1rios e essenciais para o prosseguimento da atividade agropecu\u00e1ria no pa\u00eds, garantindo estabilidade de oferta de alimentos. &#8220;Por\u00e9m o que se tem visto s\u00e3o dificuldades or\u00e7ament\u00e1rias para que esses mecanismos possam ser executados de maneira eficiente, prejudicando o acesso aos produtores rurais e suas cooperativas&#8221;, refor\u00e7a a nota.<\/div>\n<div><\/div>\n<div>As entidades tamb\u00e9m relatam que um indicativo do impacto desses entraves \u00e9 a pouca atratividade para o plantio da pr\u00f3xima safra de trigo que, segundo as cooperativas do Rio Grande do Sul e Paran\u00e1, devido aos custos elevados e margens apertadas, a \u00e1rea de plantio dever\u00e1 ser reduzida, com reflexos na balan\u00e7a comercial e nos pre\u00e7os dos derivados do trigo ao consumidor.<\/div>\n<div><\/div>\n<div>Sendo assim, o Sistema Ocergs, a\u00a0<span class=\"markv0syi1tym\" data-markjs=\"true\" data-ogac=\"\" data-ogab=\"\" data-ogsc=\"\" data-ogsb=\"\">FecoAgro<\/span>\/RS e a Ocepar representando as cooperativas e os seus milhares de pequenos e m\u00e9dios cooperados da regi\u00e3o Sul do pa\u00eds, preocupados em atender esses produtores inseridos em uma situa\u00e7\u00e3o excepcional de pre\u00e7os abaixo dos custos de produ\u00e7\u00e3o, solicita apoio junto ao Minist\u00e9rio da Agricultura e Pecu\u00e1ria a\u00e7\u00f5es e medidas focadas, no seguinte aspecto: disponibiliza\u00e7\u00e3o e direcionamento de recursos para suporte \u00e0 comercializa\u00e7\u00e3o dos produtores de trigo, via mecanismos de Pepro e PEP, apoiando o escoamento do montante de produto que garanta \u00e0 sustentabilidade da cadeia produtiva, na safra vigente, &#8220;possibilitando que os agricultores amenizem suas perdas e consigam continuar sua nobre atividade de produzir alimentos&#8221;, conclui o of\u00edcio.<\/div>\n<p>&nbsp;<\/p>\n<div id=\"x_gmail-:14b\" class=\"x_gmail-ii x_gmail-gt\">\n<div id=\"x_gmail-:14a\" class=\"x_gmail-a3s x_gmail-aiL\">\n<div dir=\"ltr\">\n<div>\n<p dir=\"ltr\"><i>Foto: Divulga\u00e7\u00e3o<\/i><\/p>\n<div><i>Texto: Nestor Tipa J\u00fanior\/AgroEffective<\/i><\/div>\n<\/div>\n<\/div>\n<\/div>\n<\/div>\n<\/div><\/div><\/div>\n\t\t\t\t<\/div><!-- .dslc-module -->\n\t\t<\/div><\/div><\/div><\/div><input type=\"hidden\" id=\"dslca-post-data-thumb\" value=\"https:\/\/www.coopatrigo.com.br\/novo\/wp-content\/uploads\/2023\/09\/Assinatura-Oficio-Trigo-Credito-Divulgacao.jpeg\" \/>","protected":false},"excerpt":{"rendered":"<p>Cooperativas agropecu\u00e1rias pedem medidas ao ministro da Agricultura sobre pre\u00e7o do trigo 14 de setembro de 2023 As representa\u00e7\u00f5es das cooperativas agropecu\u00e1rias ga\u00fachas e paranaenses enviaram of\u00edcio ao ministro da Agricultura e Pecu\u00e1ria, Carlos F\u00e1varo, e ao secret\u00e1rio de Pol\u00edtica Agr\u00edcola da pasta, Wilson Vaz de Ara\u00fajo. Na pauta, a preocupa\u00e7\u00e3o com os pre\u00e7os no [&hellip;]<\/p>\n","protected":false},"author":5,"featured_media":39131,"comment_status":"open","ping_status":"open","sticky":false,"template":"","format":"standard","meta":{"_acf_changed":false,"footnotes":""},"categories":[1],"tags":[],"class_list":["post-39130","post","type-post","status-publish","format-standard","has-post-thumbnail","hentry","category-noticias"],"acf":[],"_links":{"self":[{"href":"https:\/\/www.coopatrigo.com.br\/novo\/wp-json\/wp\/v2\/posts\/39130","targetHints":{"allow":["GET"]}}],"collection":[{"href":"https:\/\/www.coopatrigo.com.br\/novo\/wp-json\/wp\/v2\/posts"}],"about":[{"href":"https:\/\/www.coopatrigo.com.br\/novo\/wp-json\/wp\/v2\/types\/post"}],"author":[{"embeddable":true,"href":"https:\/\/www.coopatrigo.com.br\/novo\/wp-json\/wp\/v2\/users\/5"}],"replies":[{"embeddable":true,"href":"https:\/\/www.coopatrigo.com.br\/novo\/wp-json\/wp\/v2\/comments?post=39130"}],"version-history":[{"count":0,"href":"https:\/\/www.coopatrigo.com.br\/novo\/wp-json\/wp\/v2\/posts\/39130\/revisions"}],"wp:featuredmedia":[{"embeddable":true,"href":"https:\/\/www.coopatrigo.com.br\/novo\/wp-json\/wp\/v2\/media\/39131"}],"wp:attachment":[{"href":"https:\/\/www.coopatrigo.com.br\/novo\/wp-json\/wp\/v2\/media?parent=39130"}],"wp:term":[{"taxonomy":"category","embeddable":true,"href":"https:\/\/www.coopatrigo.com.br\/novo\/wp-json\/wp\/v2\/categories?post=39130"},{"taxonomy":"post_tag","embeddable":true,"href":"https:\/\/www.coopatrigo.com.br\/novo\/wp-json\/wp\/v2\/tags?post=39130"}],"curies":[{"name":"wp","href":"https:\/\/api.w.org\/{rel}","templated":true}]}}