{"id":39226,"date":"2023-09-23T14:12:00","date_gmt":"2023-09-23T17:12:00","guid":{"rendered":"https:\/\/www.coopatrigo.com.br\/novo\/?p=39226"},"modified":"2023-09-23T15:12:31","modified_gmt":"2023-09-23T18:12:31","slug":"coopatrigo-completa-66-anos-neste-dia-25-de-setembro","status":"publish","type":"post","link":"https:\/\/www.coopatrigo.com.br\/novo\/2023\/09\/23\/coopatrigo-completa-66-anos-neste-dia-25-de-setembro\/","title":{"rendered":"Coopatrigo completa 66 anos neste dia 25 de setembro"},"content":{"rendered":"<div id=\"dslc-theme-content\"><div id=\"dslc-theme-content-inner\"><p>A Coopatrigo est\u00e1 comemorando neste dia 25 de setembro, 66 anos de funda\u00e7\u00e3o e a data est\u00e1 sendo compartilhada com todos que ajudaram a construir essa hist\u00f3ria que orgulha toda a regi\u00e3o, especialmente os 15 munic\u00edpios que fazem parte de sua \u00e1rea de a\u00e7\u00e3o.<\/p>\n<p>Sempre quando comemora o seu anivers\u00e1rio a Coopatrigo reverencia os 11 fundadores que l\u00e1 em 1957 tiveram a iniciativa de se reunir e formar uma cooperativa. S\u00e3o eles: Orestes Alves do Amaral, Jo\u00e3o Luiz Vieira Marques, Henrique Ramborger, Luiz Sandri, Cyro Jacques de Queiroz, Ivo Vieira Marques, Baltazar Loureiro, M\u00e1rio Steffen, Floriano Gon\u00e7alves dos Santos, Orestes Pasa e Jo\u00e3o Rezende Sobrinho.<\/p>\n<p>Nessa trajet\u00f3ria n\u00e3o houve apenas bons momentos, dias e anos dif\u00edceis fizeram parte deste percurso, com muita resili\u00eancia e alicer\u00e7ados nos princ\u00edpios do cooperativismo, o trabalho coletivo transformou dificuldades em oportunidades, tornado aquele sonho de 1957 na concretiza\u00e7\u00e3o da grande empresa Cooperativa que todos se orgulham: a Coopatrigo.<\/p>\n<p>O Presidente da Coopatrigo, Paulo Pires disse que \u00e9 um orgulho muito grande estar a frente da Cooperativa juntamente com os seus companheiros, Luiz Fl\u00e1vio Oliveira, Marcos Pilecco e os Conselheiros de Administra\u00e7\u00e3o, em mais este anivers\u00e1rio, quando mesmo diante das dificuldades impostas pelos dois anos de frustra\u00e7\u00e3o na safra de soja, a Coopatrigo demonstra a sua solidez e um modelo de gest\u00e3o que consegue enfrentar dificuldades como essa, e mesmo assim est\u00e1 construindo mais um ano de resultados, o que no Cooperativismo significa distribui\u00e7\u00e3o de sobras aos associados. \u201cTemos que comemorar os 66 anos, pois no meio empresarial s\u00e3o poucas empresas que conseguem essa longevidade, e isto se deve ao esfor\u00e7o conjunto de associados, colaboradores, dire\u00e7\u00e3o e conselheiros\u201d, afirmou o Paulo Pires parabenizando a todos, incluindo as comunidades que a Coopatrigo tem atua\u00e7\u00e3o, pelos 66 anos que est\u00e3o sendo completados.<\/p>\n<p>&nbsp;<\/p>\n<p>Roberto Marques<\/p>\n<p>Assessoria de Comunica\u00e7\u00e3o Coopatrigo<\/p>\n<\/div><\/div>","protected":false},"excerpt":{"rendered":"<p>A Coopatrigo est\u00e1 comemorando neste dia 25 de setembro, 66 anos de funda\u00e7\u00e3o e a data est\u00e1 sendo compartilhada com todos que ajudaram a construir essa hist\u00f3ria que orgulha toda a regi\u00e3o, especialmente os 15 munic\u00edpios que fazem parte de sua \u00e1rea de a\u00e7\u00e3o. Sempre quando comemora o seu anivers\u00e1rio a Coopatrigo reverencia os 11 [&hellip;]<\/p>\n","protected":false},"author":5,"featured_media":39233,"comment_status":"open","ping_status":"open","sticky":false,"template":"","format":"standard","meta":{"_acf_changed":false,"footnotes":""},"categories":[1],"tags":[],"class_list":["post-39226","post","type-post","status-publish","format-standard","has-post-thumbnail","hentry","category-noticias"],"acf":[],"_links":{"self":[{"href":"https:\/\/www.coopatrigo.com.br\/novo\/wp-json\/wp\/v2\/posts\/39226","targetHints":{"allow":["GET"]}}],"collection":[{"href":"https:\/\/www.coopatrigo.com.br\/novo\/wp-json\/wp\/v2\/posts"}],"about":[{"href":"https:\/\/www.coopatrigo.com.br\/novo\/wp-json\/wp\/v2\/types\/post"}],"author":[{"embeddable":true,"href":"https:\/\/www.coopatrigo.com.br\/novo\/wp-json\/wp\/v2\/users\/5"}],"replies":[{"embeddable":true,"href":"https:\/\/www.coopatrigo.com.br\/novo\/wp-json\/wp\/v2\/comments?post=39226"}],"version-history":[{"count":0,"href":"https:\/\/www.coopatrigo.com.br\/novo\/wp-json\/wp\/v2\/posts\/39226\/revisions"}],"wp:featuredmedia":[{"embeddable":true,"href":"https:\/\/www.coopatrigo.com.br\/novo\/wp-json\/wp\/v2\/media\/39233"}],"wp:attachment":[{"href":"https:\/\/www.coopatrigo.com.br\/novo\/wp-json\/wp\/v2\/media?parent=39226"}],"wp:term":[{"taxonomy":"category","embeddable":true,"href":"https:\/\/www.coopatrigo.com.br\/novo\/wp-json\/wp\/v2\/categories?post=39226"},{"taxonomy":"post_tag","embeddable":true,"href":"https:\/\/www.coopatrigo.com.br\/novo\/wp-json\/wp\/v2\/tags?post=39226"}],"curies":[{"name":"wp","href":"https:\/\/api.w.org\/{rel}","templated":true}]}}