{"id":40888,"date":"2023-12-21T08:11:43","date_gmt":"2023-12-21T11:11:43","guid":{"rendered":"https:\/\/www.coopatrigo.com.br\/novo\/?p=40888"},"modified":"2023-12-21T08:11:43","modified_gmt":"2023-12-21T11:11:43","slug":"prejuizos-com-o-clima-devem-refletir-nas-cooperativas-agropecuarias-gauchas","status":"publish","type":"post","link":"https:\/\/www.coopatrigo.com.br\/novo\/2023\/12\/21\/prejuizos-com-o-clima-devem-refletir-nas-cooperativas-agropecuarias-gauchas\/","title":{"rendered":"Preju\u00edzos com o clima devem refletir nas cooperativas agropecu\u00e1rias ga\u00fachas"},"content":{"rendered":"<div id=\"dslc-main\">\n\t\t<div  class=\"dslc-modules-section \" style=\"padding-bottom:30px;padding-top:30px;background-color:#16452c;background-image:url(https:\/\/www.coopatrigo.com.br\/novo\/wp-content\/uploads\/2021\/02\/bg.png);background-position:center center;\" data-section-id=\"74a23622ed4\">\n\t\t\t\t\n\t\t\t\t\n\t\t\t\t<div class=\"dslc-modules-section-wrapper dslc-clearfix\"><div class=\"dslc-modules-area dslc-col dslc-12-col dslc-last-col dslc-valign- \" data-size=\"12\" data-valign=\"\">\n\t\t<div id=\"dslc-module-24\" class=\"dslc-module-front dslc-module-DSLC_TP_Title dslc-in-viewport-check dslc-in-viewport-anim-none  dslc-col dslc-12-col dslc-last-col  dslc-module-handle-like-regular \" data-module-id=\"24\" data-module=\"DSLC_TP_Title\" data-dslc-module-size=\"12\" data-dslc-anim=\"none\" data-dslc-anim-delay=\"\" data-dslc-anim-duration=\"650\"  data-dslc-anim-easing=\"ease\" data-dslc-preset=\"none\" >\n\n\t\t\t\n\t\t\t\n\t\t\r\n\t\t\t\t<div class=\"dslc-tp-title\"><h1>Preju\u00edzos com o clima devem refletir nas cooperativas agropecu\u00e1rias ga\u00fachas<\/h1><\/div>\r\n\r\n\t\t\t\n\t\t\t\t<\/div><!-- .dslc-module -->\n\t\t\n\t\t<div id=\"dslc-module-25\" class=\"dslc-module-front dslc-module-DSLC_TP_Meta dslc-in-viewport-check dslc-in-viewport-anim-none  dslc-col dslc-12-col dslc-last-col  dslc-module-handle-like-regular \" data-module-id=\"25\" data-module=\"DSLC_TP_Meta\" data-dslc-module-size=\"12\" data-dslc-anim=\"none\" data-dslc-anim-delay=\"\" data-dslc-anim-duration=\"650\"  data-dslc-anim-easing=\"ease\" data-dslc-preset=\"none\" >\n\n\t\t\t\n\t\t\t\n\t\t\r\n\t\t\t\t<div class=\"dslc-tp-meta dslc-tp-meta-horizontal\">\r\n\t\t\t\t\t<ul class=\"dslc-clearfix\">\r\n\r\n\t\t\t\t\t\t\t\t\t\t\t\t\t<li>21 de dezembro de 2023<\/li>\r\n\t\t\t\t\t\t\r\n\t\t\t\t\t\t\r\n\t\t\t\t\t\t\r\n\t\t\t\t\t\t\r\n\t\t\t\t\t\t\r\n\t\t\t\t\t<\/ul>\r\n\t\t\t\t<\/div>\r\n\r\n\t\t\t\n\t\t\t\t<\/div><!-- .dslc-module -->\n\t\t<\/div><\/div><\/div>\n\t\t<div  class=\"dslc-modules-section \" style=\"padding-bottom:30px;padding-top:30px;background-color:rgba(230, 230, 230, 0);border-color:rgb(230, 230, 230);border-top-style: hidden; border-right-style: hidden; border-bottom-style: hidden; border-left-style: hidden; \" data-section-id=\"2b557989cda\">\n\t\t\t\t\n\t\t\t\t\n\t\t\t\t<div class=\"dslc-modules-section-wrapper dslc-clearfix\"><div class=\"dslc-modules-area dslc-col dslc-1-col dslc-first-col dslc-valign-undefined \" data-size=\"1\" data-valign=\"undefined\"><\/div><div class=\"dslc-modules-area dslc-col dslc-10-col  dslc-valign- \" data-size=\"10\" data-valign=\"\">\n\t\t<div id=\"dslc-module-a7d04abcf7f\" class=\"dslc-module-front dslc-module-DSLC_TP_Thumbnail dslc-in-viewport-check dslc-in-viewport-anim-none  dslc-col dslc-12-col dslc-last-col  dslc-module-handle-like-regular \" data-module-id=\"a7d04abcf7f\" data-module=\"DSLC_TP_Thumbnail\" data-dslc-module-size=\"12\" data-dslc-anim=\"none\" data-dslc-anim-delay=\"\" data-dslc-anim-duration=\"650\"  data-dslc-anim-easing=\"ease\" data-dslc-preset=\"none\" >\n\n\t\t\t\n\t\t\t\n\t\t\r\n\t\t\t<div class=\"dslc-tp-thumbnail\">\r\n\t\t\t\t\t\t\t\t\t\t\t\t\t\t\t<img width=\"1080\" height=\"734\" src=\"https:\/\/www.coopatrigo.com.br\/novo\/wp-content\/uploads\/2023\/12\/Paulo-Pires-Fecoagro.jpg\" class=\"attachment-full size-full wp-post-image\" alt=\"\" title=\"Paulo Pires Fecoagro\" srcset=\"https:\/\/www.coopatrigo.com.br\/novo\/wp-content\/uploads\/2023\/12\/Paulo-Pires-Fecoagro.jpg 1080w, https:\/\/www.coopatrigo.com.br\/novo\/wp-content\/uploads\/2023\/12\/Paulo-Pires-Fecoagro-300x204.jpg 300w, https:\/\/www.coopatrigo.com.br\/novo\/wp-content\/uploads\/2023\/12\/Paulo-Pires-Fecoagro-1024x696.jpg 1024w, https:\/\/www.coopatrigo.com.br\/novo\/wp-content\/uploads\/2023\/12\/Paulo-Pires-Fecoagro-768x522.jpg 768w\" sizes=\"(max-width: 1080px) 100vw, 1080px\" \/>\t\t\t\t\t\t\t\t\t\t\t\t<\/div>\r\n\r\n\t\t\r\n\t\t\n\t\t\t\t<\/div><!-- .dslc-module -->\n\t\t\n\t\t<div id=\"dslc-module-26\" class=\"dslc-module-front dslc-module-DSLC_TP_Content dslc-in-viewport-check dslc-in-viewport-anim-none  dslc-col dslc-12-col dslc-last-col  dslc-module-handle-like-regular \" data-module-id=\"26\" data-module=\"DSLC_TP_Content\" data-dslc-module-size=\"12\" data-dslc-anim=\"none\" data-dslc-anim-delay=\"\" data-dslc-anim-duration=\"650\"  data-dslc-anim-easing=\"ease\" data-dslc-preset=\"none\" >\n\n\t\t\t\n\t\t\t\n\t\t<div class=\"dslc-tp-content\"><div id=\"dslc-theme-content\"><div id=\"dslc-theme-content-inner\"><div>\n<div>O ano de 2023 foi de desafios na produ\u00e7\u00e3o das culturas em geral no Rio Grande do Sul devido ao clima. Primeiramente, devido \u00e0 estiagem que novamente afetou a safra de ver\u00e3o. Al\u00e9m disso, o Estado teve perdas na safra de inverno devido ao excesso de chuvas que prejudicou os produtores. As afirma\u00e7\u00f5es s\u00e3o do presidente da Federa\u00e7\u00e3o das Cooperativas Agropecu\u00e1rias do Estado do Rio Grande do Sul (FecoAgro\/RS), Paulo Pires.<br aria-hidden=\"true\" \/><br aria-hidden=\"true\" \/>Conforme o dirigente, as cooperativas tamb\u00e9m tiveram reflexo em rela\u00e7\u00e3o a estes preju\u00edzos nas lavouras, o que pode trazer um pequeno recuo no faturamento das cooperativas no ano. &#8220;Os resultados s\u00e3o muito apertados. Al\u00e9m disso, houve baixas de pre\u00e7os tamb\u00e9m al\u00e9m da quest\u00e3o do clima. Isso \u00e9 uma coisa que impactou bastante no resultado das cooperativas&#8221;, destaca.<br aria-hidden=\"true\" \/><br aria-hidden=\"true\" \/>Para o pr\u00f3ximo ano, Pires afirma que a expectativa \u00e9 grande porque, depois de dois anos, a perspectiva \u00e9 de uma safra normal das culturas de ver\u00e3o. &#8220;Temos o milho com problemas, mas temos uma safra que vem melhor do que o ano passado, apesar das quest\u00f5es como bact\u00e9rias, falta de luminosidade, o que acarretou em falhas. E a safra de soja n\u00f3s estamos com muita confian\u00e7a. Acabamos de plantar soja dentro de uma condi\u00e7\u00e3o ideal. Vamos torcer para que essa quest\u00e3o do fen\u00f4meno El Ni\u00f1o n\u00e3o exista e n\u00e3o haja aquele excesso de chuvas como houve no passado&#8221;, ressalta, acrescentando ainda que a resili\u00eancia do produtor ga\u00facho \u00e9 fant\u00e1stica nos momentos de adversidade. &#8220;Ele toma essas pauladas todas e ainda olha para a frente, como, por exemplo, na safra de inverno, onde n\u00f3s j\u00e1 estamos programando a pr\u00f3xima safra. Essa resili\u00eancia \u00e9 que d\u00e1 essa garra, essa tenacidade do produtor&#8221;, completa.<br aria-hidden=\"true\" \/><br aria-hidden=\"true\" \/>Durante o ano, a FecoAgro\/RS tamb\u00e9m atuou em diversas frentes junto \u00e0s cooperativas. Segundo o presidente, uma delas foi em rela\u00e7\u00e3o \u00e0s mudan\u00e7as significativas sobre o cr\u00e9dito. &#8220;Com essas quest\u00f5es de mudan\u00e7a de governo, algumas coisas n\u00f3s conseguimos mudar e isso \u00e9 muito bom, porque isso \u00e9 fundamental. Esse capital de giro em nome do produtor que as cooperativas t\u00eam \u00e9 imprescind\u00edvel. Muitas cooperativas t\u00eam desafios de estrutura tentando cr\u00e9dito e o cr\u00e9dito n\u00e3o \u00e9 abundante, n\u00e3o \u00e9 farto, e a gente est\u00e1 sempre batalhando por isso&#8221;, frisa<br aria-hidden=\"true\" \/><br aria-hidden=\"true\" \/>Outro tema preocupante, de acordo com o presidente da FecoAgro\/RS, \u00e9 a quest\u00e3o da mudan\u00e7a da matriz tribut\u00e1ria do Rio Grande do Sul. &#8220;\u00c9 uma quest\u00e3o que nos pegou de surpresa pois, de certa forma, h\u00e1 pouco tempo foram feitos ajustes em fun\u00e7\u00e3o da mudan\u00e7a tribut\u00e1ria nacional. As cooperativas est\u00e3o envolvidas nesse processo, que \u00e9 complexo. A gente est\u00e1 debatendo, negociando com o governo do Estado, com as secretarias, com os t\u00e9cnicos, para ver uma sa\u00edda menos onerosa para a produ\u00e7\u00e3o no Rio Grande do Sul. As cooperativas organizam a produ\u00e7\u00e3o dos nossos associados e tentam em uma cadeia altamente competitiva dar valor \u00e0 safra dos nossos produtores. \u00c9 nesse sentido que n\u00f3s estamos trabalhando e por isso que muitas vezes n\u00f3s n\u00e3o podemos aceitar algumas medidas que infelizmente nos tiram competitividade e, de certa forma, temos dificuldade de competir com agentes externos&#8221;, explica.<br aria-hidden=\"true\" \/><br aria-hidden=\"true\" \/>O dirigente tamb\u00e9m refor\u00e7a a luta pela bandeira ambiental, onde as cooperativas est\u00e3o engajadas. &#8220;S\u00f3 n\u00e3o podemos ser rotulados e dizer como n\u00f3s temos que fazer e o que n\u00f3s temos que fazer atrav\u00e9s de uma imposi\u00e7\u00e3o internacional e principalmente de continentes que n\u00e3o cumpriram a sua miss\u00e3o de preservar o meio ambiente. N\u00f3s temos produzido, n\u00e3o existe ningu\u00e9m mais interessado do que as cooperativas e os produtores na preserva\u00e7\u00e3o clim\u00e1tica, mas n\u00f3s dependemos do clima&#8221;, enfatiza o presidente da FecoAgro\/RS.<br aria-hidden=\"true\" \/><br aria-hidden=\"true\" \/>Pires recorda tamb\u00e9m de um encontro com grande presen\u00e7a dos presidentes das cooperativas associadas realizado no Paran\u00e1 para visitar as cooperativas daquele Estado e gerar conhecimento e troca de informa\u00e7\u00f5es. &#8220;Diferente de n\u00f3s, eles nunca tiveram estiagem e alcan\u00e7aram essa expans\u00e3o de \u00e1rea para o Mato Grosso e at\u00e9 ao Paraguai, o que ajudou muito no seu crescimento. E a gente foi olhar isso l\u00e1 com presen\u00e7a maci\u00e7a dos nossos presidentes&#8221;, ressalta. Al\u00e9m disso, destaca a import\u00e2ncia dos eventos promovidos pelas cooperativas associadas, como a Expoagro Cotricampo e a Expodireto Cotrijal, que foram sucesso em 2023 e t\u00eam grandes expectativas para 2024.<\/div>\n<\/div>\n<div><\/div>\n<div>\n<div id=\"x_x_m_-5830957297685447720gmail-:12n\">\n<div id=\"x_x_m_-5830957297685447720gmail-:12o\">\n<div dir=\"ltr\">\n<div>\n<div id=\"x_x_m_-5830957297685447720m_-5253372415965967316gmail-:14b\">\n<div id=\"x_x_m_-5830957297685447720m_-5253372415965967316gmail-:14a\">\n<div dir=\"ltr\">\n<div>\n<p dir=\"ltr\"><i>Fotos: Nestor Tipa J\u00fanior\/AgroEffective e FecoAgro-RS\/Divulga\u00e7\u00e3o<\/i><\/p>\n<div><i>Texto: Nestor Tipa J\u00fanior\/AgroEffective<\/i><\/div>\n<\/div>\n<\/div>\n<\/div>\n<\/div>\n<\/div>\n<\/div>\n<\/div>\n<\/div>\n<\/div>\n<\/div><\/div><\/div>\n\t\t\t\t<\/div><!-- .dslc-module -->\n\t\t<\/div><\/div><\/div><\/div><input type=\"hidden\" id=\"dslca-post-data-thumb\" value=\"https:\/\/www.coopatrigo.com.br\/novo\/wp-content\/uploads\/2023\/12\/Paulo-Pires-Fecoagro.jpg\" \/>","protected":false},"excerpt":{"rendered":"<p>Preju\u00edzos com o clima devem refletir nas cooperativas agropecu\u00e1rias ga\u00fachas 21 de dezembro de 2023 O ano de 2023 foi de desafios na produ\u00e7\u00e3o das culturas em geral no Rio Grande do Sul devido ao clima. Primeiramente, devido \u00e0 estiagem que novamente afetou a safra de ver\u00e3o. Al\u00e9m disso, o Estado teve perdas na safra [&hellip;]<\/p>\n","protected":false},"author":5,"featured_media":40889,"comment_status":"open","ping_status":"open","sticky":false,"template":"","format":"standard","meta":{"_acf_changed":false,"footnotes":""},"categories":[1],"tags":[],"class_list":["post-40888","post","type-post","status-publish","format-standard","has-post-thumbnail","hentry","category-noticias"],"acf":[],"_links":{"self":[{"href":"https:\/\/www.coopatrigo.com.br\/novo\/wp-json\/wp\/v2\/posts\/40888","targetHints":{"allow":["GET"]}}],"collection":[{"href":"https:\/\/www.coopatrigo.com.br\/novo\/wp-json\/wp\/v2\/posts"}],"about":[{"href":"https:\/\/www.coopatrigo.com.br\/novo\/wp-json\/wp\/v2\/types\/post"}],"author":[{"embeddable":true,"href":"https:\/\/www.coopatrigo.com.br\/novo\/wp-json\/wp\/v2\/users\/5"}],"replies":[{"embeddable":true,"href":"https:\/\/www.coopatrigo.com.br\/novo\/wp-json\/wp\/v2\/comments?post=40888"}],"version-history":[{"count":0,"href":"https:\/\/www.coopatrigo.com.br\/novo\/wp-json\/wp\/v2\/posts\/40888\/revisions"}],"wp:featuredmedia":[{"embeddable":true,"href":"https:\/\/www.coopatrigo.com.br\/novo\/wp-json\/wp\/v2\/media\/40889"}],"wp:attachment":[{"href":"https:\/\/www.coopatrigo.com.br\/novo\/wp-json\/wp\/v2\/media?parent=40888"}],"wp:term":[{"taxonomy":"category","embeddable":true,"href":"https:\/\/www.coopatrigo.com.br\/novo\/wp-json\/wp\/v2\/categories?post=40888"},{"taxonomy":"post_tag","embeddable":true,"href":"https:\/\/www.coopatrigo.com.br\/novo\/wp-json\/wp\/v2\/tags?post=40888"}],"curies":[{"name":"wp","href":"https:\/\/api.w.org\/{rel}","templated":true}]}}