{"id":41074,"date":"2024-01-04T10:39:29","date_gmt":"2024-01-04T13:39:29","guid":{"rendered":"https:\/\/www.coopatrigo.com.br\/novo\/?p=41074"},"modified":"2024-01-04T10:39:29","modified_gmt":"2024-01-04T13:39:29","slug":"coopatrigo-alerta-para-datas-do-zoneamento-para-o-plantio-da-soja-safrinha","status":"publish","type":"post","link":"https:\/\/www.coopatrigo.com.br\/novo\/2024\/01\/04\/coopatrigo-alerta-para-datas-do-zoneamento-para-o-plantio-da-soja-safrinha\/","title":{"rendered":"Coopatrigo alerta para datas do zoneamento para o plantio da soja safrinha"},"content":{"rendered":"<div id=\"dslc-theme-content\"><div id=\"dslc-theme-content-inner\"><p>Os produtores associados da Coopatrigo est\u00e3o intensificando a colheita do milho em toda a regi\u00e3o e preparam-se para plantio da soja safrinha, aproveitando essa condi\u00e7\u00e3o existente nos cultivos de ver\u00e3o em nossa regi\u00e3o.<\/p>\n<p>Nesse sentido as Sementes Coopatrigo est\u00e3o orientando os produtores para ficarem atentos \u00e0s datas de encerramento do per\u00edodo determinado para o plantio da cultura da soja, segundo o zoneamento agr\u00edcola, permitindo a forma\u00e7\u00e3o de lavouras de soja safrinha.<\/p>\n<p>O Respons\u00e1vel T\u00e9cnico pelas Sementes Coopatrigo, Engenheiro Agr\u00f4nomo F\u00e1bio Hauschild explicou que na regi\u00e3o mais fronteiri\u00e7a como S\u00e3o Borja o plantio de soja \u00e9 permitido at\u00e9 o dia 18 de janeiro e nos demais munic\u00edpios esse prazo \u00e9 um pouco mais estendido e vai at\u00e9 31 de janeiro.<\/p>\n<p>O Engenheiro Agr\u00f4nomo tamb\u00e9m informou que o Portf\u00f3lio de Sementes Coopatrigo possui diversos cultivares que podem ser utilizadas no plantio de soja safrinha e os produtores que ainda necessitam de sementes poder\u00e3o procurar as Unidades Coopatrigo e conversarem com os Consultores T\u00e9cnicos que est\u00e3o aptos a fornecer todas as informa\u00e7\u00f5es necess\u00e1rias.<\/p>\n<p>&nbsp;<\/p>\n<p>Roberto Marques<\/p>\n<p>Assessoria de Comunica\u00e7\u00e3o Coopatrigo<\/p>\n<\/div><\/div>","protected":false},"excerpt":{"rendered":"<p>Os produtores associados da Coopatrigo est\u00e3o intensificando a colheita do milho em toda a regi\u00e3o e preparam-se para plantio da soja safrinha, aproveitando essa condi\u00e7\u00e3o existente nos cultivos de ver\u00e3o em nossa regi\u00e3o. Nesse sentido as Sementes Coopatrigo est\u00e3o orientando os produtores para ficarem atentos \u00e0s datas de encerramento do per\u00edodo determinado para o plantio [&hellip;]<\/p>\n","protected":false},"author":5,"featured_media":41075,"comment_status":"open","ping_status":"open","sticky":false,"template":"","format":"standard","meta":{"_acf_changed":false,"footnotes":""},"categories":[1],"tags":[],"class_list":["post-41074","post","type-post","status-publish","format-standard","has-post-thumbnail","hentry","category-noticias"],"acf":[],"_links":{"self":[{"href":"https:\/\/www.coopatrigo.com.br\/novo\/wp-json\/wp\/v2\/posts\/41074","targetHints":{"allow":["GET"]}}],"collection":[{"href":"https:\/\/www.coopatrigo.com.br\/novo\/wp-json\/wp\/v2\/posts"}],"about":[{"href":"https:\/\/www.coopatrigo.com.br\/novo\/wp-json\/wp\/v2\/types\/post"}],"author":[{"embeddable":true,"href":"https:\/\/www.coopatrigo.com.br\/novo\/wp-json\/wp\/v2\/users\/5"}],"replies":[{"embeddable":true,"href":"https:\/\/www.coopatrigo.com.br\/novo\/wp-json\/wp\/v2\/comments?post=41074"}],"version-history":[{"count":0,"href":"https:\/\/www.coopatrigo.com.br\/novo\/wp-json\/wp\/v2\/posts\/41074\/revisions"}],"wp:featuredmedia":[{"embeddable":true,"href":"https:\/\/www.coopatrigo.com.br\/novo\/wp-json\/wp\/v2\/media\/41075"}],"wp:attachment":[{"href":"https:\/\/www.coopatrigo.com.br\/novo\/wp-json\/wp\/v2\/media?parent=41074"}],"wp:term":[{"taxonomy":"category","embeddable":true,"href":"https:\/\/www.coopatrigo.com.br\/novo\/wp-json\/wp\/v2\/categories?post=41074"},{"taxonomy":"post_tag","embeddable":true,"href":"https:\/\/www.coopatrigo.com.br\/novo\/wp-json\/wp\/v2\/tags?post=41074"}],"curies":[{"name":"wp","href":"https:\/\/api.w.org\/{rel}","templated":true}]}}