{"id":41087,"date":"2024-01-05T17:46:05","date_gmt":"2024-01-05T20:46:05","guid":{"rendered":"https:\/\/www.coopatrigo.com.br\/novo\/?p=41087"},"modified":"2024-01-05T17:46:05","modified_gmt":"2024-01-05T20:46:05","slug":"safra-de-milho-movimenta-regiao-da-coopatrigo","status":"publish","type":"post","link":"https:\/\/www.coopatrigo.com.br\/novo\/2024\/01\/05\/safra-de-milho-movimenta-regiao-da-coopatrigo\/","title":{"rendered":"Safra de milho movimenta regi\u00e3o da Coopatrigo"},"content":{"rendered":"<div id=\"dslc-main\">\n\t\t<div  class=\"dslc-modules-section \" style=\"padding-bottom:30px;padding-top:30px;background-color:#16452c;background-image:url(https:\/\/www.coopatrigo.com.br\/novo\/wp-content\/uploads\/2021\/02\/bg.png);background-position:center center;\" data-section-id=\"74a23622ed4\">\n\t\t\t\t\n\t\t\t\t\n\t\t\t\t<div class=\"dslc-modules-section-wrapper dslc-clearfix\"><div class=\"dslc-modules-area dslc-col dslc-12-col dslc-last-col dslc-valign- \" data-size=\"12\" data-valign=\"\">\n\t\t<div id=\"dslc-module-24\" class=\"dslc-module-front dslc-module-DSLC_TP_Title dslc-in-viewport-check dslc-in-viewport-anim-none  dslc-col dslc-12-col dslc-last-col  dslc-module-handle-like-regular \" data-module-id=\"24\" data-module=\"DSLC_TP_Title\" data-dslc-module-size=\"12\" data-dslc-anim=\"none\" data-dslc-anim-delay=\"\" data-dslc-anim-duration=\"650\"  data-dslc-anim-easing=\"ease\" data-dslc-preset=\"none\" >\n\n\t\t\t\n\t\t\t\n\t\t\r\n\t\t\t\t<div class=\"dslc-tp-title\"><h1>Safra de milho movimenta regi\u00e3o da Coopatrigo<\/h1><\/div>\r\n\r\n\t\t\t\n\t\t\t\t<\/div><!-- .dslc-module -->\n\t\t\n\t\t<div id=\"dslc-module-25\" class=\"dslc-module-front dslc-module-DSLC_TP_Meta dslc-in-viewport-check dslc-in-viewport-anim-none  dslc-col dslc-12-col dslc-last-col  dslc-module-handle-like-regular \" data-module-id=\"25\" data-module=\"DSLC_TP_Meta\" data-dslc-module-size=\"12\" data-dslc-anim=\"none\" data-dslc-anim-delay=\"\" data-dslc-anim-duration=\"650\"  data-dslc-anim-easing=\"ease\" data-dslc-preset=\"none\" >\n\n\t\t\t\n\t\t\t\n\t\t\r\n\t\t\t\t<div class=\"dslc-tp-meta dslc-tp-meta-horizontal\">\r\n\t\t\t\t\t<ul class=\"dslc-clearfix\">\r\n\r\n\t\t\t\t\t\t\t\t\t\t\t\t\t<li>5 de janeiro de 2024<\/li>\r\n\t\t\t\t\t\t\r\n\t\t\t\t\t\t\r\n\t\t\t\t\t\t\r\n\t\t\t\t\t\t\r\n\t\t\t\t\t\t\r\n\t\t\t\t\t<\/ul>\r\n\t\t\t\t<\/div>\r\n\r\n\t\t\t\n\t\t\t\t<\/div><!-- .dslc-module -->\n\t\t<\/div><\/div><\/div>\n\t\t<div  class=\"dslc-modules-section \" style=\"padding-bottom:30px;padding-top:30px;background-color:rgba(230, 230, 230, 0);border-color:rgb(230, 230, 230);border-top-style: hidden; border-right-style: hidden; border-bottom-style: hidden; border-left-style: hidden; \" data-section-id=\"2b557989cda\">\n\t\t\t\t\n\t\t\t\t\n\t\t\t\t<div class=\"dslc-modules-section-wrapper dslc-clearfix\"><div class=\"dslc-modules-area dslc-col dslc-1-col dslc-first-col dslc-valign-undefined \" data-size=\"1\" data-valign=\"undefined\"><\/div><div class=\"dslc-modules-area dslc-col dslc-10-col  dslc-valign- \" data-size=\"10\" data-valign=\"\">\n\t\t<div id=\"dslc-module-a7d04abcf7f\" class=\"dslc-module-front dslc-module-DSLC_TP_Thumbnail dslc-in-viewport-check dslc-in-viewport-anim-none  dslc-col dslc-12-col dslc-last-col  dslc-module-handle-like-regular \" data-module-id=\"a7d04abcf7f\" data-module=\"DSLC_TP_Thumbnail\" data-dslc-module-size=\"12\" data-dslc-anim=\"none\" data-dslc-anim-delay=\"\" data-dslc-anim-duration=\"650\"  data-dslc-anim-easing=\"ease\" data-dslc-preset=\"none\" >\n\n\t\t\t\n\t\t\t\n\t\t\r\n\t\t\t<div class=\"dslc-tp-thumbnail\">\r\n\t\t\t\t\t\t\t\t\t\t\t\t\t\t\t<img width=\"1080\" height=\"810\" src=\"https:\/\/www.coopatrigo.com.br\/novo\/wp-content\/uploads\/2024\/01\/Safra-Milho.jpg\" class=\"attachment-full size-full wp-post-image\" alt=\"\" title=\"Safra Milho\" srcset=\"https:\/\/www.coopatrigo.com.br\/novo\/wp-content\/uploads\/2024\/01\/Safra-Milho.jpg 1080w, https:\/\/www.coopatrigo.com.br\/novo\/wp-content\/uploads\/2024\/01\/Safra-Milho-300x225.jpg 300w, https:\/\/www.coopatrigo.com.br\/novo\/wp-content\/uploads\/2024\/01\/Safra-Milho-1024x768.jpg 1024w, https:\/\/www.coopatrigo.com.br\/novo\/wp-content\/uploads\/2024\/01\/Safra-Milho-768x576.jpg 768w\" sizes=\"(max-width: 1080px) 100vw, 1080px\" \/>\t\t\t\t\t\t\t\t\t\t\t\t<\/div>\r\n\r\n\t\t\r\n\t\t\n\t\t\t\t<\/div><!-- .dslc-module -->\n\t\t\n\t\t<div id=\"dslc-module-26\" class=\"dslc-module-front dslc-module-DSLC_TP_Content dslc-in-viewport-check dslc-in-viewport-anim-none  dslc-col dslc-12-col dslc-last-col  dslc-module-handle-like-regular \" data-module-id=\"26\" data-module=\"DSLC_TP_Content\" data-dslc-module-size=\"12\" data-dslc-anim=\"none\" data-dslc-anim-delay=\"\" data-dslc-anim-duration=\"650\"  data-dslc-anim-easing=\"ease\" data-dslc-preset=\"none\" >\n\n\t\t\t\n\t\t\t\n\t\t<div class=\"dslc-tp-content\"><div id=\"dslc-theme-content\"><div id=\"dslc-theme-content-inner\"><p>A safra de milho est\u00e1 se intensificando a partir desta semana em toda a \u00e1rea de a\u00e7\u00e3o da Coopatrigo, e como faz em todas as atividades dos seus associados a Cooperativa est\u00e1 dando aquele suporte necess\u00e1rio, recebendo a produ\u00e7\u00e3o de milho em todas as Unidades.<\/p>\n<p>Em manifesta\u00e7\u00e3o nesta sexta-feira no Programa Informativo Coopatrigo, o Presidente Paulo Pires comentou sobre essa primeira safra de 2024. Segundo ele o milho teve diversos problemas na atual safra que acabaram reduzindo o potencial produtivo da cultura, mesmo em \u00e1reas de piv\u00f4s que se destacam no cultivo de milho na regi\u00e3o, provocando uma quebra nas proje\u00e7\u00f5es realizadas pelos consultores t\u00e9cnicos da Coopatrigo.<\/p>\n<p>Paulo Pires disse que foi um somat\u00f3rio de fatores que provocaram essa quebra, citando o excesso de chuvas com dias nublados, ataque de cigarrinha e a bacteriose que se manifestou com maior intensidade na atual safra.<\/p>\n<p>O Presidente da Coopatrigo tamb\u00e9m comentou sobre as boas condi\u00e7\u00f5es de desenvolvimento da soja, trazendo um in\u00edcio de ano com mais otimismo para os produtores ap\u00f3s dois anos de frustra\u00e7\u00e3o nessa cultura.<\/p>\n<p>Por \u00faltimo Paulo Pires lembrou do \u201cRetorno\u201d que foi disponibilizado para os associados no final de dezembro, cumprindo com o princ\u00edpio do Cooperativismo que \u00e9 a destina\u00e7\u00e3o dos resultados para os associados, com os valores que cada um tem direito dispon\u00edveis para gastos em qualquer setor comercial da Coopatrigo.<\/p>\n<p>&nbsp;<\/p>\n<p>Roberto Marques<\/p>\n<p>Assessoria de Comunica\u00e7\u00e3o Coopatrigo<\/p>\n<\/div><\/div><\/div>\n\t\t\t\t<\/div><!-- .dslc-module -->\n\t\t<\/div><\/div><\/div><\/div><input type=\"hidden\" id=\"dslca-post-data-thumb\" value=\"https:\/\/www.coopatrigo.com.br\/novo\/wp-content\/uploads\/2024\/01\/Safra-Milho.jpg\" \/>","protected":false},"excerpt":{"rendered":"<p>Safra de milho movimenta regi\u00e3o da Coopatrigo 5 de janeiro de 2024 A safra de milho est\u00e1 se intensificando a partir desta semana em toda a \u00e1rea de a\u00e7\u00e3o da Coopatrigo, e como faz em todas as atividades dos seus associados a Cooperativa est\u00e1 dando aquele suporte necess\u00e1rio, recebendo a produ\u00e7\u00e3o de milho em todas [&hellip;]<\/p>\n","protected":false},"author":5,"featured_media":41088,"comment_status":"open","ping_status":"open","sticky":false,"template":"","format":"standard","meta":{"_acf_changed":false,"footnotes":""},"categories":[1],"tags":[],"class_list":["post-41087","post","type-post","status-publish","format-standard","has-post-thumbnail","hentry","category-noticias"],"acf":[],"_links":{"self":[{"href":"https:\/\/www.coopatrigo.com.br\/novo\/wp-json\/wp\/v2\/posts\/41087","targetHints":{"allow":["GET"]}}],"collection":[{"href":"https:\/\/www.coopatrigo.com.br\/novo\/wp-json\/wp\/v2\/posts"}],"about":[{"href":"https:\/\/www.coopatrigo.com.br\/novo\/wp-json\/wp\/v2\/types\/post"}],"author":[{"embeddable":true,"href":"https:\/\/www.coopatrigo.com.br\/novo\/wp-json\/wp\/v2\/users\/5"}],"replies":[{"embeddable":true,"href":"https:\/\/www.coopatrigo.com.br\/novo\/wp-json\/wp\/v2\/comments?post=41087"}],"version-history":[{"count":0,"href":"https:\/\/www.coopatrigo.com.br\/novo\/wp-json\/wp\/v2\/posts\/41087\/revisions"}],"wp:featuredmedia":[{"embeddable":true,"href":"https:\/\/www.coopatrigo.com.br\/novo\/wp-json\/wp\/v2\/media\/41088"}],"wp:attachment":[{"href":"https:\/\/www.coopatrigo.com.br\/novo\/wp-json\/wp\/v2\/media?parent=41087"}],"wp:term":[{"taxonomy":"category","embeddable":true,"href":"https:\/\/www.coopatrigo.com.br\/novo\/wp-json\/wp\/v2\/categories?post=41087"},{"taxonomy":"post_tag","embeddable":true,"href":"https:\/\/www.coopatrigo.com.br\/novo\/wp-json\/wp\/v2\/tags?post=41087"}],"curies":[{"name":"wp","href":"https:\/\/api.w.org\/{rel}","templated":true}]}}