{"id":44952,"date":"2024-07-23T14:42:35","date_gmt":"2024-07-23T17:42:35","guid":{"rendered":"https:\/\/www.coopatrigo.com.br\/novo\/?p=44952"},"modified":"2024-07-23T14:42:35","modified_gmt":"2024-07-23T17:42:35","slug":"cooperativas-debatem-com-o-governo-federal-medidas-como-acesso-ao-credito","status":"publish","type":"post","link":"https:\/\/www.coopatrigo.com.br\/novo\/2024\/07\/23\/cooperativas-debatem-com-o-governo-federal-medidas-como-acesso-ao-credito\/","title":{"rendered":"Cooperativas debatem com o governo federal medidas como acesso ao cr\u00e9dito"},"content":{"rendered":"<div id=\"dslc-main\">\n\t\t<div  class=\"dslc-modules-section \" style=\"padding-bottom:30px;padding-top:30px;background-color:#16452c;background-image:url(https:\/\/www.coopatrigo.com.br\/novo\/wp-content\/uploads\/2021\/02\/bg.png);background-position:center center;\" data-section-id=\"74a23622ed4\">\n\t\t\t\t\n\t\t\t\t\n\t\t\t\t<div class=\"dslc-modules-section-wrapper dslc-clearfix\"><div class=\"dslc-modules-area dslc-col dslc-12-col dslc-last-col dslc-valign- \" data-size=\"12\" data-valign=\"\">\n\t\t<div id=\"dslc-module-24\" class=\"dslc-module-front dslc-module-DSLC_TP_Title dslc-in-viewport-check dslc-in-viewport-anim-none  dslc-col dslc-12-col dslc-last-col  dslc-module-handle-like-regular \" data-module-id=\"24\" data-module=\"DSLC_TP_Title\" data-dslc-module-size=\"12\" data-dslc-anim=\"none\" data-dslc-anim-delay=\"\" data-dslc-anim-duration=\"650\"  data-dslc-anim-easing=\"ease\" data-dslc-preset=\"none\" >\n\n\t\t\t\n\t\t\t\n\t\t\r\n\t\t\t\t<div class=\"dslc-tp-title\"><h1>Cooperativas debatem com o governo federal medidas como acesso ao cr\u00e9dito<\/h1><\/div>\r\n\r\n\t\t\t\n\t\t\t\t<\/div><!-- .dslc-module -->\n\t\t\n\t\t<div id=\"dslc-module-25\" class=\"dslc-module-front dslc-module-DSLC_TP_Meta dslc-in-viewport-check dslc-in-viewport-anim-none  dslc-col dslc-12-col dslc-last-col  dslc-module-handle-like-regular \" data-module-id=\"25\" data-module=\"DSLC_TP_Meta\" data-dslc-module-size=\"12\" data-dslc-anim=\"none\" data-dslc-anim-delay=\"\" data-dslc-anim-duration=\"650\"  data-dslc-anim-easing=\"ease\" data-dslc-preset=\"none\" >\n\n\t\t\t\n\t\t\t\n\t\t\r\n\t\t\t\t<div class=\"dslc-tp-meta dslc-tp-meta-horizontal\">\r\n\t\t\t\t\t<ul class=\"dslc-clearfix\">\r\n\r\n\t\t\t\t\t\t\t\t\t\t\t\t\t<li>23 de julho de 2024<\/li>\r\n\t\t\t\t\t\t\r\n\t\t\t\t\t\t\r\n\t\t\t\t\t\t\r\n\t\t\t\t\t\t\r\n\t\t\t\t\t\t\r\n\t\t\t\t\t<\/ul>\r\n\t\t\t\t<\/div>\r\n\r\n\t\t\t\n\t\t\t\t<\/div><!-- .dslc-module -->\n\t\t<\/div><\/div><\/div>\n\t\t<div  class=\"dslc-modules-section \" style=\"padding-bottom:30px;padding-top:30px;background-color:rgba(230, 230, 230, 0);border-color:rgb(230, 230, 230);border-top-style: hidden; border-right-style: hidden; border-bottom-style: hidden; border-left-style: hidden; \" data-section-id=\"2b557989cda\">\n\t\t\t\t\n\t\t\t\t\n\t\t\t\t<div class=\"dslc-modules-section-wrapper dslc-clearfix\"><div class=\"dslc-modules-area dslc-col dslc-1-col dslc-first-col dslc-valign-undefined \" data-size=\"1\" data-valign=\"undefined\"><\/div><div class=\"dslc-modules-area dslc-col dslc-10-col  dslc-valign- \" data-size=\"10\" data-valign=\"\">\n\t\t<div id=\"dslc-module-a7d04abcf7f\" class=\"dslc-module-front dslc-module-DSLC_TP_Thumbnail dslc-in-viewport-check dslc-in-viewport-anim-none  dslc-col dslc-12-col dslc-last-col  dslc-module-handle-like-regular \" data-module-id=\"a7d04abcf7f\" data-module=\"DSLC_TP_Thumbnail\" data-dslc-module-size=\"12\" data-dslc-anim=\"none\" data-dslc-anim-delay=\"\" data-dslc-anim-duration=\"650\"  data-dslc-anim-easing=\"ease\" data-dslc-preset=\"none\" >\n\n\t\t\t\n\t\t\t\n\t\t\r\n\t\t\t<div class=\"dslc-tp-thumbnail\">\r\n\t\t\t\t\t\t\t\t\t\t\t\t\t\t\t<img width=\"1080\" height=\"734\" src=\"https:\/\/www.coopatrigo.com.br\/novo\/wp-content\/uploads\/2024\/07\/Reuniao-Cooperativas-Ministros-Credito-Divulgacao.jpeg\" class=\"attachment-full size-full wp-post-image\" alt=\"\" title=\"Reuni\u00e3o Cooperativas Ministros &#8211; Cr\u00e9dito Divulga\u00e7\u00e3o\" srcset=\"https:\/\/www.coopatrigo.com.br\/novo\/wp-content\/uploads\/2024\/07\/Reuniao-Cooperativas-Ministros-Credito-Divulgacao.jpeg 1080w, https:\/\/www.coopatrigo.com.br\/novo\/wp-content\/uploads\/2024\/07\/Reuniao-Cooperativas-Ministros-Credito-Divulgacao-300x204.jpeg 300w, https:\/\/www.coopatrigo.com.br\/novo\/wp-content\/uploads\/2024\/07\/Reuniao-Cooperativas-Ministros-Credito-Divulgacao-1024x696.jpeg 1024w, https:\/\/www.coopatrigo.com.br\/novo\/wp-content\/uploads\/2024\/07\/Reuniao-Cooperativas-Ministros-Credito-Divulgacao-768x522.jpeg 768w\" sizes=\"(max-width: 1080px) 100vw, 1080px\" \/>\t\t\t\t\t\t\t\t\t\t\t\t<\/div>\r\n\r\n\t\t\r\n\t\t\n\t\t\t\t<\/div><!-- .dslc-module -->\n\t\t\n\t\t<div id=\"dslc-module-26\" class=\"dslc-module-front dslc-module-DSLC_TP_Content dslc-in-viewport-check dslc-in-viewport-anim-none  dslc-col dslc-12-col dslc-last-col  dslc-module-handle-like-regular \" data-module-id=\"26\" data-module=\"DSLC_TP_Content\" data-dslc-module-size=\"12\" data-dslc-anim=\"none\" data-dslc-anim-delay=\"\" data-dslc-anim-duration=\"650\"  data-dslc-anim-easing=\"ease\" data-dslc-preset=\"none\" >\n\n\t\t\t\n\t\t\t\n\t\t<div class=\"dslc-tp-content\"><div id=\"dslc-theme-content\"><div id=\"dslc-theme-content-inner\"><div>\n<div>Temas como cr\u00e9dito e endividamento fizeram parte de reuni\u00e3o entre entidades representativas do setor cooperativista e os ministros Extraordin\u00e1rio de Apoio \u00e0 Reconstru\u00e7\u00e3o do Rio Grande do Sul, Paulo Pimenta, da Agricultura e Pecu\u00e1ria, Carlos F\u00e1varo, e do Desenvolvimento Agr\u00e1rio e Agricultura Familiar, Paulo Teixeira. O encontro ocorreu em Porto Alegre (RS).<\/p>\n<p>O Vice-Presidente e o diretor executivo da \u00a0Federa\u00e7\u00e3o das Cooperativas Agropecu\u00e1rias do Estado do Rio Grande do Sul (FecoAgro\/RS), Adriano Borghetti e S\u00e9rgio Feltraco, ressaltaram que durante a reuni\u00e3o ficou demonstrado que o governo federal est\u00e1 decidido a construir um mecanismo para eliminar restri\u00e7\u00f5es (hist\u00f3ricas) de acesso a um novo cr\u00e9dito, permitindo a \u00a0ades\u00e3o \u00e0s propostas de renegocia\u00e7\u00e3o das d\u00edvidas dos produtores. Atualmente h\u00e1 um impeditivo legal previsto na LOA, para a \u201cnegativa\u00e7\u00e3o\u201d. Conforme Feltraco, o caminho para essa solu\u00e7\u00e3o est\u00e1 em consulta junto \u00e0 Advocacia Geral da Uni\u00e3o ou, no limite, na proposi\u00e7\u00e3o de um PLN (o que seria mais demorado).<\/p>\n<p>Outro ponto destacado no encontro foi a import\u00e2ncia de dar aten\u00e7\u00e3o ao papel das cooperativas como agente financiador, al\u00e9m da necessidade de alcan\u00e7ar uma solu\u00e7\u00e3o para o \u201cestoque\u201d de d\u00edvidas dos cooperados junto \u00e0s cooperativas. \u201cPara esse caminho, o governo ir\u00e1, at\u00e9 o pr\u00f3ximo dia 30 de julho, editar uma Medida Provis\u00f3ria, que contemplaria mecanismo de tratamento para esse cr\u00e9dito das cooperativas\u201d, informa Feltraco, ressaltando que para contribuir sobre o conte\u00fado da MP, foi agendado encontro para esta semana, em Bras\u00edlia. \u201cA MP, conforme os ministros manifestaram, abrigar\u00e1 tamb\u00e9m o endividamento dos agricultores\u201d, pontua.<\/p>\n<p>Um terceiro tema debatido foi sobre o enquadramento das Coop\u2019s (DAP acima de 60%) para poderem acessar cr\u00e9ditos das linhas Pronaf. \u201cO setor j\u00e1 teve uma reuni\u00e3o com o MDA, quando foi apresentada uma planilha de restri\u00e7\u00e3o de acesso e reduzido o n\u00famero de benefici\u00e1rios\/cooperados pela que hoje tem mais de 75%\u201d, explica o diretor executivo da FecoAgro\/RS. Segundo ele, igualmente, na agenda de Bras\u00edlia, a ideia \u00e9 propor uma medida para excepcionalizar o acesso ao cr\u00e9dito pelas cooperativas com 60%, \u201cao menos para o Rio Grande do Sul, por disposi\u00e7\u00e3o transit\u00f3ria at\u00e9 30 de junho de 2025\u201d.<\/p>\n<p>A reuni\u00e3o com os ministros contou ainda com a participa\u00e7\u00e3o dos presidentes do Sistema Ocergs, Darci Hartmann, e da Cotrijal, Nei M\u00e2nica.<\/p><\/div>\n<\/div>\n<div><\/div>\n<div><i>Foto: Divulga\u00e7\u00e3o<\/i><\/div>\n<div><i>Texto: Rejane Costa\/AgroEffective<\/i><\/div>\n<\/div><\/div><\/div>\n\t\t\t\t<\/div><!-- .dslc-module -->\n\t\t<\/div><\/div><\/div><\/div><input type=\"hidden\" id=\"dslca-post-data-thumb\" value=\"https:\/\/www.coopatrigo.com.br\/novo\/wp-content\/uploads\/2024\/07\/Reuniao-Cooperativas-Ministros-Credito-Divulgacao.jpeg\" \/>","protected":false},"excerpt":{"rendered":"<p>Cooperativas debatem com o governo federal medidas como acesso ao cr\u00e9dito 23 de julho de 2024 Temas como cr\u00e9dito e endividamento fizeram parte de reuni\u00e3o entre entidades representativas do setor cooperativista e os ministros Extraordin\u00e1rio de Apoio \u00e0 Reconstru\u00e7\u00e3o do Rio Grande do Sul, Paulo Pimenta, da Agricultura e Pecu\u00e1ria, Carlos F\u00e1varo, e do Desenvolvimento [&hellip;]<\/p>\n","protected":false},"author":5,"featured_media":44953,"comment_status":"open","ping_status":"open","sticky":false,"template":"","format":"standard","meta":{"_acf_changed":false,"footnotes":""},"categories":[1],"tags":[],"class_list":["post-44952","post","type-post","status-publish","format-standard","has-post-thumbnail","hentry","category-noticias"],"acf":[],"_links":{"self":[{"href":"https:\/\/www.coopatrigo.com.br\/novo\/wp-json\/wp\/v2\/posts\/44952","targetHints":{"allow":["GET"]}}],"collection":[{"href":"https:\/\/www.coopatrigo.com.br\/novo\/wp-json\/wp\/v2\/posts"}],"about":[{"href":"https:\/\/www.coopatrigo.com.br\/novo\/wp-json\/wp\/v2\/types\/post"}],"author":[{"embeddable":true,"href":"https:\/\/www.coopatrigo.com.br\/novo\/wp-json\/wp\/v2\/users\/5"}],"replies":[{"embeddable":true,"href":"https:\/\/www.coopatrigo.com.br\/novo\/wp-json\/wp\/v2\/comments?post=44952"}],"version-history":[{"count":0,"href":"https:\/\/www.coopatrigo.com.br\/novo\/wp-json\/wp\/v2\/posts\/44952\/revisions"}],"wp:featuredmedia":[{"embeddable":true,"href":"https:\/\/www.coopatrigo.com.br\/novo\/wp-json\/wp\/v2\/media\/44953"}],"wp:attachment":[{"href":"https:\/\/www.coopatrigo.com.br\/novo\/wp-json\/wp\/v2\/media?parent=44952"}],"wp:term":[{"taxonomy":"category","embeddable":true,"href":"https:\/\/www.coopatrigo.com.br\/novo\/wp-json\/wp\/v2\/categories?post=44952"},{"taxonomy":"post_tag","embeddable":true,"href":"https:\/\/www.coopatrigo.com.br\/novo\/wp-json\/wp\/v2\/tags?post=44952"}],"curies":[{"name":"wp","href":"https:\/\/api.w.org\/{rel}","templated":true}]}}