{"id":45068,"date":"2024-07-30T10:11:35","date_gmt":"2024-07-30T13:11:35","guid":{"rendered":"https:\/\/www.coopatrigo.com.br\/novo\/?p=45068"},"modified":"2024-07-30T14:02:51","modified_gmt":"2024-07-30T17:02:51","slug":"presidente-da-coopatrigo-acompanha-anuncio-de-medidas-para-agricultores-gauchos","status":"publish","type":"post","link":"https:\/\/www.coopatrigo.com.br\/novo\/2024\/07\/30\/presidente-da-coopatrigo-acompanha-anuncio-de-medidas-para-agricultores-gauchos\/","title":{"rendered":"Presidente da Coopatrigo acompanha debate sobre medidas para agricultores ga\u00fachos"},"content":{"rendered":"<div id=\"dslc-main\">\n\t\t<div  class=\"dslc-modules-section \" style=\"padding-bottom:30px;padding-top:30px;background-color:#16452c;background-image:url(https:\/\/www.coopatrigo.com.br\/novo\/wp-content\/uploads\/2021\/02\/bg.png);background-position:center center;\" data-section-id=\"74a23622ed4\">\n\t\t\t\t\n\t\t\t\t\n\t\t\t\t<div class=\"dslc-modules-section-wrapper dslc-clearfix\"><div class=\"dslc-modules-area dslc-col dslc-12-col dslc-last-col dslc-valign- \" data-size=\"12\" data-valign=\"\">\n\t\t<div id=\"dslc-module-24\" class=\"dslc-module-front dslc-module-DSLC_TP_Title dslc-in-viewport-check dslc-in-viewport-anim-none  dslc-col dslc-12-col dslc-last-col  dslc-module-handle-like-regular \" data-module-id=\"24\" data-module=\"DSLC_TP_Title\" data-dslc-module-size=\"12\" data-dslc-anim=\"none\" data-dslc-anim-delay=\"\" data-dslc-anim-duration=\"650\"  data-dslc-anim-easing=\"ease\" data-dslc-preset=\"none\" >\n\n\t\t\t\n\t\t\t\n\t\t\r\n\t\t\t\t<div class=\"dslc-tp-title\"><h1>Presidente da Coopatrigo acompanha debate sobre medidas para agricultores ga\u00fachos<\/h1><\/div>\r\n\r\n\t\t\t\n\t\t\t\t<\/div><!-- .dslc-module -->\n\t\t\n\t\t<div id=\"dslc-module-25\" class=\"dslc-module-front dslc-module-DSLC_TP_Meta dslc-in-viewport-check dslc-in-viewport-anim-none  dslc-col dslc-12-col dslc-last-col  dslc-module-handle-like-regular \" data-module-id=\"25\" data-module=\"DSLC_TP_Meta\" data-dslc-module-size=\"12\" data-dslc-anim=\"none\" data-dslc-anim-delay=\"\" data-dslc-anim-duration=\"650\"  data-dslc-anim-easing=\"ease\" data-dslc-preset=\"none\" >\n\n\t\t\t\n\t\t\t\n\t\t\r\n\t\t\t\t<div class=\"dslc-tp-meta dslc-tp-meta-horizontal\">\r\n\t\t\t\t\t<ul class=\"dslc-clearfix\">\r\n\r\n\t\t\t\t\t\t\t\t\t\t\t\t\t<li>30 de julho de 2024<\/li>\r\n\t\t\t\t\t\t\r\n\t\t\t\t\t\t\r\n\t\t\t\t\t\t\r\n\t\t\t\t\t\t\r\n\t\t\t\t\t\t\r\n\t\t\t\t\t<\/ul>\r\n\t\t\t\t<\/div>\r\n\r\n\t\t\t\n\t\t\t\t<\/div><!-- .dslc-module -->\n\t\t<\/div><\/div><\/div>\n\t\t<div  class=\"dslc-modules-section \" style=\"padding-bottom:30px;padding-top:30px;background-color:rgba(230, 230, 230, 0);border-color:rgb(230, 230, 230);border-top-style: hidden; border-right-style: hidden; border-bottom-style: hidden; border-left-style: hidden; \" data-section-id=\"2b557989cda\">\n\t\t\t\t\n\t\t\t\t\n\t\t\t\t<div class=\"dslc-modules-section-wrapper dslc-clearfix\"><div class=\"dslc-modules-area dslc-col dslc-1-col dslc-first-col dslc-valign-undefined \" data-size=\"1\" data-valign=\"undefined\"><\/div><div class=\"dslc-modules-area dslc-col dslc-10-col  dslc-valign- \" data-size=\"10\" data-valign=\"\">\n\t\t<div id=\"dslc-module-a7d04abcf7f\" class=\"dslc-module-front dslc-module-DSLC_TP_Thumbnail dslc-in-viewport-check dslc-in-viewport-anim-none  dslc-col dslc-12-col dslc-last-col  dslc-module-handle-like-regular \" data-module-id=\"a7d04abcf7f\" data-module=\"DSLC_TP_Thumbnail\" data-dslc-module-size=\"12\" data-dslc-anim=\"none\" data-dslc-anim-delay=\"\" data-dslc-anim-duration=\"650\"  data-dslc-anim-easing=\"ease\" data-dslc-preset=\"none\" >\n\n\t\t\t\n\t\t\t\n\t\t\r\n\t\t\t<div class=\"dslc-tp-thumbnail\">\r\n\t\t\t\t\t\t\t\t\t\t\t\t\t\t\t<img width=\"1080\" height=\"810\" src=\"https:\/\/www.coopatrigo.com.br\/novo\/wp-content\/uploads\/2024\/07\/WhatsApp-Image-2024-07-30-at-09.31.53.jpeg\" class=\"attachment-full size-full wp-post-image\" alt=\"\" title=\"WhatsApp Image 2024-07-30 at 09.31.53\" srcset=\"https:\/\/www.coopatrigo.com.br\/novo\/wp-content\/uploads\/2024\/07\/WhatsApp-Image-2024-07-30-at-09.31.53.jpeg 1080w, https:\/\/www.coopatrigo.com.br\/novo\/wp-content\/uploads\/2024\/07\/WhatsApp-Image-2024-07-30-at-09.31.53-300x225.jpeg 300w, https:\/\/www.coopatrigo.com.br\/novo\/wp-content\/uploads\/2024\/07\/WhatsApp-Image-2024-07-30-at-09.31.53-1024x768.jpeg 1024w, https:\/\/www.coopatrigo.com.br\/novo\/wp-content\/uploads\/2024\/07\/WhatsApp-Image-2024-07-30-at-09.31.53-768x576.jpeg 768w\" sizes=\"(max-width: 1080px) 100vw, 1080px\" \/>\t\t\t\t\t\t\t\t\t\t\t\t<\/div>\r\n\r\n\t\t\r\n\t\t\n\t\t\t\t<\/div><!-- .dslc-module -->\n\t\t\n\t\t<div id=\"dslc-module-26\" class=\"dslc-module-front dslc-module-DSLC_TP_Content dslc-in-viewport-check dslc-in-viewport-anim-none  dslc-col dslc-12-col dslc-last-col  dslc-module-handle-like-regular \" data-module-id=\"26\" data-module=\"DSLC_TP_Content\" data-dslc-module-size=\"12\" data-dslc-anim=\"none\" data-dslc-anim-delay=\"\" data-dslc-anim-duration=\"650\"  data-dslc-anim-easing=\"ease\" data-dslc-preset=\"none\" >\n\n\t\t\t\n\t\t\t\n\t\t<div class=\"dslc-tp-content\"><div id=\"dslc-theme-content\"><div id=\"dslc-theme-content-inner\"><p>Est\u00e1 ocorrendo na manh\u00e3 desta ter\u00e7a-feira uma Live do Ministro da Agricultura Carlos F\u00e1varo com as principais lideran\u00e7as do agroneg\u00f3cio ga\u00facho para um debate das medidas do Governo Federal para atender as necessidades dos produtores rurais do Rio Grande do Sul e o Presidente da Coopatrigo Paulo Pires est\u00e1 participando deste importante ato, tamb\u00e9m representando a Federa\u00e7\u00e3o das Cooperativas Agropecu\u00e1rias, Fecoagro.<\/p>\n<p>Em breve mais detalhes sobre este importante an\u00fancio e o que ele representa para os associados da Coopatrigo.<\/p>\n<p>&nbsp;<\/p>\n<p>Assessoria de Comunica\u00e7\u00e3o Coopatrigo<\/p>\n<\/div><\/div><\/div>\n\t\t\t\t<\/div><!-- .dslc-module -->\n\t\t<\/div><\/div><\/div><\/div><input type=\"hidden\" id=\"dslca-post-data-thumb\" value=\"https:\/\/www.coopatrigo.com.br\/novo\/wp-content\/uploads\/2024\/07\/WhatsApp-Image-2024-07-30-at-09.31.53.jpeg\" \/>","protected":false},"excerpt":{"rendered":"<p>Presidente da Coopatrigo acompanha debate sobre medidas para agricultores ga\u00fachos 30 de julho de 2024 Est\u00e1 ocorrendo na manh\u00e3 desta ter\u00e7a-feira uma Live do Ministro da Agricultura Carlos F\u00e1varo com as principais lideran\u00e7as do agroneg\u00f3cio ga\u00facho para um debate das medidas do Governo Federal para atender as necessidades dos produtores rurais do Rio Grande do [&hellip;]<\/p>\n","protected":false},"author":5,"featured_media":45069,"comment_status":"open","ping_status":"open","sticky":false,"template":"","format":"standard","meta":{"_acf_changed":false,"footnotes":""},"categories":[1],"tags":[],"class_list":["post-45068","post","type-post","status-publish","format-standard","has-post-thumbnail","hentry","category-noticias"],"acf":[],"_links":{"self":[{"href":"https:\/\/www.coopatrigo.com.br\/novo\/wp-json\/wp\/v2\/posts\/45068","targetHints":{"allow":["GET"]}}],"collection":[{"href":"https:\/\/www.coopatrigo.com.br\/novo\/wp-json\/wp\/v2\/posts"}],"about":[{"href":"https:\/\/www.coopatrigo.com.br\/novo\/wp-json\/wp\/v2\/types\/post"}],"author":[{"embeddable":true,"href":"https:\/\/www.coopatrigo.com.br\/novo\/wp-json\/wp\/v2\/users\/5"}],"replies":[{"embeddable":true,"href":"https:\/\/www.coopatrigo.com.br\/novo\/wp-json\/wp\/v2\/comments?post=45068"}],"version-history":[{"count":0,"href":"https:\/\/www.coopatrigo.com.br\/novo\/wp-json\/wp\/v2\/posts\/45068\/revisions"}],"wp:featuredmedia":[{"embeddable":true,"href":"https:\/\/www.coopatrigo.com.br\/novo\/wp-json\/wp\/v2\/media\/45069"}],"wp:attachment":[{"href":"https:\/\/www.coopatrigo.com.br\/novo\/wp-json\/wp\/v2\/media?parent=45068"}],"wp:term":[{"taxonomy":"category","embeddable":true,"href":"https:\/\/www.coopatrigo.com.br\/novo\/wp-json\/wp\/v2\/categories?post=45068"},{"taxonomy":"post_tag","embeddable":true,"href":"https:\/\/www.coopatrigo.com.br\/novo\/wp-json\/wp\/v2\/tags?post=45068"}],"curies":[{"name":"wp","href":"https:\/\/api.w.org\/{rel}","templated":true}]}}