{"id":45266,"date":"2024-08-07T16:31:05","date_gmt":"2024-08-07T19:31:05","guid":{"rendered":"https:\/\/www.coopatrigo.com.br\/novo\/?p=45266"},"modified":"2024-08-07T16:31:05","modified_gmt":"2024-08-07T19:31:05","slug":"presidente-da-coopatrigo-estara-presente-no-movimento-sos-agro-rs-em-porto-alegre","status":"publish","type":"post","link":"https:\/\/www.coopatrigo.com.br\/novo\/2024\/08\/07\/presidente-da-coopatrigo-estara-presente-no-movimento-sos-agro-rs-em-porto-alegre\/","title":{"rendered":"Presidente da Coopatrigo estar\u00e1 presente no movimento SOS Agro RS em Porto Alegre"},"content":{"rendered":"<div id=\"dslc-theme-content\"><div id=\"dslc-theme-content-inner\"><p>Nesta quinta-feira vai ocorrer em Porto Alegre uma grande mobiliza\u00e7\u00e3o de produtores rurais e entidades representativas do setor, em um ato que faz parte do movimento SOS Agro RS que j\u00e1 teve outras etapas e est\u00e1 sendo denominado \u201cTratora\u00e7o\u201d em protesto pelas medidas anunciadas at\u00e9 agora pelo governo, que n\u00e3o atendem as necessidades apresentadas.<\/p>\n<p>O movimento ter\u00e1 a participa\u00e7\u00e3o do Presidente da Coopatrigo Paulo Pires que tamb\u00e9m preside a Fecoagro, Federa\u00e7\u00e3o das Cooperativas Agropecu\u00e1rias do Rio Grande do Sul. Segundo destacou Pires, esse movimento \u00e9 uma resposta dos produtores ga\u00fachos que est\u00e3o insatisfeitos com o an\u00fancio do Governo Federal feito atrav\u00e9s da Medida Provis\u00f3ria 1.247\/2024 que trouxe solu\u00e7\u00f5es paliativas somente para os atingidos pelas enchentes e n\u00e3o atendeu o pedido das entidades em v\u00e1rias reuni\u00f5es que solicitavam medidas para amenizar os impactos no Rio Grande do Sul, n\u00e3o somente das enchentes, mas da conjuntura dos \u00faltimos quatro anos em que o estado n\u00e3o teve colheita, primeiramente por estiagens e agora pelas enchentes.<\/p>\n<p>Os tratores que j\u00e1 est\u00e3o h\u00e1 alguns dias no entorno da Capital dos ga\u00fachos devem se dirigir para o Parque Harmonia, com produtores tamb\u00e9m se locomovendo a cavalo e em outros implementos agr\u00edcolas nesta grande mobiliza\u00e7\u00e3o que inicia a partir das 9hs da manh\u00e3.<\/p>\n<p>A intens\u00e3o \u00e9 sensibilizar o Governo Federal a anunciar medidas que possam estancar o endividamento banc\u00e1rio acumulado pelos agricultores ga\u00fachos nos \u00faltimos quatro anos devido \u00e0s extremidades clim\u00e1ticas.<\/p>\n<p>Essa \u00e9 a pauta que re\u00fane tanto os pedidos dos agricultores empresariais, agricultores familiares e Cooperativas Agropecu\u00e1rias:<\/p>\n<p>&#8211; Prorroga\u00e7\u00e3o de d\u00edvidas por 15 anos, com 2 anos de car\u00eancia e taxa de juros de 3% ao ano.<\/p>\n<p>&#8211; Cr\u00e9dito reconstru\u00e7\u00e3o e capital de giro.<\/p>\n<p>&#8211; Securitiza\u00e7\u00e3o e anistia de d\u00edvidas do Pronaf e Pronamp com taxas de juros de 1% a 3% e prazo de reembolso de at\u00e9 15 anos.<\/p>\n<p>&#8211; Anistia das parcelas de cr\u00e9dito fundi\u00e1rio e do Programa Nacional de Habita\u00e7\u00e3o Rural com vencimento de maio de 2024 a dezembro de 2025.<\/p>\n<p>&#8211; Linhas de cr\u00e9dito de R$ 20 milh\u00f5es para assist\u00eancia t\u00e9cnica e extens\u00e3o rural, cr\u00e9dito para reconstru\u00e7\u00e3o de propriedades e capital de giro para cooperativas de produ\u00e7\u00e3o.<\/p>\n<p>&#8211; Aux\u00edlio emergencial de 1 sal\u00e1rio m\u00ednimo por seis meses para fam\u00edlias rurais.<\/p>\n<p>&nbsp;<\/p>\n<p>Assessoria de Comunica\u00e7\u00e3o Coopatrigo<\/p>\n<p>&nbsp;<\/p>\n<\/div><\/div>","protected":false},"excerpt":{"rendered":"<p>Nesta quinta-feira vai ocorrer em Porto Alegre uma grande mobiliza\u00e7\u00e3o de produtores rurais e entidades representativas do setor, em um ato que faz parte do movimento SOS Agro RS que j\u00e1 teve outras etapas e est\u00e1 sendo denominado \u201cTratora\u00e7o\u201d em protesto pelas medidas anunciadas at\u00e9 agora pelo governo, que n\u00e3o atendem as necessidades apresentadas. O [&hellip;]<\/p>\n","protected":false},"author":5,"featured_media":45267,"comment_status":"open","ping_status":"open","sticky":false,"template":"","format":"standard","meta":{"_acf_changed":false,"footnotes":""},"categories":[1],"tags":[],"class_list":["post-45266","post","type-post","status-publish","format-standard","has-post-thumbnail","hentry","category-noticias"],"acf":[],"_links":{"self":[{"href":"https:\/\/www.coopatrigo.com.br\/novo\/wp-json\/wp\/v2\/posts\/45266","targetHints":{"allow":["GET"]}}],"collection":[{"href":"https:\/\/www.coopatrigo.com.br\/novo\/wp-json\/wp\/v2\/posts"}],"about":[{"href":"https:\/\/www.coopatrigo.com.br\/novo\/wp-json\/wp\/v2\/types\/post"}],"author":[{"embeddable":true,"href":"https:\/\/www.coopatrigo.com.br\/novo\/wp-json\/wp\/v2\/users\/5"}],"replies":[{"embeddable":true,"href":"https:\/\/www.coopatrigo.com.br\/novo\/wp-json\/wp\/v2\/comments?post=45266"}],"version-history":[{"count":0,"href":"https:\/\/www.coopatrigo.com.br\/novo\/wp-json\/wp\/v2\/posts\/45266\/revisions"}],"wp:featuredmedia":[{"embeddable":true,"href":"https:\/\/www.coopatrigo.com.br\/novo\/wp-json\/wp\/v2\/media\/45267"}],"wp:attachment":[{"href":"https:\/\/www.coopatrigo.com.br\/novo\/wp-json\/wp\/v2\/media?parent=45266"}],"wp:term":[{"taxonomy":"category","embeddable":true,"href":"https:\/\/www.coopatrigo.com.br\/novo\/wp-json\/wp\/v2\/categories?post=45266"},{"taxonomy":"post_tag","embeddable":true,"href":"https:\/\/www.coopatrigo.com.br\/novo\/wp-json\/wp\/v2\/tags?post=45266"}],"curies":[{"name":"wp","href":"https:\/\/api.w.org\/{rel}","templated":true}]}}