{"id":45691,"date":"2024-09-06T16:14:31","date_gmt":"2024-09-06T19:14:31","guid":{"rendered":"https:\/\/www.coopatrigo.com.br\/novo\/?p=45691"},"modified":"2024-09-06T16:14:31","modified_gmt":"2024-09-06T19:14:31","slug":"programacao-ao-longo-de-setembro-vai-marcar-os-67-anos-da-coopatrigo","status":"publish","type":"post","link":"https:\/\/www.coopatrigo.com.br\/novo\/2024\/09\/06\/programacao-ao-longo-de-setembro-vai-marcar-os-67-anos-da-coopatrigo\/","title":{"rendered":"Programa\u00e7\u00e3o ao longo de setembro vai marcar os 67 anos da Coopatrigo"},"content":{"rendered":"<div id=\"dslc-theme-content\"><div id=\"dslc-theme-content-inner\"><p>O m\u00eas de setembro sempre \u00e9 especial para a fam\u00edlia Coopatrigo, pois \u00e9 comemorado o anivers\u00e1rio de funda\u00e7\u00e3o da Cooperativa que neste ano completa 67 anos de funda\u00e7\u00e3o.<\/p>\n<p>Para deixar essa data marcada diante de seus associados, colaboradores e comunidades onde atua, a Coopatrigo desenvolver\u00e1 uma s\u00e9rie de programa\u00e7\u00f5es que v\u00e3o ser comemorativas ao anivers\u00e1rio de 67 anos.<\/p>\n<p>Na semana de 09 a 13 de setembro os colaboradores da Coopatrigo participar\u00e3o da tradicional Sipat, que prev\u00ea uma s\u00e9rie de encontros voltados para a Sa\u00fade e Seguran\u00e7a no Trabalho.<\/p>\n<p>Nos dias 12 e 13 de setembro, a Coopatrigo vai reunir os seus \u201cDelegados\u201d que representam as \u201cRegionais\u201d e realizar\u00e1 o Semin\u00e1rios de L\u00edderes, onde importantes assuntos estar\u00e3o na pauta da organiza\u00e7\u00e3o do quadro social.<\/p>\n<p>No dia 20 de setembro a Coopatrigo participar\u00e1 do Desfile Farroupilha de S\u00e3o Luiz Gonzaga, marcando os seus 67 anos e registrando a supera\u00e7\u00e3o de um dos piores momentos da sua hist\u00f3ria, que foi o vendaval ocorrido no dia 15 de junho no Complexo da Coopatrigo na Vila M\u00e1rio.<\/p>\n<p>No dia 23 de setembro a Coopatrigo vai realizar o ato de apresenta\u00e7\u00e3o de um dos seus investimentos recentes que \u00e9 a Unidade de S\u00e3o Borja, que teve todas as suas obras conclu\u00eddas e est\u00e1 em pleno funcionamento.<\/p>\n<p>No dia 24 de setembro ser\u00e1 desenvolvida uma programa\u00e7\u00e3o para convidados com a realiza\u00e7\u00e3o do \u201cTalks Coopatrigo 67 anos, Inova\u00e7\u00e3o, Gest\u00e3o e Lideran\u00e7a\u201d, onde a Cooperativa promover\u00e1 uma conversa sobre esses temas importantes que precisam ser priorizados tanto na Cooperativa como entre os associados e para isso ser\u00e3o atra\u00e7\u00f5es deste evento o Coordenador T\u00e9cnico da RTC, Geomar Corassa e o Mestre em Economia, Idealizador e Coordenador do Rally da Safra, Andr\u00e9 Pessoa.<\/p>\n<p>Dia 25 de setembro dentro das transforma\u00e7\u00f5es e mudan\u00e7as que a Coopatrigo vem fazendo ser\u00e1 realizado o \u201cConecta Campo\u201d, que a partir deste ano substitui o Dia de Campo Inverno, trazendo os manejos e culturas trabalhadas pela Coopatrigo durante o inverno, com destaque para o conv\u00eanio com a Embrapa que desenvolve trabalho para mudar o perfil do solo das lavouras de nossa regi\u00e3o.<\/p>\n<p>Dia 26 de setembro ser\u00e1 realizado mais um \u201cEncontro de Mulheres Coopatrigo\u201d, trabalho desenvolvido todos os anos com o objetivo de valorizar o trabalho feminino dentro da Cooperativa, fazendo uma aproxima\u00e7\u00e3o de esposas e filhas de associados da atua\u00e7\u00e3o junto a Coopatrigo, al\u00e9m \u00e9 claro das pr\u00f3prias associadas, onde a atra\u00e7\u00e3o especial deste ano ser\u00e1 Marianita Orta\u00e7a.<\/p>\n<p>Atrav\u00e9s desta variada programa\u00e7\u00e3o a Diretoria da Coopatrigo acredita que os 67 anos ser\u00e3o bem comemorados e mais uma vez o pioneirismo dos 11 fundadores que tomaram a iniciativa de fundar a Coopatrigo em 1957 ser\u00e1 referenciada.<\/p>\n<p>&nbsp;<\/p>\n<p>Assessoria da Comunica\u00e7\u00e3o Coopatrigo<\/p>\n<p>&nbsp;<\/p>\n<p>&nbsp;<\/p>\n<\/div><\/div>","protected":false},"excerpt":{"rendered":"<p>O m\u00eas de setembro sempre \u00e9 especial para a fam\u00edlia Coopatrigo, pois \u00e9 comemorado o anivers\u00e1rio de funda\u00e7\u00e3o da Cooperativa que neste ano completa 67 anos de funda\u00e7\u00e3o. Para deixar essa data marcada diante de seus associados, colaboradores e comunidades onde atua, a Coopatrigo desenvolver\u00e1 uma s\u00e9rie de programa\u00e7\u00f5es que v\u00e3o ser comemorativas ao anivers\u00e1rio [&hellip;]<\/p>\n","protected":false},"author":5,"featured_media":45692,"comment_status":"open","ping_status":"open","sticky":false,"template":"","format":"standard","meta":{"_acf_changed":false,"footnotes":""},"categories":[1],"tags":[],"class_list":["post-45691","post","type-post","status-publish","format-standard","has-post-thumbnail","hentry","category-noticias"],"acf":[],"_links":{"self":[{"href":"https:\/\/www.coopatrigo.com.br\/novo\/wp-json\/wp\/v2\/posts\/45691","targetHints":{"allow":["GET"]}}],"collection":[{"href":"https:\/\/www.coopatrigo.com.br\/novo\/wp-json\/wp\/v2\/posts"}],"about":[{"href":"https:\/\/www.coopatrigo.com.br\/novo\/wp-json\/wp\/v2\/types\/post"}],"author":[{"embeddable":true,"href":"https:\/\/www.coopatrigo.com.br\/novo\/wp-json\/wp\/v2\/users\/5"}],"replies":[{"embeddable":true,"href":"https:\/\/www.coopatrigo.com.br\/novo\/wp-json\/wp\/v2\/comments?post=45691"}],"version-history":[{"count":0,"href":"https:\/\/www.coopatrigo.com.br\/novo\/wp-json\/wp\/v2\/posts\/45691\/revisions"}],"wp:featuredmedia":[{"embeddable":true,"href":"https:\/\/www.coopatrigo.com.br\/novo\/wp-json\/wp\/v2\/media\/45692"}],"wp:attachment":[{"href":"https:\/\/www.coopatrigo.com.br\/novo\/wp-json\/wp\/v2\/media?parent=45691"}],"wp:term":[{"taxonomy":"category","embeddable":true,"href":"https:\/\/www.coopatrigo.com.br\/novo\/wp-json\/wp\/v2\/categories?post=45691"},{"taxonomy":"post_tag","embeddable":true,"href":"https:\/\/www.coopatrigo.com.br\/novo\/wp-json\/wp\/v2\/tags?post=45691"}],"curies":[{"name":"wp","href":"https:\/\/api.w.org\/{rel}","templated":true}]}}