{"id":47322,"date":"2024-12-10T08:18:37","date_gmt":"2024-12-10T11:18:37","guid":{"rendered":"https:\/\/www.coopatrigo.com.br\/novo\/?p=47322"},"modified":"2024-12-10T08:28:56","modified_gmt":"2024-12-10T11:28:56","slug":"cuidando-do-futuro-show-tecnico-cooperativo-convida-as-novas-geracoes-a-conectar-se-com-o-futuro-da-agricultura","status":"publish","type":"post","link":"https:\/\/www.coopatrigo.com.br\/novo\/2024\/12\/10\/cuidando-do-futuro-show-tecnico-cooperativo-convida-as-novas-geracoes-a-conectar-se-com-o-futuro-da-agricultura\/","title":{"rendered":"Cuidando do futuro: Show T\u00e9cnico Cooperativo convida as novas gera\u00e7\u00f5es a conectar-se com o futuro da agricultura"},"content":{"rendered":"<div id=\"dslc-theme-content\"><div id=\"dslc-theme-content-inner\"><p><span class=\"TextRun SCXW93532960 BCX0\" lang=\"PT-BR\" xml:lang=\"PT-BR\" data-contrast=\"auto\"><span class=\"NormalTextRun SCXW93532960 BCX0\" data-ccp-parastyle=\"Standard\" data-ccp-parastyle-defn=\"{&quot;ObjectId&quot;:&quot;fa60fdd3-1b9f-42b9-8af5-2a2d008a1989|5&quot;,&quot;ClassId&quot;:1073872969,&quot;Properties&quot;:[469775450,&quot;Standard&quot;,201340122,&quot;2&quot;,134233614,&quot;true&quot;,469778129,&quot;Standard&quot;,335572020,&quot;1&quot;,469777841,&quot;Liberation Serif&quot;,469777842,&quot;Lucida Sans&quot;,469777843,&quot;NSimSun&quot;,469777844,&quot;Liberation Serif&quot;,469769226,&quot;Liberation Serif,Lucida Sans,NSimSun&quot;,268442635,&quot;24&quot;]}\">O futuro da agricultura e da pecu\u00e1ria n\u00e3o est\u00e1 apenas nas m\u00e3os dos produtores de hoje, mas tamb\u00e9m nas das novas <\/span><span class=\"NormalTextRun SCXW93532960 BCX0\" data-ccp-parastyle=\"Standard\">gera\u00e7\u00f5es que crescer\u00e3o com a responsabilidade de alimentar o mundo. Pensando nisso, o Show T\u00e9cnico Cooperativo est\u00e1 preparando uma experi\u00eancia especial para as crian\u00e7as, com um espa\u00e7o dedicado a elas, durante o evento que acontecer\u00e1 nos dias 11 e 12 de dezembro, no Campo Experimental da CCGL, em Cruz Alta, RS.<\/span><\/span><span class=\"LineBreakBlob BlobObject DragDrop SCXW93532960 BCX0\"><span class=\"SCXW93532960 BCX0\">\u00a0<\/span><br class=\"SCXW93532960 BCX0\" \/><\/span> <span class=\"TextRun SCXW93532960 BCX0\" lang=\"PT-BR\" xml:lang=\"PT-BR\" data-contrast=\"auto\"><span class=\"NormalTextRun SCXW93532960 BCX0\" data-ccp-parastyle=\"Standard\">Em parceria com a Cooperativa <\/span><span class=\"NormalTextRun SpellingErrorV2Themed SCXW93532960 BCX0\" data-ccp-parastyle=\"Standard\">Cotripal<\/span><span class=\"NormalTextRun SCXW93532960 BCX0\" data-ccp-parastyle=\"Standard\">, o evento contar\u00e1 com uma \u00e1rea l\u00fadica e recreativa para os filhos dos produtores e futuros sucessores das atividades no campo. Monitores especializados estar\u00e3o \u00e0 disposi\u00e7\u00e3o para proporcionar atividades divertidas e educativas enquanto os pais visitam as esta\u00e7\u00f5es de pesquisa. E para tornar esse momento ainda mais especial, as crian\u00e7as ganhar\u00e3o brindes personalizados, com a cara do evento.<\/span><\/span><span class=\"LineBreakBlob BlobObject DragDrop SCXW93532960 BCX0\"><span class=\"SCXW93532960 BCX0\">\u00a0<\/span><br class=\"SCXW93532960 BCX0\" \/><\/span> <span class=\"TextRun SCXW93532960 BCX0\" lang=\"PT-BR\" xml:lang=\"PT-BR\" data-contrast=\"auto\"><span class=\"NormalTextRun SCXW93532960 BCX0\" data-ccp-parastyle=\"Standard\">\u201cO Show T\u00e9cnico \u00e9 uma oportunidade \u00fanica para os produtores, mas tamb\u00e9m queremos que os pequenos, que s\u00e3o o futuro da agricultura e da pecu\u00e1ria, se sintam parte desse momento. Queremos que eles vivenciem o campo de forma l\u00fadica e, ao mesmo tempo, se conectem com as inova\u00e7\u00f5es e pr\u00e1ticas que far\u00e3o parte da vida deles no futuro\u201d, diz <\/span><span class=\"NormalTextRun SpellingErrorV2Themed SCXW93532960 BCX0\" data-ccp-parastyle=\"Standard\">Geomar<\/span><span class=\"NormalTextRun SCXW93532960 BCX0\" data-ccp-parastyle=\"Standard\"> Corassa, Gerente de Pesquisa da RTC\/CCGL.<\/span><\/span><span class=\"LineBreakBlob BlobObject DragDrop SCXW93532960 BCX0\"><span class=\"SCXW93532960 BCX0\">\u00a0<\/span><br class=\"SCXW93532960 BCX0\" \/><\/span> <span class=\"TextRun SCXW93532960 BCX0\" lang=\"PT-BR\" xml:lang=\"PT-BR\" data-contrast=\"auto\"><span class=\"NormalTextRun SCXW93532960 BCX0\" data-ccp-parastyle=\"Standard\">Este evento \u00e9 um encontro de gera\u00e7\u00f5es: os pais ter\u00e3o a oportunidade de revisitar a hist\u00f3ria e as inova\u00e7\u00f5es que moldaram a agricultura no Rio Grande do Sul, enquanto as crian\u00e7as podem vislumbrar o futuro com olhos curiosos e aprendizados importantes para a continuidade dessa hist\u00f3ria.<\/span><\/span><span class=\"LineBreakBlob BlobObject DragDrop SCXW93532960 BCX0\"><span class=\"SCXW93532960 BCX0\">\u00a0<\/span><br class=\"SCXW93532960 BCX0\" \/><\/span> <span class=\"TextRun SCXW93532960 BCX0\" lang=\"PT-BR\" xml:lang=\"PT-BR\" data-contrast=\"auto\"><span class=\"NormalTextRun SCXW93532960 BCX0\" data-ccp-parastyle=\"Standard\">\u201cAcreditamos que o Show T\u00e9cnico Cooperativo \u00e9 mais do que um evento de troca de conhecimentos t\u00e9cnicos. Ele tamb\u00e9m celebra o v\u00ednculo familiar e a continuidade das pr\u00e1ticas agr\u00edcolas. O objetivo \u00e9 que as fam\u00edlias, como um todo, participem e cres\u00e7am juntas, com o olhar voltado para o futuro da agricultura e pecu\u00e1ria no estado\u201d, destaca Silvana Trindade, Gerente de Opera\u00e7\u00f5es da CCGL.<\/span><\/span><span class=\"LineBreakBlob BlobObject DragDrop SCXW93532960 BCX0\"><span class=\"SCXW93532960 BCX0\">\u00a0<\/span><br class=\"SCXW93532960 BCX0\" \/><\/span> <span class=\"TextRun SCXW93532960 BCX0\" lang=\"PT-BR\" xml:lang=\"PT-BR\" data-contrast=\"auto\"><span class=\"NormalTextRun SCXW93532960 BCX0\" data-ccp-parastyle=\"Standard\">O Campo Experimental da CCGL, fundado na d\u00e9cada de 70, ser\u00e1 o cen\u00e1rio perfeito para esse momento de troca e aprendizado. Al\u00e9m das esta\u00e7\u00f5es de pesquisa, que apresentar\u00e3o tecnologias e pr\u00e1ticas para a sustentabilidade e produtividade da agricultura e pecu\u00e1ria, o evento visa refor\u00e7ar a import\u00e2ncia das novas gera\u00e7\u00f5es no futuro do setor.<\/span><\/span><span class=\"LineBreakBlob BlobObject DragDrop SCXW93532960 BCX0\"><span class=\"SCXW93532960 BCX0\">\u00a0<\/span><br class=\"SCXW93532960 BCX0\" \/><\/span> <span class=\"TextRun SCXW93532960 BCX0\" lang=\"PT-BR\" xml:lang=\"PT-BR\" data-contrast=\"auto\"><span class=\"NormalTextRun SCXW93532960 BCX0\" data-ccp-parastyle=\"Standard\">O Show T\u00e9cnico Cooperativo \u00e9 uma oportunidade para pais e filhos se conectarem com o campo, resgatar hist\u00f3rias do passado e se prepararem para o futuro. Os produtores s\u00e3o convidados a trazer seus filhos para vivenciar essa experi\u00eancia \u00fanica, que promete marcar uma nova etapa no desenvolvimento do agroneg\u00f3cio ga\u00facho.<\/span><\/span><span class=\"EOP SCXW93532960 BCX0\" data-ccp-props=\"{}\">\u00a0<\/span><\/p>\n<p><span data-olk-copy-source=\"MessageBody\">Assessora de Comunica\u00e7\u00e3o Institucional<\/span><\/p>\n<\/div><\/div>","protected":false},"excerpt":{"rendered":"<p>O futuro da agricultura e da pecu\u00e1ria n\u00e3o est\u00e1 apenas nas m\u00e3os dos produtores de hoje, mas tamb\u00e9m nas das novas gera\u00e7\u00f5es que crescer\u00e3o com a responsabilidade de alimentar o mundo. Pensando nisso, o Show T\u00e9cnico Cooperativo est\u00e1 preparando uma experi\u00eancia especial para as crian\u00e7as, com um espa\u00e7o dedicado a elas, durante o evento que [&hellip;]<\/p>\n","protected":false},"author":5,"featured_media":47325,"comment_status":"open","ping_status":"open","sticky":false,"template":"","format":"standard","meta":{"_acf_changed":false,"footnotes":""},"categories":[1],"tags":[],"class_list":["post-47322","post","type-post","status-publish","format-standard","has-post-thumbnail","hentry","category-noticias"],"acf":[],"_links":{"self":[{"href":"https:\/\/www.coopatrigo.com.br\/novo\/wp-json\/wp\/v2\/posts\/47322","targetHints":{"allow":["GET"]}}],"collection":[{"href":"https:\/\/www.coopatrigo.com.br\/novo\/wp-json\/wp\/v2\/posts"}],"about":[{"href":"https:\/\/www.coopatrigo.com.br\/novo\/wp-json\/wp\/v2\/types\/post"}],"author":[{"embeddable":true,"href":"https:\/\/www.coopatrigo.com.br\/novo\/wp-json\/wp\/v2\/users\/5"}],"replies":[{"embeddable":true,"href":"https:\/\/www.coopatrigo.com.br\/novo\/wp-json\/wp\/v2\/comments?post=47322"}],"version-history":[{"count":0,"href":"https:\/\/www.coopatrigo.com.br\/novo\/wp-json\/wp\/v2\/posts\/47322\/revisions"}],"wp:featuredmedia":[{"embeddable":true,"href":"https:\/\/www.coopatrigo.com.br\/novo\/wp-json\/wp\/v2\/media\/47325"}],"wp:attachment":[{"href":"https:\/\/www.coopatrigo.com.br\/novo\/wp-json\/wp\/v2\/media?parent=47322"}],"wp:term":[{"taxonomy":"category","embeddable":true,"href":"https:\/\/www.coopatrigo.com.br\/novo\/wp-json\/wp\/v2\/categories?post=47322"},{"taxonomy":"post_tag","embeddable":true,"href":"https:\/\/www.coopatrigo.com.br\/novo\/wp-json\/wp\/v2\/tags?post=47322"}],"curies":[{"name":"wp","href":"https:\/\/api.w.org\/{rel}","templated":true}]}}