{"id":47528,"date":"2024-12-20T09:16:10","date_gmt":"2024-12-20T12:16:10","guid":{"rendered":"https:\/\/www.coopatrigo.com.br\/novo\/?p=47528"},"modified":"2024-12-20T09:17:05","modified_gmt":"2024-12-20T12:17:05","slug":"coopatrigo-alinha-estrategias-com-a-cupula-da-basf-em-sao-paulo","status":"publish","type":"post","link":"https:\/\/www.coopatrigo.com.br\/novo\/2024\/12\/20\/coopatrigo-alinha-estrategias-com-a-cupula-da-basf-em-sao-paulo\/","title":{"rendered":"Coopatrigo alinha estrat\u00e9gias com a c\u00fapula da Basf em S\u00e3o Paulo"},"content":{"rendered":"<div id=\"dslc-theme-content\"><div id=\"dslc-theme-content-inner\"><p>Uma comitiva da Coopatrigo est\u00e1 em S\u00e3o Paulo realizando encontros de alinhamentos das estrat\u00e9gias da Cooperativa com a multinacional Basf para os pr\u00f3ximos anos.<\/p>\n<p>Comp\u00f5em a comitiva da Coopatrigo, o Presidente Paulo Pires, o Vice-presidente Luiz Fl\u00e1vio Oliveira, o Superintendente Marcos Pilecco, o Diretor Administrativo Sadi Smaramussa, o Gerente de Insumo Paulos P\u00eas e o Coordenador T\u00e9cnico Bento B\u00fcttenbender.<\/p>\n<p>Do Rio Grande do Sul est\u00e3o acompanhando a comitiva da Coopatrigo, o RTV\u00a0 Dionatas Rodrigues e o Gerente Regional da Basf, Armando Bernardi.<\/p>\n<p>Em S\u00e3o Paulo a comitiva da Coopatrigo est\u00e1 sendo recebida por C\u00e1ssio Kirchner, Diretor Business Basf, Marco Camilli, Gerente de Acesso ao Mercado, Lu\u00eds Ot\u00e1vio Giacon, Gerente S\u00eanior de Vendas e Pedro Velasques, Gerente Territ\u00f3rio de Marketing.<\/p>\n<p>A rela\u00e7\u00e3o comercial entre Coopatrigo e Basf tem crescido significativamente nos \u00faltimos anos, sendo que no \u00faltimo ciclo do Programa Cooperar a Coopatrigo ficou em primeiro lugar em vendas no segmento Cooperativas no Rio Grande do Sul.<\/p>\n<p>Neste ano a Basf realizou um alinhamento das suas estrat\u00e9gias corporativas lan\u00e7ando o &#8220;Caminhos Vencedores&#8221;, com a vis\u00e3o de ser a empresa qu\u00edmica preferida para viabilizar a transforma\u00e7\u00e3o verde de seus clientes, com base em quatro alavancas estrat\u00e9gicas:\u00a0Foco, Acelera\u00e7\u00e3o, Transforma\u00e7\u00e3o\u00a0e\u00a0Cultura Vencedora.<\/p>\n<p>&nbsp;<\/p>\n<p>Assessoria de Comunica\u00e7\u00e3o<\/p>\n<\/div><\/div>","protected":false},"excerpt":{"rendered":"<p>Uma comitiva da Coopatrigo est\u00e1 em S\u00e3o Paulo realizando encontros de alinhamentos das estrat\u00e9gias da Cooperativa com a multinacional Basf para os pr\u00f3ximos anos. Comp\u00f5em a comitiva da Coopatrigo, o Presidente Paulo Pires, o Vice-presidente Luiz Fl\u00e1vio Oliveira, o Superintendente Marcos Pilecco, o Diretor Administrativo Sadi Smaramussa, o Gerente de Insumo Paulos P\u00eas e o [&hellip;]<\/p>\n","protected":false},"author":5,"featured_media":47529,"comment_status":"open","ping_status":"open","sticky":false,"template":"","format":"standard","meta":{"_acf_changed":false,"footnotes":""},"categories":[1],"tags":[],"class_list":["post-47528","post","type-post","status-publish","format-standard","has-post-thumbnail","hentry","category-noticias"],"acf":[],"_links":{"self":[{"href":"https:\/\/www.coopatrigo.com.br\/novo\/wp-json\/wp\/v2\/posts\/47528","targetHints":{"allow":["GET"]}}],"collection":[{"href":"https:\/\/www.coopatrigo.com.br\/novo\/wp-json\/wp\/v2\/posts"}],"about":[{"href":"https:\/\/www.coopatrigo.com.br\/novo\/wp-json\/wp\/v2\/types\/post"}],"author":[{"embeddable":true,"href":"https:\/\/www.coopatrigo.com.br\/novo\/wp-json\/wp\/v2\/users\/5"}],"replies":[{"embeddable":true,"href":"https:\/\/www.coopatrigo.com.br\/novo\/wp-json\/wp\/v2\/comments?post=47528"}],"version-history":[{"count":0,"href":"https:\/\/www.coopatrigo.com.br\/novo\/wp-json\/wp\/v2\/posts\/47528\/revisions"}],"wp:featuredmedia":[{"embeddable":true,"href":"https:\/\/www.coopatrigo.com.br\/novo\/wp-json\/wp\/v2\/media\/47529"}],"wp:attachment":[{"href":"https:\/\/www.coopatrigo.com.br\/novo\/wp-json\/wp\/v2\/media?parent=47528"}],"wp:term":[{"taxonomy":"category","embeddable":true,"href":"https:\/\/www.coopatrigo.com.br\/novo\/wp-json\/wp\/v2\/categories?post=47528"},{"taxonomy":"post_tag","embeddable":true,"href":"https:\/\/www.coopatrigo.com.br\/novo\/wp-json\/wp\/v2\/tags?post=47528"}],"curies":[{"name":"wp","href":"https:\/\/api.w.org\/{rel}","templated":true}]}}