{"id":47795,"date":"2025-01-16T10:34:16","date_gmt":"2025-01-16T13:34:16","guid":{"rendered":"https:\/\/www.coopatrigo.com.br\/novo\/?p=47795"},"modified":"2025-01-16T10:36:07","modified_gmt":"2025-01-16T13:36:07","slug":"projeto-especial-fala-presidente-destaca-acoes-e-realizacoes-da-coopatrigo","status":"publish","type":"post","link":"https:\/\/www.coopatrigo.com.br\/novo\/2025\/01\/16\/projeto-especial-fala-presidente-destaca-acoes-e-realizacoes-da-coopatrigo\/","title":{"rendered":"Projeto Especial Fala Presidente destaca a\u00e7\u00f5es e realiza\u00e7\u00f5es da Coopatrigo"},"content":{"rendered":"<div id=\"dslc-main\">\n\t\t<div  class=\"dslc-modules-section \" style=\"padding-bottom:30px;padding-top:30px;background-color:#16452c;background-image:url(https:\/\/www.coopatrigo.com.br\/novo\/wp-content\/uploads\/2021\/02\/bg.png);background-position:center center;\" data-section-id=\"74a23622ed4\">\n\t\t\t\t\n\t\t\t\t\n\t\t\t\t<div class=\"dslc-modules-section-wrapper dslc-clearfix\"><div class=\"dslc-modules-area dslc-col dslc-12-col dslc-last-col dslc-valign- \" data-size=\"12\" data-valign=\"\">\n\t\t<div id=\"dslc-module-24\" class=\"dslc-module-front dslc-module-DSLC_TP_Title dslc-in-viewport-check dslc-in-viewport-anim-none  dslc-col dslc-12-col dslc-last-col  dslc-module-handle-like-regular \" data-module-id=\"24\" data-module=\"DSLC_TP_Title\" data-dslc-module-size=\"12\" data-dslc-anim=\"none\" data-dslc-anim-delay=\"\" data-dslc-anim-duration=\"650\"  data-dslc-anim-easing=\"ease\" data-dslc-preset=\"none\" >\n\n\t\t\t\n\t\t\t\n\t\t\r\n\t\t\t\t<div class=\"dslc-tp-title\"><h1>Projeto Especial Fala Presidente destaca a\u00e7\u00f5es e realiza\u00e7\u00f5es da Coopatrigo<\/h1><\/div>\r\n\r\n\t\t\t\n\t\t\t\t<\/div><!-- .dslc-module -->\n\t\t\n\t\t<div id=\"dslc-module-25\" class=\"dslc-module-front dslc-module-DSLC_TP_Meta dslc-in-viewport-check dslc-in-viewport-anim-none  dslc-col dslc-12-col dslc-last-col  dslc-module-handle-like-regular \" data-module-id=\"25\" data-module=\"DSLC_TP_Meta\" data-dslc-module-size=\"12\" data-dslc-anim=\"none\" data-dslc-anim-delay=\"\" data-dslc-anim-duration=\"650\"  data-dslc-anim-easing=\"ease\" data-dslc-preset=\"none\" >\n\n\t\t\t\n\t\t\t\n\t\t\r\n\t\t\t\t<div class=\"dslc-tp-meta dslc-tp-meta-horizontal\">\r\n\t\t\t\t\t<ul class=\"dslc-clearfix\">\r\n\r\n\t\t\t\t\t\t\t\t\t\t\t\t\t<li>16 de janeiro de 2025<\/li>\r\n\t\t\t\t\t\t\r\n\t\t\t\t\t\t\r\n\t\t\t\t\t\t\r\n\t\t\t\t\t\t\r\n\t\t\t\t\t\t\r\n\t\t\t\t\t<\/ul>\r\n\t\t\t\t<\/div>\r\n\r\n\t\t\t\n\t\t\t\t<\/div><!-- .dslc-module -->\n\t\t<\/div><\/div><\/div>\n\t\t<div  class=\"dslc-modules-section \" style=\"padding-bottom:30px;padding-top:30px;background-color:rgba(230, 230, 230, 0);border-color:rgb(230, 230, 230);border-top-style: hidden; border-right-style: hidden; border-bottom-style: hidden; border-left-style: hidden; \" data-section-id=\"2b557989cda\">\n\t\t\t\t\n\t\t\t\t\n\t\t\t\t<div class=\"dslc-modules-section-wrapper dslc-clearfix\"><div class=\"dslc-modules-area dslc-col dslc-1-col dslc-first-col dslc-valign-undefined \" data-size=\"1\" data-valign=\"undefined\"><\/div><div class=\"dslc-modules-area dslc-col dslc-10-col  dslc-valign- \" data-size=\"10\" data-valign=\"\">\n\t\t<div id=\"dslc-module-a7d04abcf7f\" class=\"dslc-module-front dslc-module-DSLC_TP_Thumbnail dslc-in-viewport-check dslc-in-viewport-anim-none  dslc-col dslc-12-col dslc-last-col  dslc-module-handle-like-regular \" data-module-id=\"a7d04abcf7f\" data-module=\"DSLC_TP_Thumbnail\" data-dslc-module-size=\"12\" data-dslc-anim=\"none\" data-dslc-anim-delay=\"\" data-dslc-anim-duration=\"650\"  data-dslc-anim-easing=\"ease\" data-dslc-preset=\"none\" >\n\n\t\t\t\n\t\t\t\n\t\t\r\n\t\t\t<div class=\"dslc-tp-thumbnail\">\r\n\t\t\t\t\t\t\t\t\t\t\t\t\t\t\t<img width=\"1080\" height=\"664\" src=\"https:\/\/www.coopatrigo.com.br\/novo\/wp-content\/uploads\/2025\/01\/Fala-Presidente-1.jpg\" class=\"attachment-full size-full wp-post-image\" alt=\"\" title=\"Fala Presidente\" srcset=\"https:\/\/www.coopatrigo.com.br\/novo\/wp-content\/uploads\/2025\/01\/Fala-Presidente-1.jpg 1080w, https:\/\/www.coopatrigo.com.br\/novo\/wp-content\/uploads\/2025\/01\/Fala-Presidente-1-300x184.jpg 300w, https:\/\/www.coopatrigo.com.br\/novo\/wp-content\/uploads\/2025\/01\/Fala-Presidente-1-1024x630.jpg 1024w, https:\/\/www.coopatrigo.com.br\/novo\/wp-content\/uploads\/2025\/01\/Fala-Presidente-1-768x472.jpg 768w\" sizes=\"(max-width: 1080px) 100vw, 1080px\" \/>\t\t\t\t\t\t\t\t\t\t\t\t<\/div>\r\n\r\n\t\t\r\n\t\t\n\t\t\t\t<\/div><!-- .dslc-module -->\n\t\t\n\t\t<div id=\"dslc-module-26\" class=\"dslc-module-front dslc-module-DSLC_TP_Content dslc-in-viewport-check dslc-in-viewport-anim-none  dslc-col dslc-12-col dslc-last-col  dslc-module-handle-like-regular \" data-module-id=\"26\" data-module=\"DSLC_TP_Content\" data-dslc-module-size=\"12\" data-dslc-anim=\"none\" data-dslc-anim-delay=\"\" data-dslc-anim-duration=\"650\"  data-dslc-anim-easing=\"ease\" data-dslc-preset=\"none\" >\n\n\t\t\t\n\t\t\t\n\t\t<div class=\"dslc-tp-content\"><div id=\"dslc-theme-content\"><div id=\"dslc-theme-content-inner\"><p>A Coopatrigo est\u00e1 compartilhando em todos os seus canais de comunica\u00e7\u00e3o que mant\u00e9m com seus associados e comunidades onde atua, um Projeto Especial elaborado e produzido pelo Radialista Luiz Oneide Nonemacher que \u00e9 o \u201cFala Presidente Paulo Pires\u201d, onde s\u00e3o destacadas a\u00e7\u00f5es e realiza\u00e7\u00f5es da Coopatrigo que a tornam um dos grandes destaques da economia regional.<\/p>\n<p>O \u201cFala Presidente\u201d ter\u00e1 um epis\u00f3dio por semana e poder\u00e1 ser conferido nas Redes Sociais da Coopatrigo, Canal do Youtube da Coopatrigo, no Spotify e tamb\u00e9m nas Redes Sociais da R\u00e1dio S\u00e3o Luiz. Os \u00e1udios de todos os epis\u00f3dios tamb\u00e9m ser\u00e3o reproduzidos nos Programas de R\u00e1dio que a Coopatrigo mant\u00e9m em v\u00e1rias emissoras de R\u00e1dio.<\/p>\n<p>No primeiro epis\u00f3dio do \u201cFala Presidente Paulo Pires\u201d o assunto destacado foi a \u201cReconstru\u00e7\u00e3o\u201d que ocorreu a partir da micro explos\u00e3o ocorrida no dia 15 de junho em S\u00e3o Luiz Gonzaga, trazendo grande destrui\u00e7\u00e3o ao completo da Cooperativa localizado na Vila M\u00e1rio.<\/p>\n<p>O epis\u00f3dio completo pode ser conferido no link abaixo:<\/p>\n<p>&nbsp;<\/p>\n<p><iframe title=\"Reconstru\u00e7\u00e3o da Coopatrigo: Um marco para a regi\u00e3o\" width=\"1180\" height=\"664\" src=\"https:\/\/www.youtube.com\/embed\/uGb010ILyvo?feature=oembed\" frameborder=\"0\" allow=\"accelerometer; autoplay; clipboard-write; encrypted-media; gyroscope; picture-in-picture; web-share\" referrerpolicy=\"strict-origin-when-cross-origin\" allowfullscreen><\/iframe><\/p>\n<p>&nbsp;<\/p>\n<p>Assessoria de Comunica\u00e7\u00e3o e Marketing Coopatrigo<\/p>\n<\/div><\/div><\/div>\n\t\t\t\t<\/div><!-- .dslc-module -->\n\t\t<\/div><\/div><\/div><\/div><input type=\"hidden\" id=\"dslca-post-data-thumb\" value=\"https:\/\/www.coopatrigo.com.br\/novo\/wp-content\/uploads\/2025\/01\/Fala-Presidente-1.jpg\" \/>","protected":false},"excerpt":{"rendered":"<p>Projeto Especial Fala Presidente destaca a\u00e7\u00f5es e realiza\u00e7\u00f5es da Coopatrigo 16 de janeiro de 2025 A Coopatrigo est\u00e1 compartilhando em todos os seus canais de comunica\u00e7\u00e3o que mant\u00e9m com seus associados e comunidades onde atua, um Projeto Especial elaborado e produzido pelo Radialista Luiz Oneide Nonemacher que \u00e9 o \u201cFala Presidente Paulo Pires\u201d, onde s\u00e3o [&hellip;]<\/p>\n","protected":false},"author":5,"featured_media":47798,"comment_status":"open","ping_status":"open","sticky":false,"template":"","format":"standard","meta":{"_acf_changed":false,"footnotes":""},"categories":[1],"tags":[],"class_list":["post-47795","post","type-post","status-publish","format-standard","has-post-thumbnail","hentry","category-noticias"],"acf":[],"_links":{"self":[{"href":"https:\/\/www.coopatrigo.com.br\/novo\/wp-json\/wp\/v2\/posts\/47795","targetHints":{"allow":["GET"]}}],"collection":[{"href":"https:\/\/www.coopatrigo.com.br\/novo\/wp-json\/wp\/v2\/posts"}],"about":[{"href":"https:\/\/www.coopatrigo.com.br\/novo\/wp-json\/wp\/v2\/types\/post"}],"author":[{"embeddable":true,"href":"https:\/\/www.coopatrigo.com.br\/novo\/wp-json\/wp\/v2\/users\/5"}],"replies":[{"embeddable":true,"href":"https:\/\/www.coopatrigo.com.br\/novo\/wp-json\/wp\/v2\/comments?post=47795"}],"version-history":[{"count":0,"href":"https:\/\/www.coopatrigo.com.br\/novo\/wp-json\/wp\/v2\/posts\/47795\/revisions"}],"wp:featuredmedia":[{"embeddable":true,"href":"https:\/\/www.coopatrigo.com.br\/novo\/wp-json\/wp\/v2\/media\/47798"}],"wp:attachment":[{"href":"https:\/\/www.coopatrigo.com.br\/novo\/wp-json\/wp\/v2\/media?parent=47795"}],"wp:term":[{"taxonomy":"category","embeddable":true,"href":"https:\/\/www.coopatrigo.com.br\/novo\/wp-json\/wp\/v2\/categories?post=47795"},{"taxonomy":"post_tag","embeddable":true,"href":"https:\/\/www.coopatrigo.com.br\/novo\/wp-json\/wp\/v2\/tags?post=47795"}],"curies":[{"name":"wp","href":"https:\/\/api.w.org\/{rel}","templated":true}]}}