{"id":47857,"date":"2025-01-17T16:19:23","date_gmt":"2025-01-17T19:19:23","guid":{"rendered":"https:\/\/www.coopatrigo.com.br\/novo\/?p=47857"},"modified":"2025-01-17T16:19:23","modified_gmt":"2025-01-17T19:19:23","slug":"presidente-da-coopatrigo-paulo-pires-recebe-visita-da-cermissoes","status":"publish","type":"post","link":"https:\/\/www.coopatrigo.com.br\/novo\/2025\/01\/17\/presidente-da-coopatrigo-paulo-pires-recebe-visita-da-cermissoes\/","title":{"rendered":"Presidente da Coopatrigo Paulo Pires recebe visita da Cermiss\u00f5es"},"content":{"rendered":"<div id=\"dslc-main\">\n\t\t<div  class=\"dslc-modules-section \" style=\"padding-bottom:30px;padding-top:30px;background-color:#16452c;background-image:url(https:\/\/www.coopatrigo.com.br\/novo\/wp-content\/uploads\/2021\/02\/bg.png);background-position:center center;\" data-section-id=\"74a23622ed4\">\n\t\t\t\t\n\t\t\t\t\n\t\t\t\t<div class=\"dslc-modules-section-wrapper dslc-clearfix\"><div class=\"dslc-modules-area dslc-col dslc-12-col dslc-last-col dslc-valign- \" data-size=\"12\" data-valign=\"\">\n\t\t<div id=\"dslc-module-24\" class=\"dslc-module-front dslc-module-DSLC_TP_Title dslc-in-viewport-check dslc-in-viewport-anim-none  dslc-col dslc-12-col dslc-last-col  dslc-module-handle-like-regular \" data-module-id=\"24\" data-module=\"DSLC_TP_Title\" data-dslc-module-size=\"12\" data-dslc-anim=\"none\" data-dslc-anim-delay=\"\" data-dslc-anim-duration=\"650\"  data-dslc-anim-easing=\"ease\" data-dslc-preset=\"none\" >\n\n\t\t\t\n\t\t\t\n\t\t\r\n\t\t\t\t<div class=\"dslc-tp-title\"><h1>Presidente da Coopatrigo Paulo Pires recebe visita da Cermiss\u00f5es<\/h1><\/div>\r\n\r\n\t\t\t\n\t\t\t\t<\/div><!-- .dslc-module -->\n\t\t\n\t\t<div id=\"dslc-module-25\" class=\"dslc-module-front dslc-module-DSLC_TP_Meta dslc-in-viewport-check dslc-in-viewport-anim-none  dslc-col dslc-12-col dslc-last-col  dslc-module-handle-like-regular \" data-module-id=\"25\" data-module=\"DSLC_TP_Meta\" data-dslc-module-size=\"12\" data-dslc-anim=\"none\" data-dslc-anim-delay=\"\" data-dslc-anim-duration=\"650\"  data-dslc-anim-easing=\"ease\" data-dslc-preset=\"none\" >\n\n\t\t\t\n\t\t\t\n\t\t\r\n\t\t\t\t<div class=\"dslc-tp-meta dslc-tp-meta-horizontal\">\r\n\t\t\t\t\t<ul class=\"dslc-clearfix\">\r\n\r\n\t\t\t\t\t\t\t\t\t\t\t\t\t<li>17 de janeiro de 2025<\/li>\r\n\t\t\t\t\t\t\r\n\t\t\t\t\t\t\r\n\t\t\t\t\t\t\r\n\t\t\t\t\t\t\r\n\t\t\t\t\t\t\r\n\t\t\t\t\t<\/ul>\r\n\t\t\t\t<\/div>\r\n\r\n\t\t\t\n\t\t\t\t<\/div><!-- .dslc-module -->\n\t\t<\/div><\/div><\/div>\n\t\t<div  class=\"dslc-modules-section \" style=\"padding-bottom:30px;padding-top:30px;background-color:rgba(230, 230, 230, 0);border-color:rgb(230, 230, 230);border-top-style: hidden; border-right-style: hidden; border-bottom-style: hidden; border-left-style: hidden; \" data-section-id=\"2b557989cda\">\n\t\t\t\t\n\t\t\t\t\n\t\t\t\t<div class=\"dslc-modules-section-wrapper dslc-clearfix\"><div class=\"dslc-modules-area dslc-col dslc-1-col dslc-first-col dslc-valign-undefined \" data-size=\"1\" data-valign=\"undefined\"><\/div><div class=\"dslc-modules-area dslc-col dslc-10-col  dslc-valign- \" data-size=\"10\" data-valign=\"\">\n\t\t<div id=\"dslc-module-a7d04abcf7f\" class=\"dslc-module-front dslc-module-DSLC_TP_Thumbnail dslc-in-viewport-check dslc-in-viewport-anim-none  dslc-col dslc-12-col dslc-last-col  dslc-module-handle-like-regular \" data-module-id=\"a7d04abcf7f\" data-module=\"DSLC_TP_Thumbnail\" data-dslc-module-size=\"12\" data-dslc-anim=\"none\" data-dslc-anim-delay=\"\" data-dslc-anim-duration=\"650\"  data-dslc-anim-easing=\"ease\" data-dslc-preset=\"none\" >\n\n\t\t\t\n\t\t\t\n\t\t\r\n\t\t\t<div class=\"dslc-tp-thumbnail\">\r\n\t\t\t\t\t\t\t\t\t\t\t\t\t\t\t<img width=\"1080\" height=\"734\" src=\"https:\/\/www.coopatrigo.com.br\/novo\/wp-content\/uploads\/2025\/01\/Cermissoes.jpeg\" class=\"attachment-full size-full wp-post-image\" alt=\"\" title=\"Cermiss\u00f5es\" srcset=\"https:\/\/www.coopatrigo.com.br\/novo\/wp-content\/uploads\/2025\/01\/Cermissoes.jpeg 1080w, https:\/\/www.coopatrigo.com.br\/novo\/wp-content\/uploads\/2025\/01\/Cermissoes-300x204.jpeg 300w, https:\/\/www.coopatrigo.com.br\/novo\/wp-content\/uploads\/2025\/01\/Cermissoes-1024x696.jpeg 1024w, https:\/\/www.coopatrigo.com.br\/novo\/wp-content\/uploads\/2025\/01\/Cermissoes-768x522.jpeg 768w\" sizes=\"(max-width: 1080px) 100vw, 1080px\" \/>\t\t\t\t\t\t\t\t\t\t\t\t<\/div>\r\n\r\n\t\t\r\n\t\t\n\t\t\t\t<\/div><!-- .dslc-module -->\n\t\t\n\t\t<div id=\"dslc-module-26\" class=\"dslc-module-front dslc-module-DSLC_TP_Content dslc-in-viewport-check dslc-in-viewport-anim-none  dslc-col dslc-12-col dslc-last-col  dslc-module-handle-like-regular \" data-module-id=\"26\" data-module=\"DSLC_TP_Content\" data-dslc-module-size=\"12\" data-dslc-anim=\"none\" data-dslc-anim-delay=\"\" data-dslc-anim-duration=\"650\"  data-dslc-anim-easing=\"ease\" data-dslc-preset=\"none\" >\n\n\t\t\t\n\t\t\t\n\t\t<div class=\"dslc-tp-content\"><div id=\"dslc-theme-content\"><div id=\"dslc-theme-content-inner\"><p>Nesta sexta-feira o Presidente da Coopatrigo Paulo Pires esteve recebendo a visita do Vice-presidente da Cermiss\u00f5es, Diomedes Rech e do Assessor de Comunica\u00e7\u00e3o, Vanes Della Flora.<\/p>\n<p>Coopatrigo e Cermiss\u00f5es possuem um excelente relacionamento na regi\u00e3o, com v\u00e1rios cooperados que pertencem as duas Cooperativas e tamb\u00e9m praticam a Intercoopera\u00e7\u00e3o que \u00e9 um dos princ\u00edpios do Cooperativismo.<\/p>\n<p>A visita serviu para o fortalecimento do relacionamento entre as duas Cooperativas e o Presidente Paulo Pires recebeu a tradicional Agenda e o Calend\u00e1rio da Cermiss\u00f5es que todos os anos \u00e9 entregue.<\/p>\n<p>&nbsp;<\/p>\n<p>Assessoria de Comunica\u00e7\u00e3o e Marketing Coopatrigo<\/p>\n<\/div><\/div><\/div>\n\t\t\t\t<\/div><!-- .dslc-module -->\n\t\t<\/div><\/div><\/div><\/div><input type=\"hidden\" id=\"dslca-post-data-thumb\" value=\"https:\/\/www.coopatrigo.com.br\/novo\/wp-content\/uploads\/2025\/01\/Cermissoes.jpeg\" \/>","protected":false},"excerpt":{"rendered":"<p>Presidente da Coopatrigo Paulo Pires recebe visita da Cermiss\u00f5es 17 de janeiro de 2025 Nesta sexta-feira o Presidente da Coopatrigo Paulo Pires esteve recebendo a visita do Vice-presidente da Cermiss\u00f5es, Diomedes Rech e do Assessor de Comunica\u00e7\u00e3o, Vanes Della Flora. Coopatrigo e Cermiss\u00f5es possuem um excelente relacionamento na regi\u00e3o, com v\u00e1rios cooperados que pertencem as [&hellip;]<\/p>\n","protected":false},"author":5,"featured_media":47858,"comment_status":"open","ping_status":"open","sticky":false,"template":"","format":"standard","meta":{"_acf_changed":false,"footnotes":""},"categories":[1],"tags":[],"class_list":["post-47857","post","type-post","status-publish","format-standard","has-post-thumbnail","hentry","category-noticias"],"acf":[],"_links":{"self":[{"href":"https:\/\/www.coopatrigo.com.br\/novo\/wp-json\/wp\/v2\/posts\/47857","targetHints":{"allow":["GET"]}}],"collection":[{"href":"https:\/\/www.coopatrigo.com.br\/novo\/wp-json\/wp\/v2\/posts"}],"about":[{"href":"https:\/\/www.coopatrigo.com.br\/novo\/wp-json\/wp\/v2\/types\/post"}],"author":[{"embeddable":true,"href":"https:\/\/www.coopatrigo.com.br\/novo\/wp-json\/wp\/v2\/users\/5"}],"replies":[{"embeddable":true,"href":"https:\/\/www.coopatrigo.com.br\/novo\/wp-json\/wp\/v2\/comments?post=47857"}],"version-history":[{"count":0,"href":"https:\/\/www.coopatrigo.com.br\/novo\/wp-json\/wp\/v2\/posts\/47857\/revisions"}],"wp:featuredmedia":[{"embeddable":true,"href":"https:\/\/www.coopatrigo.com.br\/novo\/wp-json\/wp\/v2\/media\/47858"}],"wp:attachment":[{"href":"https:\/\/www.coopatrigo.com.br\/novo\/wp-json\/wp\/v2\/media?parent=47857"}],"wp:term":[{"taxonomy":"category","embeddable":true,"href":"https:\/\/www.coopatrigo.com.br\/novo\/wp-json\/wp\/v2\/categories?post=47857"},{"taxonomy":"post_tag","embeddable":true,"href":"https:\/\/www.coopatrigo.com.br\/novo\/wp-json\/wp\/v2\/tags?post=47857"}],"curies":[{"name":"wp","href":"https:\/\/api.w.org\/{rel}","templated":true}]}}