{"id":48174,"date":"2025-02-13T08:21:26","date_gmt":"2025-02-13T11:21:26","guid":{"rendered":"https:\/\/www.coopatrigo.com.br\/novo\/?p=48174"},"modified":"2025-02-13T08:27:59","modified_gmt":"2025-02-13T11:27:59","slug":"coopatrigo-inicia-roteiro-de-reunioes-regionais-2","status":"publish","type":"post","link":"https:\/\/www.coopatrigo.com.br\/novo\/2025\/02\/13\/coopatrigo-inicia-roteiro-de-reunioes-regionais-2\/","title":{"rendered":"Coopatrigo inicia roteiro de Reuni\u00f5es Regionais"},"content":{"rendered":"<div id=\"dslc-main\">\n\t\t<div  class=\"dslc-modules-section \" style=\"padding-bottom:30px;padding-top:30px;background-color:#16452c;background-image:url(https:\/\/www.coopatrigo.com.br\/novo\/wp-content\/uploads\/2021\/02\/bg.png);background-position:center center;\" data-section-id=\"74a23622ed4\">\n\t\t\t\t\n\t\t\t\t\n\t\t\t\t<div class=\"dslc-modules-section-wrapper dslc-clearfix\"><div class=\"dslc-modules-area dslc-col dslc-12-col dslc-last-col dslc-valign- \" data-size=\"12\" data-valign=\"\">\n\t\t<div id=\"dslc-module-24\" class=\"dslc-module-front dslc-module-DSLC_TP_Title dslc-in-viewport-check dslc-in-viewport-anim-none  dslc-col dslc-12-col dslc-last-col  dslc-module-handle-like-regular \" data-module-id=\"24\" data-module=\"DSLC_TP_Title\" data-dslc-module-size=\"12\" data-dslc-anim=\"none\" data-dslc-anim-delay=\"\" data-dslc-anim-duration=\"650\"  data-dslc-anim-easing=\"ease\" data-dslc-preset=\"none\" >\n\n\t\t\t\n\t\t\t\n\t\t\r\n\t\t\t\t<div class=\"dslc-tp-title\"><h1>Coopatrigo inicia roteiro de Reuni\u00f5es Regionais<\/h1><\/div>\r\n\r\n\t\t\t\n\t\t\t\t<\/div><!-- .dslc-module -->\n\t\t\n\t\t<div id=\"dslc-module-25\" class=\"dslc-module-front dslc-module-DSLC_TP_Meta dslc-in-viewport-check dslc-in-viewport-anim-none  dslc-col dslc-12-col dslc-last-col  dslc-module-handle-like-regular \" data-module-id=\"25\" data-module=\"DSLC_TP_Meta\" data-dslc-module-size=\"12\" data-dslc-anim=\"none\" data-dslc-anim-delay=\"\" data-dslc-anim-duration=\"650\"  data-dslc-anim-easing=\"ease\" data-dslc-preset=\"none\" >\n\n\t\t\t\n\t\t\t\n\t\t\r\n\t\t\t\t<div class=\"dslc-tp-meta dslc-tp-meta-horizontal\">\r\n\t\t\t\t\t<ul class=\"dslc-clearfix\">\r\n\r\n\t\t\t\t\t\t\t\t\t\t\t\t\t<li>13 de fevereiro de 2025<\/li>\r\n\t\t\t\t\t\t\r\n\t\t\t\t\t\t\r\n\t\t\t\t\t\t\r\n\t\t\t\t\t\t\r\n\t\t\t\t\t\t\r\n\t\t\t\t\t<\/ul>\r\n\t\t\t\t<\/div>\r\n\r\n\t\t\t\n\t\t\t\t<\/div><!-- .dslc-module -->\n\t\t<\/div><\/div><\/div>\n\t\t<div  class=\"dslc-modules-section \" style=\"padding-bottom:30px;padding-top:30px;background-color:rgba(230, 230, 230, 0);border-color:rgb(230, 230, 230);border-top-style: hidden; border-right-style: hidden; border-bottom-style: hidden; border-left-style: hidden; \" data-section-id=\"2b557989cda\">\n\t\t\t\t\n\t\t\t\t\n\t\t\t\t<div class=\"dslc-modules-section-wrapper dslc-clearfix\"><div class=\"dslc-modules-area dslc-col dslc-1-col dslc-first-col dslc-valign-undefined \" data-size=\"1\" data-valign=\"undefined\"><\/div><div class=\"dslc-modules-area dslc-col dslc-10-col  dslc-valign- \" data-size=\"10\" data-valign=\"\">\n\t\t<div id=\"dslc-module-a7d04abcf7f\" class=\"dslc-module-front dslc-module-DSLC_TP_Thumbnail dslc-in-viewport-check dslc-in-viewport-anim-none  dslc-col dslc-12-col dslc-last-col  dslc-module-handle-like-regular \" data-module-id=\"a7d04abcf7f\" data-module=\"DSLC_TP_Thumbnail\" data-dslc-module-size=\"12\" data-dslc-anim=\"none\" data-dslc-anim-delay=\"\" data-dslc-anim-duration=\"650\"  data-dslc-anim-easing=\"ease\" data-dslc-preset=\"none\" >\n\n\t\t\t\n\t\t\t\n\t\t\r\n\t\t\t<div class=\"dslc-tp-thumbnail\">\r\n\t\t\t\t\t\t\t\t\t\t\t\t\t\t\t<img width=\"1080\" height=\"781\" src=\"https:\/\/www.coopatrigo.com.br\/novo\/wp-content\/uploads\/2025\/02\/Convite-Recortado.jpg\" class=\"attachment-full size-full wp-post-image\" alt=\"\" title=\"Convite Recortado\" srcset=\"https:\/\/www.coopatrigo.com.br\/novo\/wp-content\/uploads\/2025\/02\/Convite-Recortado.jpg 1080w, https:\/\/www.coopatrigo.com.br\/novo\/wp-content\/uploads\/2025\/02\/Convite-Recortado-300x217.jpg 300w, https:\/\/www.coopatrigo.com.br\/novo\/wp-content\/uploads\/2025\/02\/Convite-Recortado-1024x741.jpg 1024w, https:\/\/www.coopatrigo.com.br\/novo\/wp-content\/uploads\/2025\/02\/Convite-Recortado-768x555.jpg 768w\" sizes=\"(max-width: 1080px) 100vw, 1080px\" \/>\t\t\t\t\t\t\t\t\t\t\t\t<\/div>\r\n\r\n\t\t\r\n\t\t\n\t\t\t\t<\/div><!-- .dslc-module -->\n\t\t\n\t\t<div id=\"dslc-module-26\" class=\"dslc-module-front dslc-module-DSLC_TP_Content dslc-in-viewport-check dslc-in-viewport-anim-none  dslc-col dslc-12-col dslc-last-col  dslc-module-handle-like-regular \" data-module-id=\"26\" data-module=\"DSLC_TP_Content\" data-dslc-module-size=\"12\" data-dslc-anim=\"none\" data-dslc-anim-delay=\"\" data-dslc-anim-duration=\"650\"  data-dslc-anim-easing=\"ease\" data-dslc-preset=\"none\" >\n\n\t\t\t\n\t\t\t\n\t\t<div class=\"dslc-tp-content\"><div id=\"dslc-theme-content\"><div id=\"dslc-theme-content-inner\"><p>Na pr\u00f3xima semana a Coopatrigo vai iniciar o seu tradicional processo de presta\u00e7\u00e3o de contas aos associados, aonde a Diretoria vai at\u00e9 cada uma de suas Regionais e apresenta sua movimenta\u00e7\u00e3o cont\u00e1beis de 2024 aos seus associados, destacando ainda investimentos realizados e as destina\u00e7\u00f5es do \u201cresultado\u201d apresentado no exerc\u00edcio.<\/p>\n<p>As reuni\u00f5es deste ano tamb\u00e9m marcam o encerramento do mandato da atual Diretoria e a forma\u00e7\u00e3o da Chapa da Lideran\u00e7a que ser\u00e1 apresentada na Assembleia Geral para novo mandato de 4 anos na Coopatrigo, a qual est\u00e1 programada para ser realizada no dia 07 de mar\u00e7o.<\/p>\n<p>Este vai ser o roteiro das Reuni\u00f5es Regionais da Coopatrigo:<\/p>\n<p>18\/02\/2025 &#8211; 10:30 hs\u00a0\u00a0\u00a0\u00a0 Garruchos \u00a0\u2013 Sal\u00e3o Comunit\u00e1rio S\u00e3o Jos\u00e9 Velho<\/p>\n<p>19\/02\/2025 &#8211; 10:30 hs\u00a0\u00a0\u00a0\u00a0 Bossoroca \u2013 Sal\u00e3o Paroquial<\/p>\n<p>19\/02\/2023 &#8211; 19:30 hs\u00a0\u00a0\u00a0\u00a0 S. Ant\u00f4nio\/S\u00e3o Jos\u00e9\/S\u00e3o Borja \u2013 STR S. Ant\u00f4nio<\/p>\n<p>20\/02\/2025 &#8211; 15:30 hs\u00a0\u00a0\u00a0\u00a0 Cap\u00e3o do Cipo \u2013 Sal\u00e3o do Nezito<\/p>\n<p>20\/02\/2025 &#8211; 19:30 hs\u00a0\u00a0\u00a0\u00a0 Santiago \u2013 CTG Os Tropeiros<\/p>\n<p>24\/02\/2025 &#8211; 10:30 hs\u00a0\u00a0\u00a0\u00a0 S\u00e3o Nicolau \u2013 Sal\u00e3o Terceira Idade<\/p>\n<p>24\/02\/2025 &#8211; 19:30 hs\u00a0\u00a0\u00a0\u00a0 R.Gonzales\/D.Novembro\/R.Vermelho \u2013 Sal\u00e3o Terceira Idade<\/p>\n<p>25\/02\/2025 &#8211; 10:30 hs\u00a0\u00a0\u00a0\u00a0 Pirap\u00f3 \u2013 Sal\u00e3o Paroquial<\/p>\n<p>26\/02\/2025 &#8211; 10:30 hs\u00a0\u00a0\u00a0\u00a0 Caibat\u00e9\/M. Queimado\/V. Alegre &#8211; Afucer<\/p>\n<p>26\/02\/2025 &#8211; 19:30 hs\u00a0\u00a0\u00a0\u00a0 Rolador \u2013 Sal\u00e3o Paroquial<\/p>\n<p>27\/02\/2025 &#8211; 19:30 hs\u00a0 \u00a0\u00a0\u00a0S\u00e3o Luiz Gonzaga\/S. Louren\u00e7o \u2013 AFCoopatrigo<\/p>\n<p>A Diretoria da Coopatrigo convoca seus associados para que participem destes encontros, fa\u00e7am seus questionamentos e tirem as suas d\u00favidas e contribuam para o fortalecimento da Coopatrigo.<\/p>\n<p>&nbsp;<\/p>\n<p>Assessoria de Comunica\u00e7\u00e3o e Marketing<\/p>\n<\/div><\/div><\/div>\n\t\t\t\t<\/div><!-- .dslc-module -->\n\t\t<\/div><\/div><\/div><\/div><input type=\"hidden\" id=\"dslca-post-data-thumb\" value=\"https:\/\/www.coopatrigo.com.br\/novo\/wp-content\/uploads\/2025\/02\/Convite-Recortado.jpg\" \/>","protected":false},"excerpt":{"rendered":"<p>Coopatrigo inicia roteiro de Reuni\u00f5es Regionais 13 de fevereiro de 2025 Na pr\u00f3xima semana a Coopatrigo vai iniciar o seu tradicional processo de presta\u00e7\u00e3o de contas aos associados, aonde a Diretoria vai at\u00e9 cada uma de suas Regionais e apresenta sua movimenta\u00e7\u00e3o cont\u00e1beis de 2024 aos seus associados, destacando ainda investimentos realizados e as destina\u00e7\u00f5es [&hellip;]<\/p>\n","protected":false},"author":5,"featured_media":48178,"comment_status":"open","ping_status":"open","sticky":false,"template":"","format":"standard","meta":{"_acf_changed":false,"footnotes":""},"categories":[1],"tags":[],"class_list":["post-48174","post","type-post","status-publish","format-standard","has-post-thumbnail","hentry","category-noticias"],"acf":[],"_links":{"self":[{"href":"https:\/\/www.coopatrigo.com.br\/novo\/wp-json\/wp\/v2\/posts\/48174","targetHints":{"allow":["GET"]}}],"collection":[{"href":"https:\/\/www.coopatrigo.com.br\/novo\/wp-json\/wp\/v2\/posts"}],"about":[{"href":"https:\/\/www.coopatrigo.com.br\/novo\/wp-json\/wp\/v2\/types\/post"}],"author":[{"embeddable":true,"href":"https:\/\/www.coopatrigo.com.br\/novo\/wp-json\/wp\/v2\/users\/5"}],"replies":[{"embeddable":true,"href":"https:\/\/www.coopatrigo.com.br\/novo\/wp-json\/wp\/v2\/comments?post=48174"}],"version-history":[{"count":0,"href":"https:\/\/www.coopatrigo.com.br\/novo\/wp-json\/wp\/v2\/posts\/48174\/revisions"}],"wp:featuredmedia":[{"embeddable":true,"href":"https:\/\/www.coopatrigo.com.br\/novo\/wp-json\/wp\/v2\/media\/48178"}],"wp:attachment":[{"href":"https:\/\/www.coopatrigo.com.br\/novo\/wp-json\/wp\/v2\/media?parent=48174"}],"wp:term":[{"taxonomy":"category","embeddable":true,"href":"https:\/\/www.coopatrigo.com.br\/novo\/wp-json\/wp\/v2\/categories?post=48174"},{"taxonomy":"post_tag","embeddable":true,"href":"https:\/\/www.coopatrigo.com.br\/novo\/wp-json\/wp\/v2\/tags?post=48174"}],"curies":[{"name":"wp","href":"https:\/\/api.w.org\/{rel}","templated":true}]}}