{"id":48298,"date":"2025-02-19T17:28:43","date_gmt":"2025-02-19T20:28:43","guid":{"rendered":"https:\/\/www.coopatrigo.com.br\/novo\/?p=48298"},"modified":"2025-02-19T17:32:56","modified_gmt":"2025-02-19T20:32:56","slug":"coopatrigo-publica-edital-da-assembleia-geral-ordinaria","status":"publish","type":"post","link":"https:\/\/www.coopatrigo.com.br\/novo\/2025\/02\/19\/coopatrigo-publica-edital-da-assembleia-geral-ordinaria\/","title":{"rendered":"Coopatrigo publica Edital da Assembleia Geral Ordin\u00e1ria"},"content":{"rendered":"<div id=\"dslc-theme-content\"><div id=\"dslc-theme-content-inner\"><p>Est\u00e1 sendo divulgado nesta quarta-feira, dia 19 de fevereiro, no Jornal Missioneiro de S\u00e3o Luiz Gonzaga, o Edital de Convoca\u00e7\u00e3o para a Assembleia Geral Ordin\u00e1ria da Coopatrigo que ser\u00e1 realizada no dia 07 de mar\u00e7o na Associa\u00e7\u00e3o dos Funcion\u00e1rios da Coopatrigo.<\/p>\n<p>Al\u00e9m da parte cont\u00e1bil, apresenta\u00e7\u00e3o do Balan\u00e7o, Pareceres da Audit\u00f3ria Externa e Conselho Fiscal e Destina\u00e7\u00e3o das Sobras, a Assembleia da Coopatrigo deste ano prev\u00ea a elei\u00e7\u00e3o da Diretoria e Conselho de Administra\u00e7\u00e3o para o pr\u00f3ximo mandato 2025\/2028.<\/p>\n<p>Neste sentido, a Assembleia tem a sua terceira convoca\u00e7\u00e3o a partir das 09h, quando inicia o regime de vota\u00e7\u00e3o em todas as Unidades da Coopatrigo, independente se houve Chapa \u00danica ou mais Chapas concorrendo, vota\u00e7\u00e3o que se estender\u00e1 at\u00e9 as 12h.<\/p>\n<p>A Chapa da Lideran\u00e7a est\u00e1 sendo montada durante as Reuni\u00f5es Regionais que est\u00e3o ocorrendo desde o dia 18 de fevereiro, sendo que as inscri\u00e7\u00f5es de chapas para a elei\u00e7\u00e3o da Coopatrigo devem ocorrer at\u00e9 o dia 28 de fevereiro para obedecer ao prazo de 5 dias antes da Assembleia Geral Ordin\u00e1ria para homologa\u00e7\u00e3o das candidaturas.<\/p>\n<p>Abaixo o Edital da AGO Coopatrigo, que tamb\u00e9m est\u00e1 fixado para conhecimento dos associados em todas as Unidades Coopatrigo:<\/p>\n<p><a href=\"https:\/\/www.coopatrigo.com.br\/novo\/wp-content\/uploads\/2025\/02\/EDITAL-AGO-2025-Ordinaria-Assinado.pdf\">EDITAL AGO 2025 Ordin\u00e1ria Assinado<\/a><\/p>\n<p>Assessoria de Comunica\u00e7\u00e3o e Marketing<\/p>\n<\/div><\/div>","protected":false},"excerpt":{"rendered":"<p>Est\u00e1 sendo divulgado nesta quarta-feira, dia 19 de fevereiro, no Jornal Missioneiro de S\u00e3o Luiz Gonzaga, o Edital de Convoca\u00e7\u00e3o para a Assembleia Geral Ordin\u00e1ria da Coopatrigo que ser\u00e1 realizada no dia 07 de mar\u00e7o na Associa\u00e7\u00e3o dos Funcion\u00e1rios da Coopatrigo. Al\u00e9m da parte cont\u00e1bil, apresenta\u00e7\u00e3o do Balan\u00e7o, Pareceres da Audit\u00f3ria Externa e Conselho Fiscal [&hellip;]<\/p>\n","protected":false},"author":5,"featured_media":48299,"comment_status":"open","ping_status":"open","sticky":false,"template":"","format":"standard","meta":{"_acf_changed":false,"footnotes":""},"categories":[1],"tags":[],"class_list":["post-48298","post","type-post","status-publish","format-standard","has-post-thumbnail","hentry","category-noticias"],"acf":[],"_links":{"self":[{"href":"https:\/\/www.coopatrigo.com.br\/novo\/wp-json\/wp\/v2\/posts\/48298","targetHints":{"allow":["GET"]}}],"collection":[{"href":"https:\/\/www.coopatrigo.com.br\/novo\/wp-json\/wp\/v2\/posts"}],"about":[{"href":"https:\/\/www.coopatrigo.com.br\/novo\/wp-json\/wp\/v2\/types\/post"}],"author":[{"embeddable":true,"href":"https:\/\/www.coopatrigo.com.br\/novo\/wp-json\/wp\/v2\/users\/5"}],"replies":[{"embeddable":true,"href":"https:\/\/www.coopatrigo.com.br\/novo\/wp-json\/wp\/v2\/comments?post=48298"}],"version-history":[{"count":0,"href":"https:\/\/www.coopatrigo.com.br\/novo\/wp-json\/wp\/v2\/posts\/48298\/revisions"}],"wp:featuredmedia":[{"embeddable":true,"href":"https:\/\/www.coopatrigo.com.br\/novo\/wp-json\/wp\/v2\/media\/48299"}],"wp:attachment":[{"href":"https:\/\/www.coopatrigo.com.br\/novo\/wp-json\/wp\/v2\/media?parent=48298"}],"wp:term":[{"taxonomy":"category","embeddable":true,"href":"https:\/\/www.coopatrigo.com.br\/novo\/wp-json\/wp\/v2\/categories?post=48298"},{"taxonomy":"post_tag","embeddable":true,"href":"https:\/\/www.coopatrigo.com.br\/novo\/wp-json\/wp\/v2\/tags?post=48298"}],"curies":[{"name":"wp","href":"https:\/\/api.w.org\/{rel}","templated":true}]}}