{"id":48466,"date":"2025-03-03T11:34:01","date_gmt":"2025-03-03T14:34:01","guid":{"rendered":"https:\/\/www.coopatrigo.com.br\/novo\/?p=48466"},"modified":"2025-03-03T11:34:01","modified_gmt":"2025-03-03T14:34:01","slug":"somente-chapa-da-lideranca-se-habilita-para-as-eleicoes-na-coopatrigo","status":"publish","type":"post","link":"https:\/\/www.coopatrigo.com.br\/novo\/2025\/03\/03\/somente-chapa-da-lideranca-se-habilita-para-as-eleicoes-na-coopatrigo\/","title":{"rendered":"Somente Chapa da Lideran\u00e7a se habilita para as elei\u00e7\u00f5es na Coopatrigo"},"content":{"rendered":"<div id=\"dslc-theme-content\"><div id=\"dslc-theme-content-inner\"><p>Na sexta-feira encerrou o prazo para o registro de chapas interessadas nas elei\u00e7\u00f5es na Coopatrigo e somente a Chapa da Lideran\u00e7a foi protocolada e desta forma Chapa \u00danica ser\u00e1 submetida aos associados na Assembleia Geral Ordin\u00e1ria, marcada para o dia 07 de mar\u00e7o.<\/p>\n<p>O registro da Chapa da Lideran\u00e7a foi efetuado pelo Presidente do Conselho Central de Representantes, Rodrigo Da Ros juntamente com os candidatos a Presidente e Vice-presidente, Paulo Pires e Marcos Pilecco, os quais foram escolhidos por unanimidade em todas as Reuni\u00f5es Regionais, juntamente com os dois nomes de cada Regional para o Conselho de Administra\u00e7\u00e3o e tamb\u00e9m a defini\u00e7\u00e3o da Chapa do Conselho Fiscal.<\/p>\n<p>No dia 07 de mar\u00e7o a Assembleia Geral Ordin\u00e1ria ser\u00e1 aberta as 09h, permanecendo em regime de vota\u00e7\u00e3o em todas as Unidades da Coopatrigo at\u00e9 as 12h e a partir das 13h30min a AGO ser\u00e1 retomada na Associa\u00e7\u00e3o dos Funcion\u00e1rios da Coopatrigo para a aprecia\u00e7\u00e3o dos itens de convoca\u00e7\u00e3o.<\/p>\n<p>&nbsp;<\/p>\n<p>Assessoria de Comunica\u00e7\u00e3o e Marketing<\/p>\n<\/div><\/div>","protected":false},"excerpt":{"rendered":"<p>Na sexta-feira encerrou o prazo para o registro de chapas interessadas nas elei\u00e7\u00f5es na Coopatrigo e somente a Chapa da Lideran\u00e7a foi protocolada e desta forma Chapa \u00danica ser\u00e1 submetida aos associados na Assembleia Geral Ordin\u00e1ria, marcada para o dia 07 de mar\u00e7o. O registro da Chapa da Lideran\u00e7a foi efetuado pelo Presidente do Conselho [&hellip;]<\/p>\n","protected":false},"author":5,"featured_media":48467,"comment_status":"open","ping_status":"open","sticky":false,"template":"","format":"standard","meta":{"_acf_changed":false,"footnotes":""},"categories":[1],"tags":[],"class_list":["post-48466","post","type-post","status-publish","format-standard","has-post-thumbnail","hentry","category-noticias"],"acf":[],"_links":{"self":[{"href":"https:\/\/www.coopatrigo.com.br\/novo\/wp-json\/wp\/v2\/posts\/48466","targetHints":{"allow":["GET"]}}],"collection":[{"href":"https:\/\/www.coopatrigo.com.br\/novo\/wp-json\/wp\/v2\/posts"}],"about":[{"href":"https:\/\/www.coopatrigo.com.br\/novo\/wp-json\/wp\/v2\/types\/post"}],"author":[{"embeddable":true,"href":"https:\/\/www.coopatrigo.com.br\/novo\/wp-json\/wp\/v2\/users\/5"}],"replies":[{"embeddable":true,"href":"https:\/\/www.coopatrigo.com.br\/novo\/wp-json\/wp\/v2\/comments?post=48466"}],"version-history":[{"count":0,"href":"https:\/\/www.coopatrigo.com.br\/novo\/wp-json\/wp\/v2\/posts\/48466\/revisions"}],"wp:featuredmedia":[{"embeddable":true,"href":"https:\/\/www.coopatrigo.com.br\/novo\/wp-json\/wp\/v2\/media\/48467"}],"wp:attachment":[{"href":"https:\/\/www.coopatrigo.com.br\/novo\/wp-json\/wp\/v2\/media?parent=48466"}],"wp:term":[{"taxonomy":"category","embeddable":true,"href":"https:\/\/www.coopatrigo.com.br\/novo\/wp-json\/wp\/v2\/categories?post=48466"},{"taxonomy":"post_tag","embeddable":true,"href":"https:\/\/www.coopatrigo.com.br\/novo\/wp-json\/wp\/v2\/tags?post=48466"}],"curies":[{"name":"wp","href":"https:\/\/api.w.org\/{rel}","templated":true}]}}