{"id":48486,"date":"2025-03-05T10:33:47","date_gmt":"2025-03-05T13:33:47","guid":{"rendered":"https:\/\/www.coopatrigo.com.br\/novo\/?p=48486"},"modified":"2025-03-05T10:33:47","modified_gmt":"2025-03-05T13:33:47","slug":"paulo-pires-e-a-coopatrigo-uma-trajetoria-de-crescimento-gestao-e-cooperativismo","status":"publish","type":"post","link":"https:\/\/www.coopatrigo.com.br\/novo\/2025\/03\/05\/paulo-pires-e-a-coopatrigo-uma-trajetoria-de-crescimento-gestao-e-cooperativismo\/","title":{"rendered":"Paulo Pires e a COOPATRIGO: Uma trajet\u00f3ria de crescimento, gest\u00e3o e cooperativismo"},"content":{"rendered":"<div id=\"dslc-main\">\n\t\t<div  class=\"dslc-modules-section \" style=\"padding-bottom:30px;padding-top:30px;background-color:#16452c;background-image:url(https:\/\/www.coopatrigo.com.br\/novo\/wp-content\/uploads\/2021\/02\/bg.png);background-position:center center;\" data-section-id=\"74a23622ed4\">\n\t\t\t\t\n\t\t\t\t\n\t\t\t\t<div class=\"dslc-modules-section-wrapper dslc-clearfix\"><div class=\"dslc-modules-area dslc-col dslc-12-col dslc-last-col dslc-valign- \" data-size=\"12\" data-valign=\"\">\n\t\t<div id=\"dslc-module-24\" class=\"dslc-module-front dslc-module-DSLC_TP_Title dslc-in-viewport-check dslc-in-viewport-anim-none  dslc-col dslc-12-col dslc-last-col  dslc-module-handle-like-regular \" data-module-id=\"24\" data-module=\"DSLC_TP_Title\" data-dslc-module-size=\"12\" data-dslc-anim=\"none\" data-dslc-anim-delay=\"\" data-dslc-anim-duration=\"650\"  data-dslc-anim-easing=\"ease\" data-dslc-preset=\"none\" >\n\n\t\t\t\n\t\t\t\n\t\t\r\n\t\t\t\t<div class=\"dslc-tp-title\"><h1>Paulo Pires e a COOPATRIGO: Uma trajet\u00f3ria de crescimento, gest\u00e3o e cooperativismo<\/h1><\/div>\r\n\r\n\t\t\t\n\t\t\t\t<\/div><!-- .dslc-module -->\n\t\t\n\t\t<div id=\"dslc-module-25\" class=\"dslc-module-front dslc-module-DSLC_TP_Meta dslc-in-viewport-check dslc-in-viewport-anim-none  dslc-col dslc-12-col dslc-last-col  dslc-module-handle-like-regular \" data-module-id=\"25\" data-module=\"DSLC_TP_Meta\" data-dslc-module-size=\"12\" data-dslc-anim=\"none\" data-dslc-anim-delay=\"\" data-dslc-anim-duration=\"650\"  data-dslc-anim-easing=\"ease\" data-dslc-preset=\"none\" >\n\n\t\t\t\n\t\t\t\n\t\t\r\n\t\t\t\t<div class=\"dslc-tp-meta dslc-tp-meta-horizontal\">\r\n\t\t\t\t\t<ul class=\"dslc-clearfix\">\r\n\r\n\t\t\t\t\t\t\t\t\t\t\t\t\t<li>5 de mar\u00e7o de 2025<\/li>\r\n\t\t\t\t\t\t\r\n\t\t\t\t\t\t\r\n\t\t\t\t\t\t\r\n\t\t\t\t\t\t\r\n\t\t\t\t\t\t\r\n\t\t\t\t\t<\/ul>\r\n\t\t\t\t<\/div>\r\n\r\n\t\t\t\n\t\t\t\t<\/div><!-- .dslc-module -->\n\t\t<\/div><\/div><\/div>\n\t\t<div  class=\"dslc-modules-section \" style=\"padding-bottom:30px;padding-top:30px;background-color:rgba(230, 230, 230, 0);border-color:rgb(230, 230, 230);border-top-style: hidden; border-right-style: hidden; border-bottom-style: hidden; border-left-style: hidden; \" data-section-id=\"2b557989cda\">\n\t\t\t\t\n\t\t\t\t\n\t\t\t\t<div class=\"dslc-modules-section-wrapper dslc-clearfix\"><div class=\"dslc-modules-area dslc-col dslc-1-col dslc-first-col dslc-valign-undefined \" data-size=\"1\" data-valign=\"undefined\"><\/div><div class=\"dslc-modules-area dslc-col dslc-10-col  dslc-valign- \" data-size=\"10\" data-valign=\"\">\n\t\t<div id=\"dslc-module-a7d04abcf7f\" class=\"dslc-module-front dslc-module-DSLC_TP_Thumbnail dslc-in-viewport-check dslc-in-viewport-anim-none  dslc-col dslc-12-col dslc-last-col  dslc-module-handle-like-regular \" data-module-id=\"a7d04abcf7f\" data-module=\"DSLC_TP_Thumbnail\" data-dslc-module-size=\"12\" data-dslc-anim=\"none\" data-dslc-anim-delay=\"\" data-dslc-anim-duration=\"650\"  data-dslc-anim-easing=\"ease\" data-dslc-preset=\"none\" >\n\n\t\t\t\n\t\t\t\n\t\t\r\n\t\t\t<div class=\"dslc-tp-thumbnail\">\r\n\t\t\t\t\t\t\t\t\t\t\t\t\t\t\t<img width=\"1368\" height=\"936\" src=\"https:\/\/www.coopatrigo.com.br\/novo\/wp-content\/uploads\/2025\/03\/Fala-Presidente-8.jpg\" class=\"attachment-full size-full wp-post-image\" alt=\"\" title=\"Fala Presidente 8\" srcset=\"https:\/\/www.coopatrigo.com.br\/novo\/wp-content\/uploads\/2025\/03\/Fala-Presidente-8.jpg 1368w, https:\/\/www.coopatrigo.com.br\/novo\/wp-content\/uploads\/2025\/03\/Fala-Presidente-8-300x205.jpg 300w, https:\/\/www.coopatrigo.com.br\/novo\/wp-content\/uploads\/2025\/03\/Fala-Presidente-8-1024x701.jpg 1024w, https:\/\/www.coopatrigo.com.br\/novo\/wp-content\/uploads\/2025\/03\/Fala-Presidente-8-768x525.jpg 768w\" sizes=\"(max-width: 1368px) 100vw, 1368px\" \/>\t\t\t\t\t\t\t\t\t\t\t\t<\/div>\r\n\r\n\t\t\r\n\t\t\n\t\t\t\t<\/div><!-- .dslc-module -->\n\t\t\n\t\t<div id=\"dslc-module-26\" class=\"dslc-module-front dslc-module-DSLC_TP_Content dslc-in-viewport-check dslc-in-viewport-anim-none  dslc-col dslc-12-col dslc-last-col  dslc-module-handle-like-regular \" data-module-id=\"26\" data-module=\"DSLC_TP_Content\" data-dslc-module-size=\"12\" data-dslc-anim=\"none\" data-dslc-anim-delay=\"\" data-dslc-anim-duration=\"650\"  data-dslc-anim-easing=\"ease\" data-dslc-preset=\"none\" >\n\n\t\t\t\n\t\t\t\n\t\t<div class=\"dslc-tp-content\"><div id=\"dslc-theme-content\"><div id=\"dslc-theme-content-inner\"><p>A trajet\u00f3ria do <strong>presidente Paulo Cezar Vieira Pires, <\/strong>na COOPATRIGO reflete uma rela\u00e7\u00e3o constru\u00edda ao longo de d\u00e9cadas, consolidada por desafios e conquistas no cooperativismo. Com uma hist\u00f3ria iniciada como estagi\u00e1rio na organiza\u00e7\u00e3o, sob a orienta\u00e7\u00e3o de Jo\u00e3o Luiz Pilon, profissional com vasta experi\u00eancia na entidade, Paulo Pires foi moldando sua carreira at\u00e9 alcan\u00e7ar posi\u00e7\u00f5es estrat\u00e9gicas dentro da cooperativa.<\/p>\n<p>Ap\u00f3s sua forma\u00e7\u00e3o acad\u00eamica, Paulo Pires teve passagem pela multinacional, Bayer, onde desenvolveu habilidades comerciais fundamentais para sua atua\u00e7\u00e3o posterior na COOPATRIGO. Durante esse per\u00edodo, mesmo estando em outra empresa, manteve forte v\u00ednculo com a cooperativa, o que refor\u00e7ou sua identidade profissional associada \u00e0 institui\u00e7\u00e3o.<\/p>\n<p>O ingresso definitivo na COOPATRIGO ocorreu com a assun\u00e7\u00e3o de cargos gerenciais, inicialmente como gerente de consumo e veterin\u00e1rio, quando ainda existia a integra\u00e7\u00e3o entre esses setores dentro da estrutura da cooperativa. Posteriormente, com a evolu\u00e7\u00e3o interna da entidade, tornou-se gerente comercial, passando a atuar diretamente na origina\u00e7\u00e3o e comercializa\u00e7\u00e3o de gr\u00e3os. Essa experi\u00eancia t\u00e9cnica e administrativa foi determinante para sua ascens\u00e3o ao cargo de diretor e, posteriormente, \u00e0 presid\u00eancia.<\/p>\n<p>A primeira oportunidade de lideran\u00e7a na COOPATRIGO surgiu em um contexto de crise, per\u00edodo em que a cooperativa enfrentava dificuldades econ\u00f4micas significativas. Em 1998, ao lado de Ivo Batista, Paulo assumiu a vice-presid\u00eancia da entidade quando esta se encontrava em uma situa\u00e7\u00e3o desafiadora. &#8220;Assumimos a COOPATRIGO praticamente no fundo do po\u00e7o&#8221;, relembra o presidente. A gest\u00e3o, implementada, naquele momento teve como pilares a ado\u00e7\u00e3o de pol\u00edticas p\u00fablicas espec\u00edficas e a renova\u00e7\u00e3o da confian\u00e7a entre os cooperados, estrat\u00e9gias que foram essenciais para a recupera\u00e7\u00e3o da organiza\u00e7\u00e3o.<\/p>\n<p>Nos \u00faltimos anos, Paulo acumulou sua atua\u00e7\u00e3o entre a presid\u00eancia da COOPATRIGO e a presid\u00eancia da Federa\u00e7\u00e3o das Cooperativas Agropecu\u00e1rias do Estado do Rio Grande do Sul (FecoAgro\/RS), sempre mantendo sua dedica\u00e7\u00e3o ao cooperativismo. Mesmo diante de convites para ingressar na pol\u00edtica municipal, optou por continuar sua trajet\u00f3ria no setor, justificando sua escolha pelo compromisso com a gest\u00e3o eficiente e o desenvolvimento da cooperativa. &#8220;Eu sempre defendi que a pol\u00edtica tem que se fazer pela gest\u00e3o&#8221;, afirma Pires, destacando que, para ele, a administra\u00e7\u00e3o p\u00fablica deveria seguir o mesmo princ\u00edpio da gest\u00e3o cooperativa: resultados concretos e sustent\u00e1veis.<\/p>\n<p>Sob sua lideran\u00e7a, a COOPATRIGO experimentou um crescimento expressivo. Em 1998, a cooperativa faturava R$ 27 milh\u00f5es anuais. Hoje, esse n\u00famero alcan\u00e7a R$ 2,45 bilh\u00f5es, um avan\u00e7o que tamb\u00e9m se refletiu no aumento do quadro de funcion\u00e1rios, passando de 80 para 900 colaboradores. A expans\u00e3o da atua\u00e7\u00e3o da cooperativa em novos munic\u00edpios e o impacto socioecon\u00f4mico gerado foram aspectos marcantes desse per\u00edodo.<\/p>\n<p>Com a proximidade de uma nova elei\u00e7\u00e3o para a presid\u00eancia da COOPATRIGO, Paulo Pires enfrenta o desafio de superar os pr\u00f3prios n\u00fameros e manter a solidez da entidade em um cen\u00e1rio de instabilidade clim\u00e1tica e econ\u00f4mica. &#8220;O grande desafio \u00e9 superar essas adversidades clim\u00e1ticas e o momento econ\u00f4mico em que o Brasil se encontra hoje&#8221;, analisa Paulo. As adversidades enfrentadas pelo setor agropecu\u00e1rio, aliadas \u00e0 alta taxa de juros e \u00e0 necessidade de estrat\u00e9gias para minimizar impactos negativos aos produtores, representam pontos centrais para a continuidade do desenvolvimento da cooperativa.<\/p>\n<p>O futuro da COOPATRIGO, segundo Paulo, depende da capacidade de adapta\u00e7\u00e3o e converg\u00eancia entre os cooperados, tal como ocorreu na funda\u00e7\u00e3o da entidade em 1957, quando um grupo de 11 produtores se uniu para garantir competitividade comercial e estrutura adequada para armazenamento da produ\u00e7\u00e3o. A manuten\u00e7\u00e3o desse esp\u00edrito coletivo e a busca por solu\u00e7\u00f5es inovadoras ser\u00e3o determinantes para os pr\u00f3ximos anos da cooperativa.<\/p>\n<p>A trajet\u00f3ria de Paulo Pires reafirma a import\u00e2ncia da gest\u00e3o eficiente e da coopera\u00e7\u00e3o para o fortalecimento do setor agr\u00edcola, consolidando a COOPATRIGO como um dos principais pilares do desenvolvimento regional. Com o avan\u00e7o do cooperativismo e a necessidade de estrat\u00e9gias assertivas, a entidade se prepara para mais um ciclo de desafios e oportunidades, mantendo o compromisso com seus associados e com o crescimento sustent\u00e1vel da produ\u00e7\u00e3o agropecu\u00e1ria.<\/p>\n<p>Por Evelise Oliveira e Luiz Oneide \u2013 Projeto Fala Presidente Paulo Pires<\/p>\n<p>Acompanhe abaixo o VT completo do Epis\u00f3dio 08:<\/p>\n<p><iframe title=\"FALA PRESIDENTE PAULO PIRES - Trajet\u00f3ria\" width=\"1180\" height=\"664\" src=\"https:\/\/www.youtube.com\/embed\/yVveq63FamM?feature=oembed\" frameborder=\"0\" allow=\"accelerometer; autoplay; clipboard-write; encrypted-media; gyroscope; picture-in-picture; web-share\" referrerpolicy=\"strict-origin-when-cross-origin\" allowfullscreen><\/iframe><\/p>\n<\/div><\/div><\/div>\n\t\t\t\t<\/div><!-- .dslc-module -->\n\t\t<\/div><\/div><\/div><\/div><input type=\"hidden\" id=\"dslca-post-data-thumb\" value=\"https:\/\/www.coopatrigo.com.br\/novo\/wp-content\/uploads\/2025\/03\/Fala-Presidente-8.jpg\" \/>","protected":false},"excerpt":{"rendered":"<p>Paulo Pires e a COOPATRIGO: Uma trajet\u00f3ria de crescimento, gest\u00e3o e cooperativismo 5 de mar\u00e7o de 2025 A trajet\u00f3ria do presidente Paulo Cezar Vieira Pires, na COOPATRIGO reflete uma rela\u00e7\u00e3o constru\u00edda ao longo de d\u00e9cadas, consolidada por desafios e conquistas no cooperativismo. Com uma hist\u00f3ria iniciada como estagi\u00e1rio na organiza\u00e7\u00e3o, sob a orienta\u00e7\u00e3o de Jo\u00e3o [&hellip;]<\/p>\n","protected":false},"author":5,"featured_media":48487,"comment_status":"open","ping_status":"open","sticky":false,"template":"","format":"standard","meta":{"_acf_changed":false,"footnotes":""},"categories":[1],"tags":[],"class_list":["post-48486","post","type-post","status-publish","format-standard","has-post-thumbnail","hentry","category-noticias"],"acf":[],"_links":{"self":[{"href":"https:\/\/www.coopatrigo.com.br\/novo\/wp-json\/wp\/v2\/posts\/48486","targetHints":{"allow":["GET"]}}],"collection":[{"href":"https:\/\/www.coopatrigo.com.br\/novo\/wp-json\/wp\/v2\/posts"}],"about":[{"href":"https:\/\/www.coopatrigo.com.br\/novo\/wp-json\/wp\/v2\/types\/post"}],"author":[{"embeddable":true,"href":"https:\/\/www.coopatrigo.com.br\/novo\/wp-json\/wp\/v2\/users\/5"}],"replies":[{"embeddable":true,"href":"https:\/\/www.coopatrigo.com.br\/novo\/wp-json\/wp\/v2\/comments?post=48486"}],"version-history":[{"count":0,"href":"https:\/\/www.coopatrigo.com.br\/novo\/wp-json\/wp\/v2\/posts\/48486\/revisions"}],"wp:featuredmedia":[{"embeddable":true,"href":"https:\/\/www.coopatrigo.com.br\/novo\/wp-json\/wp\/v2\/media\/48487"}],"wp:attachment":[{"href":"https:\/\/www.coopatrigo.com.br\/novo\/wp-json\/wp\/v2\/media?parent=48486"}],"wp:term":[{"taxonomy":"category","embeddable":true,"href":"https:\/\/www.coopatrigo.com.br\/novo\/wp-json\/wp\/v2\/categories?post=48486"},{"taxonomy":"post_tag","embeddable":true,"href":"https:\/\/www.coopatrigo.com.br\/novo\/wp-json\/wp\/v2\/tags?post=48486"}],"curies":[{"name":"wp","href":"https:\/\/api.w.org\/{rel}","templated":true}]}}