{"id":48924,"date":"2025-04-03T10:41:30","date_gmt":"2025-04-03T13:41:30","guid":{"rendered":"https:\/\/www.coopatrigo.com.br\/novo\/?p=48924"},"modified":"2025-04-03T10:42:13","modified_gmt":"2025-04-03T13:42:13","slug":"coopatrigo-se-reune-com-a-comissao-da-expo-sao-luiz","status":"publish","type":"post","link":"https:\/\/www.coopatrigo.com.br\/novo\/2025\/04\/03\/coopatrigo-se-reune-com-a-comissao-da-expo-sao-luiz\/","title":{"rendered":"Coopatrigo esteve reunida com a Comiss\u00e3o da Expo S\u00e3o Luiz"},"content":{"rendered":"<div id=\"dslc-theme-content\"><div id=\"dslc-theme-content-inner\"><p>O Presidente da Coopatrigo Paulo Pires esteve recebendo na semana passada a visita da Comiss\u00e3o da Expo S\u00e3o Luiz 2025, evento que est\u00e1 confirmado para ser realizado de 1\u00b0 a 5 de outubro em S\u00e3o Luiz Gonzaga e que tem a Coopatrigo como uma das realizadoras.<\/p>\n<p>A Presidente Roberta Flores esteve acompanhada das integrantes da Comiss\u00e3o Central, Margarete Costa Beber, Marinete Mationi e Taciana Foleto.<\/p>\n<p>Na oportunidade o representante da Coopatrigo na Comiss\u00e3o Central, Bento Buttenbender relatou os encaminhamentos de programa\u00e7\u00e3o do Agroneg\u00f3cio que est\u00e3o sendo discutidos.<\/p>\n<p>O Presidente Paulo Pires por sua vez registou \u00e0 Comiss\u00e3o a sua preocupa\u00e7\u00e3o com o ano dif\u00edcil que est\u00e1 se encaminhando diante de mais uma frustra\u00e7\u00e3o de safra de soja na regi\u00e3o e por toda a conjuntura que envolve o agroneg\u00f3cio, mesmo assim a Coopatrigo est\u00e1 junto com as demais entidades na realiza\u00e7\u00e3o deste importante evento.<\/p>\n<p>A Presidente Roberta Flores disse que est\u00e1 otimista com os encaminhamentos que est\u00e3o sendo realizados at\u00e9 o momento e que acredita que a Expo S\u00e3o Luiz ser\u00e1 realizada com \u00eaxito, assim como todas as suas edi\u00e7\u00f5es.<\/p>\n<p>&nbsp;<\/p>\n<p>Assessoria de Comunica\u00e7\u00e3o e Marketing<\/p>\n<\/div><\/div>","protected":false},"excerpt":{"rendered":"<p>O Presidente da Coopatrigo Paulo Pires esteve recebendo na semana passada a visita da Comiss\u00e3o da Expo S\u00e3o Luiz 2025, evento que est\u00e1 confirmado para ser realizado de 1\u00b0 a 5 de outubro em S\u00e3o Luiz Gonzaga e que tem a Coopatrigo como uma das realizadoras. A Presidente Roberta Flores esteve acompanhada das integrantes da [&hellip;]<\/p>\n","protected":false},"author":5,"featured_media":48925,"comment_status":"open","ping_status":"open","sticky":false,"template":"","format":"standard","meta":{"_acf_changed":false,"footnotes":""},"categories":[1],"tags":[],"class_list":["post-48924","post","type-post","status-publish","format-standard","has-post-thumbnail","hentry","category-noticias"],"acf":[],"_links":{"self":[{"href":"https:\/\/www.coopatrigo.com.br\/novo\/wp-json\/wp\/v2\/posts\/48924","targetHints":{"allow":["GET"]}}],"collection":[{"href":"https:\/\/www.coopatrigo.com.br\/novo\/wp-json\/wp\/v2\/posts"}],"about":[{"href":"https:\/\/www.coopatrigo.com.br\/novo\/wp-json\/wp\/v2\/types\/post"}],"author":[{"embeddable":true,"href":"https:\/\/www.coopatrigo.com.br\/novo\/wp-json\/wp\/v2\/users\/5"}],"replies":[{"embeddable":true,"href":"https:\/\/www.coopatrigo.com.br\/novo\/wp-json\/wp\/v2\/comments?post=48924"}],"version-history":[{"count":0,"href":"https:\/\/www.coopatrigo.com.br\/novo\/wp-json\/wp\/v2\/posts\/48924\/revisions"}],"wp:featuredmedia":[{"embeddable":true,"href":"https:\/\/www.coopatrigo.com.br\/novo\/wp-json\/wp\/v2\/media\/48925"}],"wp:attachment":[{"href":"https:\/\/www.coopatrigo.com.br\/novo\/wp-json\/wp\/v2\/media?parent=48924"}],"wp:term":[{"taxonomy":"category","embeddable":true,"href":"https:\/\/www.coopatrigo.com.br\/novo\/wp-json\/wp\/v2\/categories?post=48924"},{"taxonomy":"post_tag","embeddable":true,"href":"https:\/\/www.coopatrigo.com.br\/novo\/wp-json\/wp\/v2\/tags?post=48924"}],"curies":[{"name":"wp","href":"https:\/\/api.w.org\/{rel}","templated":true}]}}