{"id":49111,"date":"2025-04-16T14:58:42","date_gmt":"2025-04-16T17:58:42","guid":{"rendered":"https:\/\/www.coopatrigo.com.br\/novo\/?p=49111"},"modified":"2025-04-16T14:58:42","modified_gmt":"2025-04-16T17:58:42","slug":"comitiva-gaucha-retorna-de-brasilia-sem-avancos-na-solucao-para-o-endividamento","status":"publish","type":"post","link":"https:\/\/www.coopatrigo.com.br\/novo\/2025\/04\/16\/comitiva-gaucha-retorna-de-brasilia-sem-avancos-na-solucao-para-o-endividamento\/","title":{"rendered":"Comitiva ga\u00facha retorna de Bras\u00edlia sem avan\u00e7os na solu\u00e7\u00e3o para o endividamento"},"content":{"rendered":"<div id=\"dslc-main\">\n\t\t<div  class=\"dslc-modules-section \" style=\"padding-bottom:30px;padding-top:30px;background-color:#16452c;background-image:url(https:\/\/www.coopatrigo.com.br\/novo\/wp-content\/uploads\/2021\/02\/bg.png);background-position:center center;\" data-section-id=\"74a23622ed4\">\n\t\t\t\t\n\t\t\t\t\n\t\t\t\t<div class=\"dslc-modules-section-wrapper dslc-clearfix\"><div class=\"dslc-modules-area dslc-col dslc-12-col dslc-last-col dslc-valign- \" data-size=\"12\" data-valign=\"\">\n\t\t<div id=\"dslc-module-24\" class=\"dslc-module-front dslc-module-DSLC_TP_Title dslc-in-viewport-check dslc-in-viewport-anim-none  dslc-col dslc-12-col dslc-last-col  dslc-module-handle-like-regular \" data-module-id=\"24\" data-module=\"DSLC_TP_Title\" data-dslc-module-size=\"12\" data-dslc-anim=\"none\" data-dslc-anim-delay=\"\" data-dslc-anim-duration=\"650\"  data-dslc-anim-easing=\"ease\" data-dslc-preset=\"none\" >\n\n\t\t\t\n\t\t\t\n\t\t\r\n\t\t\t\t<div class=\"dslc-tp-title\"><h1>Comitiva ga\u00facha retorna de Bras\u00edlia sem avan\u00e7os na solu\u00e7\u00e3o para o endividamento<\/h1><\/div>\r\n\r\n\t\t\t\n\t\t\t\t<\/div><!-- .dslc-module -->\n\t\t\n\t\t<div id=\"dslc-module-25\" class=\"dslc-module-front dslc-module-DSLC_TP_Meta dslc-in-viewport-check dslc-in-viewport-anim-none  dslc-col dslc-12-col dslc-last-col  dslc-module-handle-like-regular \" data-module-id=\"25\" data-module=\"DSLC_TP_Meta\" data-dslc-module-size=\"12\" data-dslc-anim=\"none\" data-dslc-anim-delay=\"\" data-dslc-anim-duration=\"650\"  data-dslc-anim-easing=\"ease\" data-dslc-preset=\"none\" >\n\n\t\t\t\n\t\t\t\n\t\t\r\n\t\t\t\t<div class=\"dslc-tp-meta dslc-tp-meta-horizontal\">\r\n\t\t\t\t\t<ul class=\"dslc-clearfix\">\r\n\r\n\t\t\t\t\t\t\t\t\t\t\t\t\t<li>16 de abril de 2025<\/li>\r\n\t\t\t\t\t\t\r\n\t\t\t\t\t\t\r\n\t\t\t\t\t\t\r\n\t\t\t\t\t\t\r\n\t\t\t\t\t\t\r\n\t\t\t\t\t<\/ul>\r\n\t\t\t\t<\/div>\r\n\r\n\t\t\t\n\t\t\t\t<\/div><!-- .dslc-module -->\n\t\t<\/div><\/div><\/div>\n\t\t<div  class=\"dslc-modules-section \" style=\"padding-bottom:30px;padding-top:30px;background-color:rgba(230, 230, 230, 0);border-color:rgb(230, 230, 230);border-top-style: hidden; border-right-style: hidden; border-bottom-style: hidden; border-left-style: hidden; \" data-section-id=\"2b557989cda\">\n\t\t\t\t\n\t\t\t\t\n\t\t\t\t<div class=\"dslc-modules-section-wrapper dslc-clearfix\"><div class=\"dslc-modules-area dslc-col dslc-1-col dslc-first-col dslc-valign-undefined \" data-size=\"1\" data-valign=\"undefined\"><\/div><div class=\"dslc-modules-area dslc-col dslc-10-col  dslc-valign- \" data-size=\"10\" data-valign=\"\">\n\t\t<div id=\"dslc-module-a7d04abcf7f\" class=\"dslc-module-front dslc-module-DSLC_TP_Thumbnail dslc-in-viewport-check dslc-in-viewport-anim-none  dslc-col dslc-12-col dslc-last-col  dslc-module-handle-like-regular \" data-module-id=\"a7d04abcf7f\" data-module=\"DSLC_TP_Thumbnail\" data-dslc-module-size=\"12\" data-dslc-anim=\"none\" data-dslc-anim-delay=\"\" data-dslc-anim-duration=\"650\"  data-dslc-anim-easing=\"ease\" data-dslc-preset=\"none\" >\n\n\t\t\t\n\t\t\t\n\t\t\r\n\t\t\t<div class=\"dslc-tp-thumbnail\">\r\n\t\t\t\t\t\t\t\t\t\t\t\t\t\t\t<img width=\"1080\" height=\"690\" src=\"https:\/\/www.coopatrigo.com.br\/novo\/wp-content\/uploads\/2025\/04\/ReuniaoentidadesdoagroeMinisteriodaFazenda-67fed2014e1fd.jpeg\" class=\"attachment-full size-full wp-post-image\" alt=\"\" title=\"Reuni\u00e3oentidadesdoagroeMinist\u00e9riodaFazenda-67fed2014e1fd\" srcset=\"https:\/\/www.coopatrigo.com.br\/novo\/wp-content\/uploads\/2025\/04\/ReuniaoentidadesdoagroeMinisteriodaFazenda-67fed2014e1fd.jpeg 1080w, https:\/\/www.coopatrigo.com.br\/novo\/wp-content\/uploads\/2025\/04\/ReuniaoentidadesdoagroeMinisteriodaFazenda-67fed2014e1fd-300x192.jpeg 300w, https:\/\/www.coopatrigo.com.br\/novo\/wp-content\/uploads\/2025\/04\/ReuniaoentidadesdoagroeMinisteriodaFazenda-67fed2014e1fd-1024x654.jpeg 1024w, https:\/\/www.coopatrigo.com.br\/novo\/wp-content\/uploads\/2025\/04\/ReuniaoentidadesdoagroeMinisteriodaFazenda-67fed2014e1fd-768x491.jpeg 768w\" sizes=\"(max-width: 1080px) 100vw, 1080px\" \/>\t\t\t\t\t\t\t\t\t\t\t\t<\/div>\r\n\r\n\t\t\r\n\t\t\n\t\t\t\t<\/div><!-- .dslc-module -->\n\t\t\n\t\t<div id=\"dslc-module-26\" class=\"dslc-module-front dslc-module-DSLC_TP_Content dslc-in-viewport-check dslc-in-viewport-anim-none  dslc-col dslc-12-col dslc-last-col  dslc-module-handle-like-regular \" data-module-id=\"26\" data-module=\"DSLC_TP_Content\" data-dslc-module-size=\"12\" data-dslc-anim=\"none\" data-dslc-anim-delay=\"\" data-dslc-anim-duration=\"650\"  data-dslc-anim-easing=\"ease\" data-dslc-preset=\"none\" >\n\n\t\t\t\n\t\t\t\n\t\t<div class=\"dslc-tp-content\"><div id=\"dslc-theme-content\"><div id=\"dslc-theme-content-inner\"><p>A Audi\u00eancia no Minist\u00e9rio da Fazenda realizada por uma Comitiva Ga\u00facha na \u00faltima ter\u00e7a-feira em Bras\u00edlia, tentando uma sensibiliza\u00e7\u00e3o e o an\u00fancio de medidas que possam ajudar os produtores do Rio Grande do Sul a superarem o momento de extrema dificuldade que passam, ocasionado pelas constantes frustra\u00e7\u00f5es de safra, n\u00e3o teve muitos avan\u00e7os, segundo informou o Presidente da Coopatrigo, Paulo Pires, que esteve presente no encontro tamb\u00e9m representando a Fecoagro.<\/p>\n<p>A frustra\u00e7\u00e3o da comitiva ga\u00facha j\u00e1 come\u00e7ou com a n\u00e3o presen\u00e7a do Ministro da Fazenda, Fernando Haddad, que momentos antes informou que n\u00e3o poderia participar em virtude de outros compromissos, nomeando o Secret\u00e1rio de Pol\u00edtica Econ\u00f4mica do Minist\u00e9rio da Fazenda. Guilherme Melo e a sua equipe para conversar com os representantes do Rio Grande do Sul que tinha al\u00e9m de Paulo Pires, o Senador Luiz Carlos Heinze, o Senador Hamilton Mour\u00e3o, o Deputado Federal Heitor Schuch, o Presidente da Farsul, Gede\u00e3o Pereira, o Presidente da Fetag, Carlos Joel da Silva, o Presidente da Aprosoja RS, Ireneu Orth, o Gerente Rela\u00e7\u00f5es Institucionais da Ocergs, Tarcisio Minetto e o Presidente da Cotrijal Nei M\u00e2nica.<\/p>\n<p>Os encaminhamentos da Audi\u00eancia \u00e9 de que na semana que vem dever\u00e1 ocorrer um novo encontro com a presen\u00e7a de representantes das institui\u00e7\u00f5es financeiras para uma tentativa de avan\u00e7ar com uma extens\u00e3o no prazo para o pagamento das d\u00edvidas e que se tenha linhas de cr\u00e9dito diferenciados para os produtores do Rio Grande do Sul conseguirem fazer uma boa lavoura de inverno para terem perspectiva de renda em 2025.<\/p>\n<p>Paulo Pires registrou que mesmo com a esperan\u00e7a de que medidas sejam anunciadas, todo o grupo retornou preocupado de Bras\u00edlia, ficando evidenciado que o Rio Grande do Sul n\u00e3o tem a aten\u00e7\u00e3o que necessita do Governo Federal.<\/p>\n<p>&nbsp;<\/p>\n<p>Assessoria de Comunica\u00e7\u00e3o e Marketing Coopatrigo<\/p>\n<\/div><\/div><\/div>\n\t\t\t\t<\/div><!-- .dslc-module -->\n\t\t<\/div><\/div><\/div><\/div><input type=\"hidden\" id=\"dslca-post-data-thumb\" value=\"https:\/\/www.coopatrigo.com.br\/novo\/wp-content\/uploads\/2025\/04\/ReuniaoentidadesdoagroeMinisteriodaFazenda-67fed2014e1fd.jpeg\" \/>","protected":false},"excerpt":{"rendered":"<p>Comitiva ga\u00facha retorna de Bras\u00edlia sem avan\u00e7os na solu\u00e7\u00e3o para o endividamento 16 de abril de 2025 A Audi\u00eancia no Minist\u00e9rio da Fazenda realizada por uma Comitiva Ga\u00facha na \u00faltima ter\u00e7a-feira em Bras\u00edlia, tentando uma sensibiliza\u00e7\u00e3o e o an\u00fancio de medidas que possam ajudar os produtores do Rio Grande do Sul a superarem o momento [&hellip;]<\/p>\n","protected":false},"author":5,"featured_media":49112,"comment_status":"open","ping_status":"open","sticky":false,"template":"","format":"standard","meta":{"_acf_changed":false,"footnotes":""},"categories":[1],"tags":[],"class_list":["post-49111","post","type-post","status-publish","format-standard","has-post-thumbnail","hentry","category-noticias"],"acf":[],"_links":{"self":[{"href":"https:\/\/www.coopatrigo.com.br\/novo\/wp-json\/wp\/v2\/posts\/49111","targetHints":{"allow":["GET"]}}],"collection":[{"href":"https:\/\/www.coopatrigo.com.br\/novo\/wp-json\/wp\/v2\/posts"}],"about":[{"href":"https:\/\/www.coopatrigo.com.br\/novo\/wp-json\/wp\/v2\/types\/post"}],"author":[{"embeddable":true,"href":"https:\/\/www.coopatrigo.com.br\/novo\/wp-json\/wp\/v2\/users\/5"}],"replies":[{"embeddable":true,"href":"https:\/\/www.coopatrigo.com.br\/novo\/wp-json\/wp\/v2\/comments?post=49111"}],"version-history":[{"count":0,"href":"https:\/\/www.coopatrigo.com.br\/novo\/wp-json\/wp\/v2\/posts\/49111\/revisions"}],"wp:featuredmedia":[{"embeddable":true,"href":"https:\/\/www.coopatrigo.com.br\/novo\/wp-json\/wp\/v2\/media\/49112"}],"wp:attachment":[{"href":"https:\/\/www.coopatrigo.com.br\/novo\/wp-json\/wp\/v2\/media?parent=49111"}],"wp:term":[{"taxonomy":"category","embeddable":true,"href":"https:\/\/www.coopatrigo.com.br\/novo\/wp-json\/wp\/v2\/categories?post=49111"},{"taxonomy":"post_tag","embeddable":true,"href":"https:\/\/www.coopatrigo.com.br\/novo\/wp-json\/wp\/v2\/tags?post=49111"}],"curies":[{"name":"wp","href":"https:\/\/api.w.org\/{rel}","templated":true}]}}