{"id":50731,"date":"2025-08-05T11:40:05","date_gmt":"2025-08-05T14:40:05","guid":{"rendered":"https:\/\/www.coopatrigo.com.br\/novo\/?p=50731"},"modified":"2025-08-05T11:40:05","modified_gmt":"2025-08-05T14:40:05","slug":"seminario-fontes-de-vida-adote-uma-nascente-da-coopatrigo-sera-realizado-em-caibate","status":"publish","type":"post","link":"https:\/\/www.coopatrigo.com.br\/novo\/2025\/08\/05\/seminario-fontes-de-vida-adote-uma-nascente-da-coopatrigo-sera-realizado-em-caibate\/","title":{"rendered":"Semin\u00e1rio Fontes de Vida: Adote uma Nascente da Coopatrigo ser\u00e1 realizado em Caibat\u00e9"},"content":{"rendered":"<div id=\"dslc-theme-content\"><div id=\"dslc-theme-content-inner\"><p>A Coopatrigo definiu o local e data para a realiza\u00e7\u00e3o de mais um Semin\u00e1rio Fontes de Vida: Adote uma Nascente, o qual ser\u00e1 desenvolvido no pr\u00f3ximo dia 11 de agosto a partir das 13h30min na localidade da Vista Alegre, interior de Caibat\u00e9.<\/p>\n<p>Nesta segunda-feira, um grupo representando a Coopatrigo e a Emater, que \u00e9 parceira da Cooperativa na realiza\u00e7\u00e3o destes Semin\u00e1rios, esteve realizando uma visita ao Prefeito Municipal de Caibat\u00e9, Daniel Herter, oficializando a realiza\u00e7\u00e3o do Semin\u00e1rio no munic\u00edpio e convidando a Administra\u00e7\u00e3o Municipal para ser parceira na realiza\u00e7\u00e3o do evento.<\/p>\n<p>O Prefeito Daniel Herter prontamente confirmou apoio a realiza\u00e7\u00e3o do evento, se comprometendo a mobilizar produtores da regi\u00e3o a participarem do Semin\u00e1rio.<\/p>\n<p>A Coopatrigo tamb\u00e9m enviou convites para o Sindicato dos Trabalhadores Rurais, Cermiss\u00f5es e aos Munic\u00edpios de Mato Queimado e Rolador, j\u00e1 que a comunidade da Vista Alegre foi uma escolha estrat\u00e9gica, possibilitando participa\u00e7\u00e3o dos tr\u00eas munic\u00edpios, para prestigiarem a realiza\u00e7\u00e3o do Semin\u00e1rio.<\/p>\n<p>Para a realiza\u00e7\u00e3o destes Semin\u00e1rios, com a inten\u00e7\u00e3o de conscientizar produtores sobre a import\u00e2ncia da correta preserva\u00e7\u00e3o das nascentes de \u00e1gua, a Coopatrigo est\u00e1 recebendo dois importantes apoios, do Fundo Social do Sescoop\/RS e da Emater\/RS, que j\u00e1 possui um trabalho dos seus extensionistas na preserva\u00e7\u00e3o das nascentes.<\/p>\n<p>O ciclo de encontros promovidos pela Coopatrigo ter\u00e1 o seu encerramento dentro da ExpoS\u00e3o Luiz 2025.<\/p>\n<p>Essa ser\u00e1 programa\u00e7\u00e3o de Palestras do Semin\u00e1rio Fontes de Vida: Adote uma Nascente:<\/p>\n<p>\ud83d\udd39 Paulo Pires (Presidente Coopatrigo) \u2013 O diferencial do sistema cooperativo: provocando a discuss\u00e3o de temas relevantes e promovendo a sustentabilidade.<\/p>\n<p>\ud83d\udd39 Carine Zambonato \u2013 Preserva\u00e7\u00e3o do Meio Ambiente: Que planeta queremos para as futuras gera\u00e7\u00f5es?<\/p>\n<p>Bi\u00f3loga e Embaixadora do Lixo Zero.<\/p>\n<p>\ud83d\udd39 Lizete Maria Primaz (Emater\/RS) \u2013 Nascentes: garantia de \u00e1gua em qualidade e quantidade para as propriedades rurais.<\/p>\n<p>\ud83d\udd39 Tiago Moroni de Souza \u2013 O Despertar do Esp\u00edrito Cooperativista<\/p>\n<p>Especialista em Gest\u00e3o de Pessoas para Organiza\u00e7\u00f5es Cooperativas.<\/p>\n<p>&nbsp;<\/p>\n<p>Assessoria de Comunica\u00e7\u00e3o e Marketing<\/p>\n<\/div><\/div>","protected":false},"excerpt":{"rendered":"<p>A Coopatrigo definiu o local e data para a realiza\u00e7\u00e3o de mais um Semin\u00e1rio Fontes de Vida: Adote uma Nascente, o qual ser\u00e1 desenvolvido no pr\u00f3ximo dia 11 de agosto a partir das 13h30min na localidade da Vista Alegre, interior de Caibat\u00e9. Nesta segunda-feira, um grupo representando a Coopatrigo e a Emater, que \u00e9 parceira [&hellip;]<\/p>\n","protected":false},"author":5,"featured_media":50732,"comment_status":"open","ping_status":"open","sticky":false,"template":"","format":"standard","meta":{"_acf_changed":false,"footnotes":""},"categories":[1],"tags":[],"class_list":["post-50731","post","type-post","status-publish","format-standard","has-post-thumbnail","hentry","category-noticias"],"acf":[],"_links":{"self":[{"href":"https:\/\/www.coopatrigo.com.br\/novo\/wp-json\/wp\/v2\/posts\/50731","targetHints":{"allow":["GET"]}}],"collection":[{"href":"https:\/\/www.coopatrigo.com.br\/novo\/wp-json\/wp\/v2\/posts"}],"about":[{"href":"https:\/\/www.coopatrigo.com.br\/novo\/wp-json\/wp\/v2\/types\/post"}],"author":[{"embeddable":true,"href":"https:\/\/www.coopatrigo.com.br\/novo\/wp-json\/wp\/v2\/users\/5"}],"replies":[{"embeddable":true,"href":"https:\/\/www.coopatrigo.com.br\/novo\/wp-json\/wp\/v2\/comments?post=50731"}],"version-history":[{"count":0,"href":"https:\/\/www.coopatrigo.com.br\/novo\/wp-json\/wp\/v2\/posts\/50731\/revisions"}],"wp:featuredmedia":[{"embeddable":true,"href":"https:\/\/www.coopatrigo.com.br\/novo\/wp-json\/wp\/v2\/media\/50732"}],"wp:attachment":[{"href":"https:\/\/www.coopatrigo.com.br\/novo\/wp-json\/wp\/v2\/media?parent=50731"}],"wp:term":[{"taxonomy":"category","embeddable":true,"href":"https:\/\/www.coopatrigo.com.br\/novo\/wp-json\/wp\/v2\/categories?post=50731"},{"taxonomy":"post_tag","embeddable":true,"href":"https:\/\/www.coopatrigo.com.br\/novo\/wp-json\/wp\/v2\/tags?post=50731"}],"curies":[{"name":"wp","href":"https:\/\/api.w.org\/{rel}","templated":true}]}}