{"id":51518,"date":"2025-09-16T11:37:44","date_gmt":"2025-09-16T14:37:44","guid":{"rendered":"https:\/\/www.coopatrigo.com.br\/novo\/?p=51518"},"modified":"2025-09-16T11:37:44","modified_gmt":"2025-09-16T14:37:44","slug":"coopatrigo-recebe-visita-da-promotora-de-justica-de-santo-angelo-paula-regina-mohr","status":"publish","type":"post","link":"https:\/\/www.coopatrigo.com.br\/novo\/2025\/09\/16\/coopatrigo-recebe-visita-da-promotora-de-justica-de-santo-angelo-paula-regina-mohr\/","title":{"rendered":"Coopatrigo recebe visita da Promotora de Justi\u00e7a de Santo \u00c2ngelo Paula Regina Mohr"},"content":{"rendered":"<div id=\"dslc-main\">\n\t\t<div  class=\"dslc-modules-section \" style=\"padding-bottom:30px;padding-top:30px;background-color:#16452c;background-image:url(https:\/\/www.coopatrigo.com.br\/novo\/wp-content\/uploads\/2021\/02\/bg.png);background-position:center center;\" data-section-id=\"74a23622ed4\">\n\t\t\t\t\n\t\t\t\t\n\t\t\t\t<div class=\"dslc-modules-section-wrapper dslc-clearfix\"><div class=\"dslc-modules-area dslc-col dslc-12-col dslc-last-col dslc-valign- \" data-size=\"12\" data-valign=\"\">\n\t\t<div id=\"dslc-module-24\" class=\"dslc-module-front dslc-module-DSLC_TP_Title dslc-in-viewport-check dslc-in-viewport-anim-none  dslc-col dslc-12-col dslc-last-col  dslc-module-handle-like-regular \" data-module-id=\"24\" data-module=\"DSLC_TP_Title\" data-dslc-module-size=\"12\" data-dslc-anim=\"none\" data-dslc-anim-delay=\"\" data-dslc-anim-duration=\"650\"  data-dslc-anim-easing=\"ease\" data-dslc-preset=\"none\" >\n\n\t\t\t\n\t\t\t\n\t\t\r\n\t\t\t\t<div class=\"dslc-tp-title\"><h1>Coopatrigo recebe visita da Promotora de Justi\u00e7a de Santo \u00c2ngelo Paula Regina Mohr<\/h1><\/div>\r\n\r\n\t\t\t\n\t\t\t\t<\/div><!-- .dslc-module -->\n\t\t\n\t\t<div id=\"dslc-module-25\" class=\"dslc-module-front dslc-module-DSLC_TP_Meta dslc-in-viewport-check dslc-in-viewport-anim-none  dslc-col dslc-12-col dslc-last-col  dslc-module-handle-like-regular \" data-module-id=\"25\" data-module=\"DSLC_TP_Meta\" data-dslc-module-size=\"12\" data-dslc-anim=\"none\" data-dslc-anim-delay=\"\" data-dslc-anim-duration=\"650\"  data-dslc-anim-easing=\"ease\" data-dslc-preset=\"none\" >\n\n\t\t\t\n\t\t\t\n\t\t\r\n\t\t\t\t<div class=\"dslc-tp-meta dslc-tp-meta-horizontal\">\r\n\t\t\t\t\t<ul class=\"dslc-clearfix\">\r\n\r\n\t\t\t\t\t\t\t\t\t\t\t\t\t<li>16 de setembro de 2025<\/li>\r\n\t\t\t\t\t\t\r\n\t\t\t\t\t\t\r\n\t\t\t\t\t\t\r\n\t\t\t\t\t\t\r\n\t\t\t\t\t\t\r\n\t\t\t\t\t<\/ul>\r\n\t\t\t\t<\/div>\r\n\r\n\t\t\t\n\t\t\t\t<\/div><!-- .dslc-module -->\n\t\t<\/div><\/div><\/div>\n\t\t<div  class=\"dslc-modules-section \" style=\"padding-bottom:30px;padding-top:30px;background-color:rgba(230, 230, 230, 0);border-color:rgb(230, 230, 230);border-top-style: hidden; border-right-style: hidden; border-bottom-style: hidden; border-left-style: hidden; \" data-section-id=\"2b557989cda\">\n\t\t\t\t\n\t\t\t\t\n\t\t\t\t<div class=\"dslc-modules-section-wrapper dslc-clearfix\"><div class=\"dslc-modules-area dslc-col dslc-1-col dslc-first-col dslc-valign-undefined \" data-size=\"1\" data-valign=\"undefined\"><\/div><div class=\"dslc-modules-area dslc-col dslc-10-col  dslc-valign- \" data-size=\"10\" data-valign=\"\">\n\t\t<div id=\"dslc-module-a7d04abcf7f\" class=\"dslc-module-front dslc-module-DSLC_TP_Thumbnail dslc-in-viewport-check dslc-in-viewport-anim-none  dslc-col dslc-12-col dslc-last-col  dslc-module-handle-like-regular \" data-module-id=\"a7d04abcf7f\" data-module=\"DSLC_TP_Thumbnail\" data-dslc-module-size=\"12\" data-dslc-anim=\"none\" data-dslc-anim-delay=\"\" data-dslc-anim-duration=\"650\"  data-dslc-anim-easing=\"ease\" data-dslc-preset=\"none\" >\n\n\t\t\t\n\t\t\t\n\t\t\r\n\t\t\t<div class=\"dslc-tp-thumbnail\">\r\n\t\t\t\t\t\t\t\t\t\t\t\t\t\t\t<img width=\"1080\" height=\"608\" src=\"https:\/\/www.coopatrigo.com.br\/novo\/wp-content\/uploads\/2025\/09\/Promotora.jpg\" class=\"attachment-full size-full wp-post-image\" alt=\"\" title=\"Promotora\" srcset=\"https:\/\/www.coopatrigo.com.br\/novo\/wp-content\/uploads\/2025\/09\/Promotora.jpg 1080w, https:\/\/www.coopatrigo.com.br\/novo\/wp-content\/uploads\/2025\/09\/Promotora-300x169.jpg 300w, https:\/\/www.coopatrigo.com.br\/novo\/wp-content\/uploads\/2025\/09\/Promotora-1024x576.jpg 1024w, https:\/\/www.coopatrigo.com.br\/novo\/wp-content\/uploads\/2025\/09\/Promotora-768x432.jpg 768w\" sizes=\"(max-width: 1080px) 100vw, 1080px\" \/>\t\t\t\t\t\t\t\t\t\t\t\t<\/div>\r\n\r\n\t\t\r\n\t\t\n\t\t\t\t<\/div><!-- .dslc-module -->\n\t\t\n\t\t<div id=\"dslc-module-26\" class=\"dslc-module-front dslc-module-DSLC_TP_Content dslc-in-viewport-check dslc-in-viewport-anim-none  dslc-col dslc-12-col dslc-last-col  dslc-module-handle-like-regular \" data-module-id=\"26\" data-module=\"DSLC_TP_Content\" data-dslc-module-size=\"12\" data-dslc-anim=\"none\" data-dslc-anim-delay=\"\" data-dslc-anim-duration=\"650\"  data-dslc-anim-easing=\"ease\" data-dslc-preset=\"none\" >\n\n\t\t\t\n\t\t\t\n\t\t<div class=\"dslc-tp-content\"><div id=\"dslc-theme-content\"><div id=\"dslc-theme-content-inner\"><p>O Presidente da Coopatrigo Paulo Pires esteve recebendo a visita ilustre da Promotora de Justi\u00e7a de Santo \u00c2ngelo, Paula Regina Mohr, que veio conhecer mais sobre o Projeto Fontes de Vida: Adote uma Nascente que est\u00e1 sendo desenvolvido pela Cooperativa na sua \u00e1rea de abrang\u00eancia, j\u00e1 que ela atrav\u00e9s do Minist\u00e9rio P\u00fablico tamb\u00e9m desenvolve um trabalho semelhante na regi\u00e3o de Santo \u00c2ngelo.<\/p>\n<p>Paula Regina Mohr explicou que em Santo \u00c2ngelo \u00e9 desenvolvido o Projeto de Prote\u00e7\u00e3o de Nascentes, por meio do Programa Especial de Pagamento por Servi\u00e7os Ambientais H\u00eddricos (PPSA), parceria entre o MPRS, Munic\u00edpio de Santo \u00c2ngelo, Emater e Corsan e j\u00e1 foram realizados diversos trabalhos de recupera\u00e7\u00e3o e prote\u00e7\u00e3o de nascentes. \u201cAcompanhamos algumas not\u00edcias sobre o trabalho da Coopatrigo aqui na regi\u00e3o e por isso estamos pessoalmente aqui para parabenizar essa Cooperativa, pois s\u00e3o a\u00e7\u00f5es como essas que fazem a diferen\u00e7a para as fam\u00edlias que dependem dessa \u00e1gua e para o fortalecimento dos recursos h\u00eddricos da regi\u00e3o\u201d afirmou a Promotora de Justi\u00e7a.<\/p>\n<p>O Presidente da Coopatrigo, Paulo Pires, explicou \u00e0 promotora Paula Regina Mohr que o Projeto Fontes de Vida: Adote uma nascente \u00e9 origin\u00e1rio de um Projeto de Conscientiza\u00e7\u00e3o que a Coopatrigo possui para incentivar o produtor associado que tem nascentes em sua propriedade, a realizar esse trabalho, e em 2025 o Projeto ganhou um refor\u00e7o com o apoio do Fundo Social do Sescoop e da Emater e est\u00e3o sendo realizados esses Semin\u00e1rios Regionais de conscientiza\u00e7\u00e3o. \u201cFicamos satisfeitos que nossas a\u00e7\u00f5es, que visam tamb\u00e9m mostrar o diferencial do Sistema Cooperativo, tenham repercuss\u00e3o em \u00f3rg\u00e3os como o Minist\u00e9rio P\u00fablico, pois s\u00e3o a\u00e7\u00f5es que fazem a diferen\u00e7a na constru\u00e7\u00e3o de um mundo melhor\u201d, declarou Paulo Pires.<\/p>\n<p>Paulo Pires inclusive formulou o convite a Promotora de Justi\u00e7a, Paula Regina Mohr a participar da edi\u00e7\u00e3o especial que o Semin\u00e1rio Fontes de Vida: Adote uma nascente ter\u00e1 na programa\u00e7\u00e3o da Expo S\u00e3o Luiz, no dia 1\u00b0 de outubro, e ela j\u00e1 confirmou presen\u00e7a e inclusive ter\u00e1 um espa\u00e7o para destacar o trabalho que \u00e9 desenvolvido no Projeto de Prote\u00e7\u00e3o de Nascentes na regi\u00e3o de Santo \u00c2ngelo.<\/p>\n<p>&nbsp;<\/p>\n<p>Assessoria de Comunica\u00e7\u00e3o e Marketing<\/p>\n<\/div><\/div><\/div>\n\t\t\t\t<\/div><!-- .dslc-module -->\n\t\t<\/div><\/div><\/div><\/div><input type=\"hidden\" id=\"dslca-post-data-thumb\" value=\"https:\/\/www.coopatrigo.com.br\/novo\/wp-content\/uploads\/2025\/09\/Promotora.jpg\" \/>","protected":false},"excerpt":{"rendered":"<p>Coopatrigo recebe visita da Promotora de Justi\u00e7a de Santo \u00c2ngelo Paula Regina Mohr 16 de setembro de 2025 O Presidente da Coopatrigo Paulo Pires esteve recebendo a visita ilustre da Promotora de Justi\u00e7a de Santo \u00c2ngelo, Paula Regina Mohr, que veio conhecer mais sobre o Projeto Fontes de Vida: Adote uma Nascente que est\u00e1 sendo [&hellip;]<\/p>\n","protected":false},"author":5,"featured_media":51519,"comment_status":"open","ping_status":"open","sticky":false,"template":"","format":"standard","meta":{"_acf_changed":false,"footnotes":""},"categories":[1],"tags":[],"class_list":["post-51518","post","type-post","status-publish","format-standard","has-post-thumbnail","hentry","category-noticias"],"acf":[],"_links":{"self":[{"href":"https:\/\/www.coopatrigo.com.br\/novo\/wp-json\/wp\/v2\/posts\/51518","targetHints":{"allow":["GET"]}}],"collection":[{"href":"https:\/\/www.coopatrigo.com.br\/novo\/wp-json\/wp\/v2\/posts"}],"about":[{"href":"https:\/\/www.coopatrigo.com.br\/novo\/wp-json\/wp\/v2\/types\/post"}],"author":[{"embeddable":true,"href":"https:\/\/www.coopatrigo.com.br\/novo\/wp-json\/wp\/v2\/users\/5"}],"replies":[{"embeddable":true,"href":"https:\/\/www.coopatrigo.com.br\/novo\/wp-json\/wp\/v2\/comments?post=51518"}],"version-history":[{"count":1,"href":"https:\/\/www.coopatrigo.com.br\/novo\/wp-json\/wp\/v2\/posts\/51518\/revisions"}],"predecessor-version":[{"id":51520,"href":"https:\/\/www.coopatrigo.com.br\/novo\/wp-json\/wp\/v2\/posts\/51518\/revisions\/51520"}],"wp:featuredmedia":[{"embeddable":true,"href":"https:\/\/www.coopatrigo.com.br\/novo\/wp-json\/wp\/v2\/media\/51519"}],"wp:attachment":[{"href":"https:\/\/www.coopatrigo.com.br\/novo\/wp-json\/wp\/v2\/media?parent=51518"}],"wp:term":[{"taxonomy":"category","embeddable":true,"href":"https:\/\/www.coopatrigo.com.br\/novo\/wp-json\/wp\/v2\/categories?post=51518"},{"taxonomy":"post_tag","embeddable":true,"href":"https:\/\/www.coopatrigo.com.br\/novo\/wp-json\/wp\/v2\/tags?post=51518"}],"curies":[{"name":"wp","href":"https:\/\/api.w.org\/{rel}","templated":true}]}}