{"id":52424,"date":"2025-10-27T11:44:18","date_gmt":"2025-10-27T14:44:18","guid":{"rendered":"https:\/\/www.coopatrigo.com.br\/novo\/?p=52424"},"modified":"2025-10-27T11:44:18","modified_gmt":"2025-10-27T14:44:18","slug":"coopatrigo-e-homenageada-na-celebracao-dos-90-anos-da-warpol","status":"publish","type":"post","link":"https:\/\/www.coopatrigo.com.br\/novo\/2025\/10\/27\/coopatrigo-e-homenageada-na-celebracao-dos-90-anos-da-warpol\/","title":{"rendered":"Coopatrigo \u00e9 homenageada na celebra\u00e7\u00e3o dos 90 anos da Warpol"},"content":{"rendered":"<div id=\"dslc-theme-content\"><div id=\"dslc-theme-content-inner\"><p>Nesta quinta-feira, 22\/10, a Coopatrigo foi homenageada durante a cerim\u00f4nia de comemora\u00e7\u00e3o dos 90 anos da Warpol, ind\u00fastria de \u00f3leos sediada em Guarani das Miss\u00f5es, pioneira na produ\u00e7\u00e3o de \u00f3leo de girassol, canola e no esmagamento de soja.<\/p>\n<p>O presidente Paulo Pires, acompanhado do Diretor de Gr\u00e3os Adriano Carlotto, destacou a import\u00e2ncia dessa parceria hist\u00f3rica, que h\u00e1 d\u00e9cadas contribui para o fortalecimento da cadeia produtiva do agro ga\u00facho:<\/p>\n<p>\u201cFoi uma honra participar desse momento e receber esse reconhecimento. A fam\u00edlia Warpechowski mant\u00e9m viva, h\u00e1 quatro gera\u00e7\u00f5es, uma ind\u00fastria essencial para o nosso setor. A homenagem \u00e0 Coopatrigo refor\u00e7a a import\u00e2ncia do cooperativismo e o papel que desempenhamos no desenvolvimento do agroneg\u00f3cio do Rio Grande do Sul.\u201d<\/p>\n<p>Em nome do presidente, dos associados e colaboradores, a Coopatrigo agradece \u00e0 Warpol pelo reconhecimento e parabeniza essa importante ind\u00fastria familiar pelos seus 90 anos de hist\u00f3ria, trabalho e dedica\u00e7\u00e3o ao agro.<\/p>\n<p>Assessoria de Comunica\u00e7\u00e3o e Marketing<\/p>\n<\/div><\/div>","protected":false},"excerpt":{"rendered":"<p>Nesta quinta-feira, 22\/10, a Coopatrigo foi homenageada durante a cerim\u00f4nia de comemora\u00e7\u00e3o dos 90 anos da Warpol, ind\u00fastria de \u00f3leos sediada em Guarani das Miss\u00f5es, pioneira na produ\u00e7\u00e3o de \u00f3leo de girassol, canola e no esmagamento de soja. O presidente Paulo Pires, acompanhado do Diretor de Gr\u00e3os Adriano Carlotto, destacou a import\u00e2ncia dessa parceria hist\u00f3rica, [&hellip;]<\/p>\n","protected":false},"author":5,"featured_media":52426,"comment_status":"open","ping_status":"open","sticky":false,"template":"","format":"standard","meta":{"_acf_changed":false,"footnotes":""},"categories":[1],"tags":[],"class_list":["post-52424","post","type-post","status-publish","format-standard","has-post-thumbnail","hentry","category-noticias"],"acf":[],"_links":{"self":[{"href":"https:\/\/www.coopatrigo.com.br\/novo\/wp-json\/wp\/v2\/posts\/52424","targetHints":{"allow":["GET"]}}],"collection":[{"href":"https:\/\/www.coopatrigo.com.br\/novo\/wp-json\/wp\/v2\/posts"}],"about":[{"href":"https:\/\/www.coopatrigo.com.br\/novo\/wp-json\/wp\/v2\/types\/post"}],"author":[{"embeddable":true,"href":"https:\/\/www.coopatrigo.com.br\/novo\/wp-json\/wp\/v2\/users\/5"}],"replies":[{"embeddable":true,"href":"https:\/\/www.coopatrigo.com.br\/novo\/wp-json\/wp\/v2\/comments?post=52424"}],"version-history":[{"count":1,"href":"https:\/\/www.coopatrigo.com.br\/novo\/wp-json\/wp\/v2\/posts\/52424\/revisions"}],"predecessor-version":[{"id":52427,"href":"https:\/\/www.coopatrigo.com.br\/novo\/wp-json\/wp\/v2\/posts\/52424\/revisions\/52427"}],"wp:featuredmedia":[{"embeddable":true,"href":"https:\/\/www.coopatrigo.com.br\/novo\/wp-json\/wp\/v2\/media\/52426"}],"wp:attachment":[{"href":"https:\/\/www.coopatrigo.com.br\/novo\/wp-json\/wp\/v2\/media?parent=52424"}],"wp:term":[{"taxonomy":"category","embeddable":true,"href":"https:\/\/www.coopatrigo.com.br\/novo\/wp-json\/wp\/v2\/categories?post=52424"},{"taxonomy":"post_tag","embeddable":true,"href":"https:\/\/www.coopatrigo.com.br\/novo\/wp-json\/wp\/v2\/tags?post=52424"}],"curies":[{"name":"wp","href":"https:\/\/api.w.org\/{rel}","templated":true}]}}