{"id":54398,"date":"2026-03-09T16:43:28","date_gmt":"2026-03-09T19:43:28","guid":{"rendered":"https:\/\/www.coopatrigo.com.br\/novo\/?p=54398"},"modified":"2026-03-09T16:43:28","modified_gmt":"2026-03-09T19:43:28","slug":"paulo-pires-e-homenageado-no-jantar-de-abertura-da-expodireto-com-o-trofeu-brasil-lideranca-cooperativa","status":"publish","type":"post","link":"https:\/\/www.coopatrigo.com.br\/novo\/2026\/03\/09\/paulo-pires-e-homenageado-no-jantar-de-abertura-da-expodireto-com-o-trofeu-brasil-lideranca-cooperativa\/","title":{"rendered":"Paulo Pires \u00e9 homenageado no Jantar de Abertura da Expodireto com o Trof\u00e9u Brasil Lideran\u00e7a Cooperativa"},"content":{"rendered":"<div id=\"dslc-main\">\n\t\t<div  class=\"dslc-modules-section \" style=\"padding-bottom:30px;padding-top:30px;background-color:#16452c;background-image:url(https:\/\/www.coopatrigo.com.br\/novo\/wp-content\/uploads\/2021\/02\/bg.png);background-position:center center;\" data-section-id=\"74a23622ed4\">\n\t\t\t\t\n\t\t\t\t\n\t\t\t\t<div class=\"dslc-modules-section-wrapper dslc-clearfix\"><div class=\"dslc-modules-area dslc-col dslc-12-col dslc-last-col dslc-valign- \" data-size=\"12\" data-valign=\"\">\n\t\t<div id=\"dslc-module-24\" class=\"dslc-module-front dslc-module-DSLC_TP_Title dslc-in-viewport-check dslc-in-viewport-anim-none  dslc-col dslc-12-col dslc-last-col  dslc-module-handle-like-regular \" data-module-id=\"24\" data-module=\"DSLC_TP_Title\" data-dslc-module-size=\"12\" data-dslc-anim=\"none\" data-dslc-anim-delay=\"\" data-dslc-anim-duration=\"650\"  data-dslc-anim-easing=\"ease\" data-dslc-preset=\"none\" >\n\n\t\t\t\n\t\t\t\n\t\t\r\n\t\t\t\t<div class=\"dslc-tp-title\"><h1>Paulo Pires \u00e9 homenageado no Jantar de Abertura da Expodireto com o Trof\u00e9u Brasil Lideran\u00e7a Cooperativa<\/h1><\/div>\r\n\r\n\t\t\t\n\t\t\t\t<\/div><!-- .dslc-module -->\n\t\t\n\t\t<div id=\"dslc-module-25\" class=\"dslc-module-front dslc-module-DSLC_TP_Meta dslc-in-viewport-check dslc-in-viewport-anim-none  dslc-col dslc-12-col dslc-last-col  dslc-module-handle-like-regular \" data-module-id=\"25\" data-module=\"DSLC_TP_Meta\" data-dslc-module-size=\"12\" data-dslc-anim=\"none\" data-dslc-anim-delay=\"\" data-dslc-anim-duration=\"650\"  data-dslc-anim-easing=\"ease\" data-dslc-preset=\"none\" >\n\n\t\t\t\n\t\t\t\n\t\t\r\n\t\t\t\t<div class=\"dslc-tp-meta dslc-tp-meta-horizontal\">\r\n\t\t\t\t\t<ul class=\"dslc-clearfix\">\r\n\r\n\t\t\t\t\t\t\t\t\t\t\t\t\t<li>9 de mar\u00e7o de 2026<\/li>\r\n\t\t\t\t\t\t\r\n\t\t\t\t\t\t\r\n\t\t\t\t\t\t\r\n\t\t\t\t\t\t\r\n\t\t\t\t\t\t\r\n\t\t\t\t\t<\/ul>\r\n\t\t\t\t<\/div>\r\n\r\n\t\t\t\n\t\t\t\t<\/div><!-- .dslc-module -->\n\t\t<\/div><\/div><\/div>\n\t\t<div  class=\"dslc-modules-section \" style=\"padding-bottom:30px;padding-top:30px;background-color:rgba(230, 230, 230, 0);border-color:rgb(230, 230, 230);border-top-style: hidden; border-right-style: hidden; border-bottom-style: hidden; border-left-style: hidden; \" data-section-id=\"2b557989cda\">\n\t\t\t\t\n\t\t\t\t\n\t\t\t\t<div class=\"dslc-modules-section-wrapper dslc-clearfix\"><div class=\"dslc-modules-area dslc-col dslc-1-col dslc-first-col dslc-valign-undefined \" data-size=\"1\" data-valign=\"undefined\"><\/div><div class=\"dslc-modules-area dslc-col dslc-10-col  dslc-valign- \" data-size=\"10\" data-valign=\"\">\n\t\t<div id=\"dslc-module-a7d04abcf7f\" class=\"dslc-module-front dslc-module-DSLC_TP_Thumbnail dslc-in-viewport-check dslc-in-viewport-anim-none  dslc-col dslc-12-col dslc-last-col  dslc-module-handle-like-regular \" data-module-id=\"a7d04abcf7f\" data-module=\"DSLC_TP_Thumbnail\" data-dslc-module-size=\"12\" data-dslc-anim=\"none\" data-dslc-anim-delay=\"\" data-dslc-anim-duration=\"650\"  data-dslc-anim-easing=\"ease\" data-dslc-preset=\"none\" >\n\n\t\t\t\n\t\t\t\n\t\t\r\n\t\t\t<div class=\"dslc-tp-thumbnail\">\r\n\t\t\t\t\t\t\t\t\t\t\t\t\t\t\t<img width=\"1080\" height=\"615\" src=\"https:\/\/www.coopatrigo.com.br\/novo\/wp-content\/uploads\/2026\/03\/Paulo-Pires.jpg\" class=\"attachment-full size-full wp-post-image\" alt=\"\" title=\"Paulo Pires\" srcset=\"https:\/\/www.coopatrigo.com.br\/novo\/wp-content\/uploads\/2026\/03\/Paulo-Pires.jpg 1080w, https:\/\/www.coopatrigo.com.br\/novo\/wp-content\/uploads\/2026\/03\/Paulo-Pires-300x171.jpg 300w, https:\/\/www.coopatrigo.com.br\/novo\/wp-content\/uploads\/2026\/03\/Paulo-Pires-1024x583.jpg 1024w, https:\/\/www.coopatrigo.com.br\/novo\/wp-content\/uploads\/2026\/03\/Paulo-Pires-768x437.jpg 768w\" sizes=\"(max-width: 1080px) 100vw, 1080px\" \/>\t\t\t\t\t\t\t\t\t\t\t\t<\/div>\r\n\r\n\t\t\r\n\t\t\n\t\t\t\t<\/div><!-- .dslc-module -->\n\t\t\n\t\t<div id=\"dslc-module-26\" class=\"dslc-module-front dslc-module-DSLC_TP_Content dslc-in-viewport-check dslc-in-viewport-anim-none  dslc-col dslc-12-col dslc-last-col  dslc-module-handle-like-regular \" data-module-id=\"26\" data-module=\"DSLC_TP_Content\" data-dslc-module-size=\"12\" data-dslc-anim=\"none\" data-dslc-anim-delay=\"\" data-dslc-anim-duration=\"650\"  data-dslc-anim-easing=\"ease\" data-dslc-preset=\"none\" >\n\n\t\t\t\n\t\t\t\n\t\t<div class=\"dslc-tp-content\"><div id=\"dslc-theme-content\"><div id=\"dslc-theme-content-inner\"><p>O Presidente da Coopatrigo, Paulo Pires, que tamb\u00e9m preside a Fecoagro\/RS foi um dos homenageados na noite deste domingo em jantar de abertura da Expodireto, recebendo o Trof\u00e9u Brasil como Lideran\u00e7a Cooperativa.<\/p>\n<p>O Trof\u00e9u Brasil Expodireto se consolidou como uma das distin\u00e7\u00f5es mais respeitadas do setor, por reconhecer n\u00e3o apenas resultados econ\u00f4micos, mas tamb\u00e9m valores como inova\u00e7\u00e3o, sustentabilidade e coopera\u00e7\u00e3o. O pr\u00eamio \u00e9 um incentivo para que empresas e lideran\u00e7as continuem investindo em solu\u00e7\u00f5es que garantam competitividade e posicionem o Brasil como protagonista nas cadeias globais de alimentos e tecnologia agr\u00edcola.<\/p>\n<p>Com a entrega dos trof\u00e9us, a Expodireto Cotrijal reafirma seu papel como vitrine do agroneg\u00f3cio brasileiro e espa\u00e7o de reconhecimento das iniciativas que moldam o futuro do setor.<\/p>\n<p>O Presidente da Coopatrigo Paulo Pires registrou que foi uma grande honra receber essa homenagem, e que est\u00e1 dividindo esse merecimento com todo o quadro social da Coopatrigo.<\/p>\n<p>Esses foram todos os homenageados com o Trof\u00e9u Brasil:<\/p>\n<ul>\n<li><strong>Agroind\u00fastria Familiar: Api\u00e1rios Paulinelli \u2013 Alisson Paulinelli.<\/strong><\/li>\n<li><strong>Jovem Produtor Rural: Thiago Luiz Wiedhauper \u2013 Fazenda Cruzinha.<\/strong><\/li>\n<li><strong>Produtor Rural: H\u00e9lio \u00c2ngelo Lodi \u2013 Fazenda Guairac\u00e1.<\/strong><\/li>\n<li><strong>Produ\u00e7\u00e3o Animal: Dakar \u2013 Igor Quirrenbach.<\/strong><\/li>\n<li><strong>Pesquisa: Evaristo Eduardo Miranda.<\/strong><br \/>\n<strong>Intercoopera\u00e7\u00e3o: Soli 3 \u2013 Nei C\u00e9sar M\u00e2nica (Cotrijal), Walter Vontobel (Cotrisal) e Tiago Sartori (Cotripal).<\/strong><\/li>\n<li><strong>Sustentabilidade: Biotrop \u2013 Carlos Alberto Baptista.<\/strong><\/li>\n<li><strong>Prote\u00e7\u00e3o de Cultivos: Syngenta \u2013 Andr\u00e9 Savino.<\/strong><br \/>\n<strong>Gest\u00e3o Ambiental: Be8 \u2013 Erasmo Carlos Batistella.<\/strong><\/li>\n<li><strong>Ind\u00fastria de M\u00e1quinas e Implementos Agr\u00edcolas: Ingrid Saur.<\/strong><\/li>\n<li><strong>Cooperativismo: Casa Cooperativa \u2013 Heloisa Helena Lopes.<\/strong><\/li>\n<li><strong>Destaque Internacional: IFW Expo \u2013 Irene Sofie Ziegler.<\/strong><\/li>\n<li><strong>Destaque Regional: Fl\u00e1vio Luiz Lammel \u2013 Badesul.<\/strong><\/li>\n<li><strong>Institui\u00e7\u00e3o Financeira: BNDES \u2013 Marcelo Porteiro.<\/strong><\/li>\n<li><strong>Lideran\u00e7a Empresarial: Gilmar Veloz.<\/strong><\/li>\n<li><strong>Atividade Empresarial: Carlos Augusto Melke \u2013 Ulbra.<\/strong><\/li>\n<li><strong>Lideran\u00e7a Cooperativa: Paulo Pires \u2013 Fecoagro\/RS.<\/strong><\/li>\n<li><strong>Atividade P\u00fablica: Artur Lemos \u2013 Casa Civil.<\/strong><br \/>\n<strong>Lideran\u00e7a do Agro Ga\u00facho: Edivilson Brum \u2013<\/strong><\/li>\n<li><strong>Secretaria da Agricultura do RS.<\/strong><br \/>\n<strong>Lideran\u00e7a Parlamentar Ga\u00facha: S\u00e9rgio Peres \u2013 Assembleia Legislativa do RS.<\/strong><\/li>\n<li><strong>Personalidade do Agro Nacional: Blairo Maggi \u2013 ex-ministro da Agricultura.<\/strong><\/li>\n<li><strong>Destaque Especial: Luis Cl\u00e1udio de Mattos Basto \u2013 Comandante Militar do Sul.<\/strong><\/li>\n<li><strong>Personalidade Nacional: Michel Temer \u2013 Presidente da Rep\u00fablica.<\/strong><\/li>\n<\/ul>\n<p>&nbsp;<\/p>\n<p>Assessoria de Comunica\u00e7\u00e3o e Marketing<\/p>\n<\/div><\/div><\/div>\n\t\t\t\t<\/div><!-- .dslc-module -->\n\t\t<\/div><\/div><\/div><\/div><input type=\"hidden\" id=\"dslca-post-data-thumb\" value=\"https:\/\/www.coopatrigo.com.br\/novo\/wp-content\/uploads\/2026\/03\/Paulo-Pires.jpg\" \/>","protected":false},"excerpt":{"rendered":"<p>Paulo Pires \u00e9 homenageado no Jantar de Abertura da Expodireto com o Trof\u00e9u Brasil Lideran\u00e7a Cooperativa 9 de mar\u00e7o de 2026 O Presidente da Coopatrigo, Paulo Pires, que tamb\u00e9m preside a Fecoagro\/RS foi um dos homenageados na noite deste domingo em jantar de abertura da Expodireto, recebendo o Trof\u00e9u Brasil como Lideran\u00e7a Cooperativa. O Trof\u00e9u [&hellip;]<\/p>\n","protected":false},"author":5,"featured_media":54399,"comment_status":"open","ping_status":"open","sticky":false,"template":"","format":"standard","meta":{"_acf_changed":false,"footnotes":""},"categories":[1],"tags":[],"class_list":["post-54398","post","type-post","status-publish","format-standard","has-post-thumbnail","hentry","category-noticias"],"acf":[],"_links":{"self":[{"href":"https:\/\/www.coopatrigo.com.br\/novo\/wp-json\/wp\/v2\/posts\/54398","targetHints":{"allow":["GET"]}}],"collection":[{"href":"https:\/\/www.coopatrigo.com.br\/novo\/wp-json\/wp\/v2\/posts"}],"about":[{"href":"https:\/\/www.coopatrigo.com.br\/novo\/wp-json\/wp\/v2\/types\/post"}],"author":[{"embeddable":true,"href":"https:\/\/www.coopatrigo.com.br\/novo\/wp-json\/wp\/v2\/users\/5"}],"replies":[{"embeddable":true,"href":"https:\/\/www.coopatrigo.com.br\/novo\/wp-json\/wp\/v2\/comments?post=54398"}],"version-history":[{"count":1,"href":"https:\/\/www.coopatrigo.com.br\/novo\/wp-json\/wp\/v2\/posts\/54398\/revisions"}],"predecessor-version":[{"id":54400,"href":"https:\/\/www.coopatrigo.com.br\/novo\/wp-json\/wp\/v2\/posts\/54398\/revisions\/54400"}],"wp:featuredmedia":[{"embeddable":true,"href":"https:\/\/www.coopatrigo.com.br\/novo\/wp-json\/wp\/v2\/media\/54399"}],"wp:attachment":[{"href":"https:\/\/www.coopatrigo.com.br\/novo\/wp-json\/wp\/v2\/media?parent=54398"}],"wp:term":[{"taxonomy":"category","embeddable":true,"href":"https:\/\/www.coopatrigo.com.br\/novo\/wp-json\/wp\/v2\/categories?post=54398"},{"taxonomy":"post_tag","embeddable":true,"href":"https:\/\/www.coopatrigo.com.br\/novo\/wp-json\/wp\/v2\/tags?post=54398"}],"curies":[{"name":"wp","href":"https:\/\/api.w.org\/{rel}","templated":true}]}}